{"id":247023,"date":"2025-11-20T21:45:10","date_gmt":"2025-11-20T21:45:10","guid":{"rendered":"https:\/\/www.europesays.com\/es\/247023\/"},"modified":"2025-11-20T21:45:10","modified_gmt":"2025-11-20T21:45:10","slug":"el-ciclismo-no-esta-limpio-seria-ingenuo-creerlo","status":"publish","type":"post","link":"https:\/\/www.europesays.com\/es\/247023\/","title":{"rendered":"\u201cEl ciclismo no est\u00e1 limpio, ser\u00eda ingenuo creerlo\u201d"},"content":{"rendered":"<p data-mrf-recirculation=\"Links P\u00e1rrafos\" class=\"ue-c-article__paragraph paragraph ue-c-article--first-letter-highlighted\">Marcel <strong>Kittel <\/strong>volvi\u00f3 a poner el dedo en la llaga en una charla sin filtros en el <strong>p\u00f3dcast Domestique Hotseat.<\/strong> El exciclista alem\u00e1n, una de las grandes referencias del sprint en la \u00faltima d\u00e9cada, repas\u00f3 c\u00f3mo vivi\u00f3 de joven el derrumbe del ciclismo tras los esc\u00e1ndalos de los 90 y los 2000, reflexion\u00f3 sobre el estado actual del deporte y lanz\u00f3 un aviso que no deja lugar a dudas: <strong>\u201cNo, el ciclismo no est\u00e1 limpio. Creer lo contrario ser\u00eda mirar hacia otro lado\u201d.<\/strong><\/p>\n<p data-mrf-recirculation=\"Links P\u00e1rrafos\" class=\"ue-c-article__paragraph paragraph\">Kittel creci\u00f3 en plena resaca del dopaje sistem\u00e1tico que sacudi\u00f3 al pelot\u00f3n. \u201cCuando pas\u00e9 a profesional, todas aquellas revelaciones ya hab\u00edan salido. Todo el mundo conoc\u00eda lo que hab\u00eda pasado\u201d, record\u00f3. En Alemania, el ambiente era especialmente hostil. \u201cHab\u00eda aficionados decepcionados que nos gritaban o incluso escup\u00edan. Yo era un chaval y pensaba: \u2018\u00bfQu\u00e9 tiene esto que ver conmigo?\u2019\u201d.<\/p>\n<p data-mrf-recirculation=\"Links P\u00e1rrafos\" class=\"ue-c-article__paragraph paragraph\">Aquel terremoto, asegura, fue un golpe mucho m\u00e1s profundo de lo que se quiso admitir. \u201cNo fue un simple morat\u00f3n. Fue como perder una pierna. Ese tema nunca desaparecer\u00e1\u201d. Pero tambi\u00e9n cree que aquella crisis permiti\u00f3, por fin, encarar la realidad. \u201cEra necesario. Nos oblig\u00f3 a hablar, a analizar de d\u00f3nde ven\u00eda todo aquello\u201d.<\/p>\n<p data-mrf-recirculation=\"Links P\u00e1rrafos\" class=\"ue-c-article__paragraph paragraph\">Sin embargo, Kittel rechaza cualquier tentaci\u00f3n de pensar que el problema qued\u00f3 enterrado. <strong>\u201cNo creo que el ciclismo est\u00e9 limpio ahora. En absoluto. Ser\u00eda ignorar la realidad\u201d, <\/strong>afirm\u00f3 con rotundidad. Para \u00e9l, el objetivo no debe ser fantasear con un deporte inmaculado, sino evitar que vuelvan estructuras organizadas de dopaje como las del pasado. \u201cSiempre habr\u00e1 quien intente hacer trampas. Lo importante es proteger lo que se ha conseguido y que los casos sean aislados\u201d.<\/p>\n<p data-mrf-recirculation=\"Links P\u00e1rrafos\" class=\"ue-c-article__paragraph paragraph\">El alem\u00e1n tambi\u00e9n se\u00f1al\u00f3 el contexto actual: presupuestos m\u00e1s altos, salarios mayores y tentaciones que pueden empujar a algunos corredores a cruzar l\u00edneas rojas. \u201cMuchos ven una oportunidad, no de enga\u00f1ar a alguien, sino de tener una vida mejor. Y eso tambi\u00e9n es un factor humano\u201d.<\/p>\n<p>No cree que los aficionados deban convertirse en detectives<\/p>\n<p data-mrf-recirculation=\"Links P\u00e1rrafos\" class=\"ue-c-article__paragraph paragraph\">Kittel no cree que los aficionados deban convertirse en detectives, pero s\u00ed defiende su derecho a dudar. <strong>\u201cNo les toca a ellos hacer funcionar el sistema. Otros tienen esa responsabilidad. Pero si un aficionado o un periodista siente que no puede confiar en algo, es leg\u00edtimo que lo exprese. Debe ser una se\u00f1al para revisar y comprobar\u201d.<\/strong><\/p>\n<p data-mrf-recirculation=\"Links P\u00e1rrafos\" class=\"ue-c-article__paragraph paragraph\">Eso s\u00ed, pide equilibrio: no convertir cada exhibici\u00f3n en un juicio sumar\u00edsimo. <strong>\u201cA veces subestimamos de d\u00f3nde vienen esas actuaciones incre\u00edbles. La preparaci\u00f3n, la planificaci\u00f3n, la innovaci\u00f3n\u2026 todo encaja en el d\u00eda perfecto\u201d.<\/strong> Celebrar el talento, insiste, no debe estar re\u00f1ido con mantener la guardia alta. \u201cNo hay que ser ingenuos, pero tampoco negar que existen deportistas capaces de algo extraordinario\u201d.<\/p>\n<p data-mrf-recirculation=\"Links P\u00e1rrafos\" class=\"ue-c-article__paragraph paragraph\">Kittel habla con la autoridad de quien vivi\u00f3 el final de una era oscura y el nacimiento de un ciclismo nuevo, m\u00e1s cient\u00edfico y controlado. Su mensaje final es un recordatorio para un deporte que nunca puede relajarse: el ciclismo es hoy mejor que antes, pero no est\u00e1 a salvo de repetir errores. Y solo seguir\u00e1 avanzando si contin\u00faa mir\u00e1ndose al espejo sin miedo.<\/p>\n","protected":false},"excerpt":{"rendered":"Marcel Kittel volvi\u00f3 a poner el dedo en la llaga en una charla sin filtros en el p\u00f3dcast&hellip;\n","protected":false},"author":2,"featured_media":247024,"comment_status":"","ping_status":"","sticky":false,"template":"","format":"standard","meta":{"footnotes":""},"categories":[273],"tags":[313,312,168,25,24,23,167],"class_list":{"0":"post-247023","1":"post","2":"type-post","3":"status-publish","4":"format-standard","5":"has-post-thumbnail","7":"category-ciclismo","8":"tag-ciclismo","9":"tag-cycling","10":"tag-deportes","11":"tag-es","12":"tag-espana","13":"tag-spain","14":"tag-sports"},"share_on_mastodon":{"url":"https:\/\/pubeurope.com\/@es\/115584219429917366","error":""},"_links":{"self":[{"href":"https:\/\/www.europesays.com\/es\/wp-json\/wp\/v2\/posts\/247023","targetHints":{"allow":["GET"]}}],"collection":[{"href":"https:\/\/www.europesays.com\/es\/wp-json\/wp\/v2\/posts"}],"about":[{"href":"https:\/\/www.europesays.com\/es\/wp-json\/wp\/v2\/types\/post"}],"author":[{"embeddable":true,"href":"https:\/\/www.europesays.com\/es\/wp-json\/wp\/v2\/users\/2"}],"replies":[{"embeddable":true,"href":"https:\/\/www.europesays.com\/es\/wp-json\/wp\/v2\/comments?post=247023"}],"version-history":[{"count":0,"href":"https:\/\/www.europesays.com\/es\/wp-json\/wp\/v2\/posts\/247023\/revisions"}],"wp:featuredmedia":[{"embeddable":true,"href":"https:\/\/www.europesays.com\/es\/wp-json\/wp\/v2\/media\/247024"}],"wp:attachment":[{"href":"https:\/\/www.europesays.com\/es\/wp-json\/wp\/v2\/media?parent=247023"}],"wp:term":[{"taxonomy":"category","embeddable":true,"href":"https:\/\/www.europesays.com\/es\/wp-json\/wp\/v2\/categories?post=247023"},{"taxonomy":"post_tag","embeddable":true,"href":"https:\/\/www.europesays.com\/es\/wp-json\/wp\/v2\/tags?post=247023"}],"curies":[{"name":"wp","href":"https:\/\/api.w.org\/{rel}","templated":true}]}}