{"id":247027,"date":"2025-11-20T21:48:19","date_gmt":"2025-11-20T21:48:19","guid":{"rendered":"https:\/\/www.europesays.com\/es\/247027\/"},"modified":"2025-11-20T21:48:19","modified_gmt":"2025-11-20T21:48:19","slug":"argentina-se-revuelve-contra-tebas-que-podemos-esperar","status":"publish","type":"post","link":"https:\/\/www.europesays.com\/es\/247027\/","title":{"rendered":"Argentina se revuelve contra Tebas: \u201c\u00bfQu\u00e9 podemos esperar&#8230;?\u201d"},"content":{"rendered":"<p class=\"\">La intervenci\u00f3n de <b>Javier Tebas<\/b>, presidente de <b>LaLiga<\/b>, en el <b>Ol\u00e9 Summit 2025<\/b>, que organiza el diario argentino, cre\u00f3 un profundo malestar en <b>Claudio <\/b><b>Chiqui<\/b><b> Tapia<\/b>, presidente de la <b>AFA <\/b>(Asociaci\u00f3n del F\u00fatbol Argentino), que le respondi\u00f3 en redes sociales. <\/p>\n<p class=\"\">\u201cSi yo pudiese tener un segundo pasaporte ser\u00eda argentino, me siento muy vinculado a este pa\u00eds. Por lo tanto, sigo mucho su f\u00fatbol y <b>sufro por c\u00f3mo est\u00e1<\/b>\u201c, expuso el presidente de LaLiga. \u201dLo primero que siento es <b>pena <\/b>porque un pa\u00eds con tanta pasi\u00f3n, aficionados y sentido de pertenencia no tiene un f\u00fatbol y clubes con un rendimiento que les permita convertirse en potencia mundial a nivel de clubes\u201d, asegur\u00f3 Tebas, cuyas palabras fueron reproducidas por el propio Diario Ol\u00e9 en sus redes sociales. <\/p>\n<p class=\"\">La respuesta de Chiqui Tapia no se hizo esperar y tambi\u00e9n lleg\u00f3 a trav\u00e9s de las redes: \u201cNuestro torneo no es una liga para pocos: es popular, competitivo y formador. <b>Menospreciarlo <\/b>es desconocer nuestra historia y el aporte que hacemos al f\u00fatbol mundial. \u00bf<b>Qu\u00e9 podemos esperar<\/b>, ahora, si <b>ya nos criticaste<\/b> incluso el Mundial de Clubes?\u201d.<\/p>\n<blockquote class=\"twitter-tweet\">\n<p lang=\"es\" dir=\"ltr\">Nuestro torneo no es una liga para pocos: es popular, competitivo y formador. Menospreciarlo es desconocer nuestra historia y el aporte que hacemos al f\u00fatbol mundial.<\/p>\n<p>\u00bfQu\u00e9 podemos esperar, ahora, si ya nos criticaste incluso el Mundial de Clubes? <a href=\"https:\/\/t.co\/3CNrcDwYrT\" rel=\"nofollow\">pic.twitter.com\/3CNrcDwYrT<\/a><\/p>\n<p>\u2014 Chiqui Tapia (@tapiachiqui) <a href=\"https:\/\/twitter.com\/tapiachiqui\/status\/1991561991186706495?ref_src=twsrc%5Etfw\" rel=\"nofollow noopener\" target=\"_blank\">November 20, 2025<\/a><\/p><\/blockquote>\n<p class=\"\">Tambi\u00e9n contest\u00f3 Tapia a la declaraci\u00f3n que hizo Tebas sobre el v\u00ednculo que siente con Argentina: \u201cSomos la Liga de los campeones del Mundo y <b>no aceptamos descalificaciones<\/b> de quienes deber\u00edan promover respeto entre instituciones. Y para que quede claro, no hace falta \u201cnacionalizarte\u201d. El argentino nace donde quiere, Javier Tebas\u201d.<\/p>\n<blockquote class=\"twitter-tweet\">\n<p lang=\"es\" dir=\"ltr\">Somos la Liga de los Campeones del Mundo y no aceptamos descalificaciones de quienes deber\u00edan promover respeto entre instituciones.<\/p>\n<p>Y para que quede claro, no hace falta \u201cnacionalizarte\u201d. El argentino nace donde quiere, <a href=\"https:\/\/twitter.com\/Tebasjavier?ref_src=twsrc%5Etfw\" rel=\"nofollow noopener\" target=\"_blank\">@Tebasjavier<\/a>. <a href=\"https:\/\/t.co\/zdIhCn9O0W\" rel=\"nofollow\">pic.twitter.com\/zdIhCn9O0W<\/a><\/p>\n<p>\u2014 Chiqui Tapia (@tapiachiqui) <a href=\"https:\/\/twitter.com\/tapiachiqui\/status\/1991562116525092951?ref_src=twsrc%5Etfw\" rel=\"nofollow noopener\" target=\"_blank\">November 20, 2025<\/a><\/p><\/blockquote>\n<p>Noticias relacionadas<a href=\"https:\/\/as.com\/futbol\/internacional\/argentina-se-inventa-un-campeon-de-liga-y-hay-8-campeones-al-ano-f202511-n\/\" class=\"s_m_w _rt-16x9\" title=\"Con el Clausura todav\u00eda en juego, la AFA reconoci\u00f3 a Rosario Central como campe\u00f3n de Liga por quedar primero en la Tabla Anual. \" data-tb-link=\"\" rel=\"nofollow noopener\" target=\"_blank\"><img decoding=\"async\" src=\"https:\/\/www.europesays.com\/es\/wp-content\/uploads\/2025\/11\/JOWMU75YZVA6ZJFDIRH5MCH3VA.jpg\" alt=\"Argentina se \u2018inventa\u2019 un campe\u00f3n de Liga y hay \u00a18 campeones al a\u00f1o!\" class=\"\" height=\"9\" width=\"16\"   loading=\"lazy\" data-tb-thumbnail=\"\"\/><\/a><a href=\"https:\/\/as.com\/futbol\/internacional\/pekerman-y-el-robo-de-messi-iba-al-mundial-sub-20-con-espana-f202511-n\/\" class=\"s_m_w _rt-16x9\" title=\"El exseleccionador recuerda el operativo que organiz\u00f3 para que Leo jugara un amistoso con Argentina y as\u00ed impedir que pudiera representar a Espa\u00f1a. \" data-tb-link=\"\" rel=\"nofollow noopener\" target=\"_blank\"><img decoding=\"async\" src=\"https:\/\/www.europesays.com\/es\/wp-content\/uploads\/2025\/11\/AMMCYM5G2VIJHB3CZB5RQ2PYPU.jpg\" alt=\"Pekerman y el \u2018robo\u2019 de Messi: \u201cIba al Mundial Sub-20 con Espa\u00f1a\u201d\" class=\"\" height=\"9\" width=\"16\"   loading=\"lazy\" data-tb-thumbnail=\"\"\/><\/a><\/p>\n<p class=\"\">En su intervenci\u00f3n en el Ol\u00e9 Summit, Tebas elogi\u00f3 el trabajo que se est\u00e1 haciendo en Argentina contra la <b>pirater\u00eda <\/b>en el f\u00fatbol: \u201cPiratear es <b>robar<\/b>, eso ya estaba en las tablas de Mois\u00e9s, en el s\u00e9ptimo mandamiento, entonces tampoco hacen falta reglas tan complicadas&#8230; <b>Argentina <\/b>es de los <b>pa\u00edses m\u00e1s avanzados <\/b>que hemos encontrado a la hora de entender el problema. Ha habido recientes <b>operaciones <\/b>de <b>fiscal\u00eda<\/b> de algunas empresas radicadas en Argentina que est\u00e1n siendo clave para luchar contra la pirater\u00eda en el mundo\u201d. <\/p>\n<p class=\"\"><b>\u00a1Tus opiniones importan!<\/b> Comenta en los art\u00edculos y suscr\u00edbete gratis a nuestra <a href=\"https:\/\/asfan.as.com\/newsletters\/\" target=\"_blank\" rel=\"nofollow noopener\" title=\"https:\/\/asfan.as.com\/newsletters\/\">newsletter<\/a> y a las alertas informativas en la <a href=\"https:\/\/as.com\/aplicacion-de-as-n\/\" target=\"_blank\" rel=\"nofollow noopener\" title=\"https:\/\/as.com\/aplicacion-de-as-n\/\">App<\/a> o el canal de <a href=\"https:\/\/www.whatsapp.com\/channel\/0029VaAasdA7j6g745nz9M10\" target=\"_blank\" rel=\"nofollow noopener\" title=\"https:\/\/www.whatsapp.com\/channel\/0029VaAasdA7j6g745nz9M10\">WhatsApp<\/a>. \u00bfBuscas licenciar contenido? Haz clic <a href=\"https:\/\/profesional.elpais.com\/soluciones-sindicacion?utm_medium=interno&amp;utm_source=crosslinking&amp;utm_campaign=sindicacion_as_pie_articulos\" target=\"_blank\" rel=\"nofollow noopener\" title=\"https:\/\/profesional.elpais.com\/soluciones-sindicacion?utm_medium=interno&amp;utm_source=crosslinking&amp;utm_campaign=sindicacion_as_pie_articulos\">aqu\u00ed<\/a><\/p>\n<p><script async src=\"https:\/\/platform.twitter.com\/widgets.js\" charset=\"utf-8\"><\/script><\/p>\n","protected":false},"excerpt":{"rendered":"La intervenci\u00f3n de Javier Tebas, presidente de LaLiga, en el Ol\u00e9 Summit 2025, que organiza el diario argentino,&hellip;\n","protected":false},"author":2,"featured_media":243575,"comment_status":"","ping_status":"","sticky":false,"template":"","format":"standard","meta":{"footnotes":""},"categories":[268],"tags":[168,25,24,280,282,281,23,167],"class_list":{"0":"post-247027","1":"post","2":"type-post","3":"status-publish","4":"format-standard","5":"has-post-thumbnail","7":"category-futbol","8":"tag-deportes","9":"tag-es","10":"tag-espana","11":"tag-football","12":"tag-futbol","13":"tag-soccer","14":"tag-spain","15":"tag-sports"},"share_on_mastodon":{"url":"https:\/\/pubeurope.com\/@es\/115584231882745240","error":""},"_links":{"self":[{"href":"https:\/\/www.europesays.com\/es\/wp-json\/wp\/v2\/posts\/247027","targetHints":{"allow":["GET"]}}],"collection":[{"href":"https:\/\/www.europesays.com\/es\/wp-json\/wp\/v2\/posts"}],"about":[{"href":"https:\/\/www.europesays.com\/es\/wp-json\/wp\/v2\/types\/post"}],"author":[{"embeddable":true,"href":"https:\/\/www.europesays.com\/es\/wp-json\/wp\/v2\/users\/2"}],"replies":[{"embeddable":true,"href":"https:\/\/www.europesays.com\/es\/wp-json\/wp\/v2\/comments?post=247027"}],"version-history":[{"count":0,"href":"https:\/\/www.europesays.com\/es\/wp-json\/wp\/v2\/posts\/247027\/revisions"}],"wp:featuredmedia":[{"embeddable":true,"href":"https:\/\/www.europesays.com\/es\/wp-json\/wp\/v2\/media\/243575"}],"wp:attachment":[{"href":"https:\/\/www.europesays.com\/es\/wp-json\/wp\/v2\/media?parent=247027"}],"wp:term":[{"taxonomy":"category","embeddable":true,"href":"https:\/\/www.europesays.com\/es\/wp-json\/wp\/v2\/categories?post=247027"},{"taxonomy":"post_tag","embeddable":true,"href":"https:\/\/www.europesays.com\/es\/wp-json\/wp\/v2\/tags?post=247027"}],"curies":[{"name":"wp","href":"https:\/\/api.w.org\/{rel}","templated":true}]}}