{"id":247030,"date":"2025-11-20T21:50:15","date_gmt":"2025-11-20T21:50:15","guid":{"rendered":"https:\/\/www.europesays.com\/es\/247030\/"},"modified":"2025-11-20T21:50:15","modified_gmt":"2025-11-20T21:50:15","slug":"maximo-caballero-arquitecto-las-cosas-sencillas-son-las-que-hacen-bonita-una-vivienda-piedra-madera-y-mortero-blanco-no-hace-falta-mas","status":"publish","type":"post","link":"https:\/\/www.europesays.com\/es\/247030\/","title":{"rendered":"M\u00e1ximo Caballero, arquitecto: \u201cLas cosas sencillas son las que hacen bonita una vivienda. Piedra, madera y mortero blanco, no hace falta m\u00e1s\u201d"},"content":{"rendered":"<p class=\"\">La <b>vivienda <\/b>es un bien tan valioso y preciado que, cuando llega a manos de sus inquilinos, muchos se vuelcan por completo en <b>decorarla y darle ese toque personal<\/b> que todos desean para su hogar. En el proceso, la gran mayor\u00eda comete el mismo error: <b>utilizar demasiados materiales<\/b> que, en la pr\u00e1ctica, no combinan, dando como resultado uno ciertamente decepcionante.<\/p>\n<p class=\"\">En este contexto, <b>M\u00e1ximo Caballero<\/b>, arquitecto y creador de contenido, ha compartido un breve v\u00eddeo en TikTok en el que se\u00f1ala los materiales que utilizar\u00eda en el caso de que tuviera que hacerse una casa para \u00e9l: <b>\u201cComo arquitecto, si me tuviera que hacer una casa para m\u00ed para toda la vida, estos son los materiales que 100% me pondr\u00eda\u201d<\/b>, comienza el profesional.<\/p>\n<p class=\"\">A continuaci\u00f3n, M\u00e1ximo revela el material sobre el que girar\u00eda su hogar: estamos hablando de la piedra natural: <b>\u201cEsto nunca pasa de moda y le gusta a todo el mundo, te va a gustar hoy y dentro de 20 a\u00f1os. Acompa\u00f1ando esta piedra usar\u00eda una combinaci\u00f3n de colores sencilla. Con solo tres tonos tienes una casa solucionada\u201d<\/b>, asegura.<\/p>\n<p class=\"\">El joven a\u00f1ade que, combinando piedra, madera y blanco, <b>\u201cno hace falta nada m\u00e1s\u201d<\/b>. <b>\u201cA veces la gente, por querer hacer m\u00e1s bonita su casa, la llenan de colores y un popurr\u00ed de materiales, pero fijaos en las casas m\u00e1s bonitas, no tienen tantos colores y quedan espectaculares\u201d<\/b>, expresa.<\/p>\n<p>\u201cTenemos una soluci\u00f3n que queda mucho mejor\u201d<\/p>\n<p class=\"\">Tras ello, el joven muestra el arreglo utilizado por un inquilino, el cual sustituye una t\u00edpica pared por una soluci\u00f3n m\u00e1s innovadora y novedosa: <b>\u201cFijaos en esta soluci\u00f3n, en vez de poner la t\u00edpica pared medianera de toda la vida, con simplemente jaula y piedra, tenemos una soluci\u00f3n que queda mucho mejor y no por eso tiene que ser m\u00e1s\u201d.<\/b><\/p>\n<p>Noticias relacionadas<a href=\"https:\/\/as.com\/tikitakas\/virales\/cristhian-mera-arquitecto-si-tienes-un-espacio-pequeno-en-casa-no-empieces-a-amueblar-comienza-por-la-madera-f202511-n\/\" class=\"s_m_w _rt-16x9\" title=\"El arquitecto ecuatoriano explica por qu\u00e9 el tono de la madera define la amplitud visual de una vivienda y c\u00f3mo evitar los errores m\u00e1s comunes en espacios reducidos.\" data-tb-link=\"\" rel=\"nofollow noopener\" target=\"_blank\"><img decoding=\"async\" src=\"https:\/\/www.europesays.com\/es\/wp-content\/uploads\/2025\/11\/LZYW6ZEDRVAMHD2ONISAZMPQHM.jpg\" alt=\"Cristhian Mera, arquitecto: \u201cSi tienes un espacio peque\u00f1o en casa, no empieces a amueblar, comienza por la madera\u201d\" class=\"\" height=\"9\" width=\"16\"   loading=\"lazy\" data-tb-thumbnail=\"\"\/><\/a><a href=\"https:\/\/as.com\/tikitakas\/virales\/jaime-salva-arquitecto-desvela-como-debe-ser-la-casa-perfecta-sin-barreras-arquitectonicas-es-la-opcion-ideal-f202511-n\/\" class=\"s_m_w _rt-16x9\" title=\"El experto confiesa a la revista \u2018Interiores\u2019 las cinco claves para que un inmueble presente garantice una vida tranquila en el futuro.\" data-tb-link=\"\" rel=\"nofollow noopener\" target=\"_blank\"><img decoding=\"async\" src=\"https:\/\/www.europesays.com\/es\/wp-content\/uploads\/2025\/11\/1763675414_303_CKQ2OF7ZQ5FF7HXEGBLTTI7TQI.jpg\" alt=\"Jaime Salv\u00e1, arquitecto: \u201cLa casa perfecta tiene una sola planta, sin barreras arquitect\u00f3nicas, es la opci\u00f3n ideal\u201d\" class=\"\" height=\"9\" width=\"16\"   loading=\"lazy\" data-tb-thumbnail=\"\"\/><\/a><\/p>\n<p class=\"\">Para terminar, M\u00e1ximo Caballero lanza un mensaje destinado a todos sus seguidores: <b>\u201cLas cosas m\u00e1s sencillas son las que hacen m\u00e1s bonita una vivienda, y no llenarla de cosas rar\u00edsimas. Piedra, madera y mortero blanco, no hace falta nada m\u00e1s\u201d<\/b>, concluye.<\/p>\n<p class=\"\"><b>\u00a1Tus opiniones importan!<\/b> Comenta en los art\u00edculos y suscr\u00edbete gratis a nuestra <a href=\"https:\/\/asfan.as.com\/newsletters\/\" target=\"_blank\" rel=\"nofollow noopener\" title=\"https:\/\/asfan.as.com\/newsletters\/\">newsletter<\/a> y a las alertas informativas en la <a href=\"https:\/\/as.com\/aplicacion-de-as-n\/\" target=\"_blank\" rel=\"nofollow noopener\" title=\"https:\/\/as.com\/aplicacion-de-as-n\/\">App<\/a> o el canal de <a href=\"https:\/\/www.whatsapp.com\/channel\/0029VaAasdA7j6g745nz9M10\" target=\"_blank\" rel=\"nofollow noopener\" title=\"https:\/\/www.whatsapp.com\/channel\/0029VaAasdA7j6g745nz9M10\">WhatsApp<\/a>. \u00bfBuscas licenciar contenido? Haz clic <a href=\"https:\/\/profesional.elpais.com\/soluciones-sindicacion?utm_medium=interno&amp;utm_source=crosslinking&amp;utm_campaign=sindicacion_as_pie_articulos\" target=\"_blank\" rel=\"nofollow noopener\" title=\"https:\/\/profesional.elpais.com\/soluciones-sindicacion?utm_medium=interno&amp;utm_source=crosslinking&amp;utm_campaign=sindicacion_as_pie_articulos\">aqu\u00ed<\/a><\/p>\n","protected":false},"excerpt":{"rendered":"La vivienda es un bien tan valioso y preciado que, cuando llega a manos de sus inquilinos, muchos&hellip;\n","protected":false},"author":2,"featured_media":247031,"comment_status":"","ping_status":"","sticky":false,"template":"","format":"standard","meta":{"footnotes":""},"categories":[173],"tags":[229,233,231,230,232,234,146,147,25,24,23],"class_list":{"0":"post-247030","1":"post","2":"type-post","3":"status-publish","4":"format-standard","5":"has-post-thumbnail","7":"category-arte-y-diseno","8":"tag-arte","9":"tag-arte-y-diseno","10":"tag-arts","11":"tag-arts-and-design","12":"tag-design","13":"tag-diseno","14":"tag-entertainment","15":"tag-entretenimiento","16":"tag-es","17":"tag-espana","18":"tag-spain"},"share_on_mastodon":{"url":"https:\/\/pubeurope.com\/@es\/115584239596533050","error":""},"_links":{"self":[{"href":"https:\/\/www.europesays.com\/es\/wp-json\/wp\/v2\/posts\/247030","targetHints":{"allow":["GET"]}}],"collection":[{"href":"https:\/\/www.europesays.com\/es\/wp-json\/wp\/v2\/posts"}],"about":[{"href":"https:\/\/www.europesays.com\/es\/wp-json\/wp\/v2\/types\/post"}],"author":[{"embeddable":true,"href":"https:\/\/www.europesays.com\/es\/wp-json\/wp\/v2\/users\/2"}],"replies":[{"embeddable":true,"href":"https:\/\/www.europesays.com\/es\/wp-json\/wp\/v2\/comments?post=247030"}],"version-history":[{"count":0,"href":"https:\/\/www.europesays.com\/es\/wp-json\/wp\/v2\/posts\/247030\/revisions"}],"wp:featuredmedia":[{"embeddable":true,"href":"https:\/\/www.europesays.com\/es\/wp-json\/wp\/v2\/media\/247031"}],"wp:attachment":[{"href":"https:\/\/www.europesays.com\/es\/wp-json\/wp\/v2\/media?parent=247030"}],"wp:term":[{"taxonomy":"category","embeddable":true,"href":"https:\/\/www.europesays.com\/es\/wp-json\/wp\/v2\/categories?post=247030"},{"taxonomy":"post_tag","embeddable":true,"href":"https:\/\/www.europesays.com\/es\/wp-json\/wp\/v2\/tags?post=247030"}],"curies":[{"name":"wp","href":"https:\/\/api.w.org\/{rel}","templated":true}]}}