{"id":247034,"date":"2025-11-20T21:53:09","date_gmt":"2025-11-20T21:53:09","guid":{"rendered":"https:\/\/www.europesays.com\/es\/247034\/"},"modified":"2025-11-20T21:53:09","modified_gmt":"2025-11-20T21:53:09","slug":"el-debate-sobre-su-delgadez-regresa-mientras-promociona-su-nueva-pelicula","status":"publish","type":"post","link":"https:\/\/www.europesays.com\/es\/247034\/","title":{"rendered":"el debate sobre su delgadez regresa mientras promociona su nueva pel\u00edcula"},"content":{"rendered":"<p><strong><a href=\"https:\/\/theobjective.com\/etiqueta\/ariana-grande\/\" rel=\"nofollow noopener\" target=\"_blank\">Ariana Grande<\/a><\/strong> vive uno de los momentos profesionales m\u00e1s relevantes de su carrera gracias al estreno de <strong>Wicked<\/strong>, la esperada adaptaci\u00f3n cinematogr\u00e1fica del musical de Broadway en la que interpreta a <strong>Glinda<\/strong>. En plena gira promocional \u2014alfombras rojas, entrevistas, eventos y encuentros con fans\u2014 la artista se ha visto de nuevo en el centro de la atenci\u00f3n medi\u00e1tica. Y no por su trabajo, sino por su aspecto f\u00edsico, ya que ha vuelto a surgir un viejo debate: los comentarios sobre su <strong>delgadez<\/strong> y las especulaciones sobre <strong>posibles operaciones est\u00e9ticas<\/strong>.<\/p>\n<p>La delgadez de Ariana Grande<\/p>\n<p>Durante los \u00faltimos meses, varias de sus apariciones p\u00fablicas han <strong>generado oleadas de comentarios en redes, muchos de ellos centrados \u00fanicamente en su f\u00edsico<\/strong>. <\/p>\n<blockquote class=\"instagram-media\" data-instgrm-permalink=\"https:\/\/www.instagram.com\/p\/DRLf4QGDIya\/?utm_source=ig_embed&amp;utm_campaign=loading\" data-instgrm-version=\"14\" style=\" background:#FFF; border:0; border-radius:3px; box-shadow:0 0 1px 0 rgba(0,0,0,0.5),0 1px 10px 0 rgba(0,0,0,0.15); margin: 1px; max-width:540px; min-width:326px; padding:0; width:99.375%; width:-webkit-calc(100% - 2px); width:calc(100% - 2px);\"\/>\n<p>Ariana Grande, que lleva m\u00e1s de una d\u00e9cada expuesta al escrutinio constante, <strong>es una de las famosas cuyo aspecto ha sido analizado con m\u00e1s severidad<\/strong>. Cada m\u00ednimo cambio de peso, de maquillaje o de estilo capilar se convierte en motivo de discusi\u00f3n. Ella misma ha subrayado que ese tipo de valoraciones, incluso cuando llegan disfrazadas de \u2018preocupaci\u00f3n\u2019, pueden resultar profundamente da\u00f1inas para cualquier persona.<\/p>\n<blockquote class=\"instagram-media\" data-instgrm-permalink=\"https:\/\/www.instagram.com\/p\/DRKhQJhES50\/?utm_source=ig_embed&amp;utm_campaign=loading\" data-instgrm-version=\"14\" style=\" background:#FFF; border:0; border-radius:3px; box-shadow:0 0 1px 0 rgba(0,0,0,0.5),0 1px 10px 0 rgba(0,0,0,0.15); margin: 1px; max-width:540px; min-width:326px; padding:0; width:99.375%; width:-webkit-calc(100% - 2px); width:calc(100% - 2px);\"\/>\n<p>Ella considera que est\u00e1 sana<\/p>\n<p>En <strong>2023<\/strong>, Ariana lanz\u00f3 un mensaje que se viraliz\u00f3 en todo el mundo, pidiendo expl\u00edcitamente que se dejara de opinar sobre el cuerpo de los dem\u00e1s. Record\u00f3 que, en momentos pasados en los que aparentaba estar \u00abm\u00e1s sana\u00bb, en realidad atravesaba <strong>situaciones emocionalmente muy duras<\/strong>. Con sus palabras pretend\u00eda recalcar que <strong>la apariencia f\u00edsica no siempre refleja la salud real<\/strong>, y que la cultura de opinar sobre el cuerpo ajeno puede ser devastadora. A pesar de ese llamamiento, su figura ha vuelto a ser objeto de conversaci\u00f3n ahora que ha recuperado una presencia medi\u00e1tica intensa por la promoci\u00f3n de la pel\u00edcula.<\/p>\n<p>Miles de personas contin\u00faan opinando, en redes sociales, que<strong> est\u00e1 demasiado delgada y que le ocurre algo malo<\/strong>. Algo que ella ha negado en repetidas ocasiones.<\/p>\n<blockquote class=\"instagram-media\" data-instgrm-permalink=\"https:\/\/www.instagram.com\/reel\/DOYbfbikj-S\/?utm_source=ig_embed&amp;utm_campaign=loading\" data-instgrm-version=\"14\" style=\" background:#FFF; border:0; border-radius:3px; box-shadow:0 0 1px 0 rgba(0,0,0,0.5),0 1px 10px 0 rgba(0,0,0,0.15); margin: 1px; max-width:540px; min-width:326px; padding:0; width:99.375%; width:-webkit-calc(100% - 2px); width:calc(100% - 2px);\"\/>\n<p>Paralelamente, se han reactivado las teor\u00edas sobre <strong>cirug\u00edas est\u00e9ticas<\/strong>, algo frecuente cada vez que Ariana presenta un nuevo look. La artista nunca ha confirmado intervenciones quir\u00fargicas y siempre ha defendido que muchos de sus cambios responden a <strong>maquillaje profesional<\/strong>, t\u00e9cnicas de <strong>iluminaci\u00f3n<\/strong>, <strong>contouring<\/strong>, estilismo o peinados espec\u00edficos para sus apariciones. Su est\u00e9tica en Wicked, m\u00e1s pulida y conforme al universo m\u00e1gico de Glinda, tambi\u00e9n ha alimentado comparaciones con im\u00e1genes pasadas, una din\u00e1mica que ella misma critica porque, seg\u00fan ha dicho, refuerza presiones injustas sobre las mujeres.<\/p>\n<p>\u00bfRealmente le sucede algo?<\/p>\n<p><strong>\u00abHay muchas maneras distintas de lucir saludable y bella. Y, personalmente, para m\u00ed, el cuerpo con el que has estado comparando mi cuerpo actual era la versi\u00f3n menos saludable de mi cuerpo<\/strong>. Estaba tomando muchos <strong>antidepresivos<\/strong>, bebiendo alcohol y comiendo mal, y en el peor momento de mi vida luc\u00eda como t\u00fa consideras que soy saludable, pero eso, de hecho, no era saludable\u00bb, dijo la actriz sobre su cambio de peso.<\/p>\n<blockquote class=\"instagram-media\" data-instgrm-permalink=\"https:\/\/www.instagram.com\/reel\/DRMfNjnErma\/?utm_source=ig_embed&amp;utm_campaign=loading\" data-instgrm-version=\"14\" style=\" background:#FFF; border:0; border-radius:3px; box-shadow:0 0 1px 0 rgba(0,0,0,0.5),0 1px 10px 0 rgba(0,0,0,0.15); margin: 1px; max-width:540px; min-width:326px; padding:0; width:99.375%; width:-webkit-calc(100% - 2px); width:calc(100% - 2px);\"\/>\n<p>Y continu\u00f3: \u00abLo segundo es que n<strong>unca se sabe por lo que est\u00e1 pasando alguien<\/strong>, as\u00ed que incluso si vienes de un lugar amoroso o de un lugar cari\u00f1oso, esa persona probablemente est\u00e9 trabajando en ello o tenga un sistema de apoyo con el que est\u00e9 trabajando. Nunca se sabe, as\u00ed que sean amables con los dem\u00e1s y con ustedes mismos\u00bb.<\/p>\n<blockquote class=\"instagram-media\" data-instgrm-permalink=\"https:\/\/www.instagram.com\/p\/DF3rjheystH\/?utm_source=ig_embed&amp;utm_campaign=loading\" data-instgrm-version=\"14\" style=\" background:#FFF; border:0; border-radius:3px; box-shadow:0 0 1px 0 rgba(0,0,0,0.5),0 1px 10px 0 rgba(0,0,0,0.15); margin: 1px; max-width:540px; min-width:326px; padding:0; width:99.375%; width:-webkit-calc(100% - 2px); width:calc(100% - 2px);\"\/>\n<p>Aun as\u00ed, este ruido medi\u00e1tico no eclipsa su presente profesional. <strong>Wicked<\/strong> representa un salto decisivo en su carrera como actriz, combinando actuaci\u00f3n y m\u00fasica en un proyecto cinematogr\u00e1fico de gran escala. Las primeras cr\u00edticas destacan su transformaci\u00f3n en Glinda, su capacidad vocal y la sensibilidad con la que interpreta al ic\u00f3nico personaje. Mientras tanto, Ariana Grande insiste en que su bienestar es su prioridad y que su cuerpo no necesita explicaciones. <\/p>\n<p>                                                    <script async src=\"\/\/www.instagram.com\/embed.js\"><\/script><\/p>\n","protected":false},"excerpt":{"rendered":"Ariana Grande vive uno de los momentos profesionales m\u00e1s relevantes de su carrera gracias al estreno de Wicked,&hellip;\n","protected":false},"author":2,"featured_media":247035,"comment_status":"","ping_status":"","sticky":false,"template":"","format":"standard","meta":{"footnotes":""},"categories":[170],"tags":[10889,30465,255,62992,146,147,25,24,184,185,23,62100],"class_list":{"0":"post-247034","1":"post","2":"type-post","3":"status-publish","4":"format-standard","5":"has-post-thumbnail","7":"category-musica","8":"tag-anorexia","9":"tag-ariana-grande","10":"tag-celebrities","11":"tag-depresiu00f3n","12":"tag-entertainment","13":"tag-entretenimiento","14":"tag-es","15":"tag-espana","16":"tag-music","17":"tag-musica","18":"tag-spain","19":"tag-trastornos-alimenticios"},"share_on_mastodon":{"url":"https:\/\/pubeurope.com\/@es\/115584251157399012","error":""},"_links":{"self":[{"href":"https:\/\/www.europesays.com\/es\/wp-json\/wp\/v2\/posts\/247034","targetHints":{"allow":["GET"]}}],"collection":[{"href":"https:\/\/www.europesays.com\/es\/wp-json\/wp\/v2\/posts"}],"about":[{"href":"https:\/\/www.europesays.com\/es\/wp-json\/wp\/v2\/types\/post"}],"author":[{"embeddable":true,"href":"https:\/\/www.europesays.com\/es\/wp-json\/wp\/v2\/users\/2"}],"replies":[{"embeddable":true,"href":"https:\/\/www.europesays.com\/es\/wp-json\/wp\/v2\/comments?post=247034"}],"version-history":[{"count":0,"href":"https:\/\/www.europesays.com\/es\/wp-json\/wp\/v2\/posts\/247034\/revisions"}],"wp:featuredmedia":[{"embeddable":true,"href":"https:\/\/www.europesays.com\/es\/wp-json\/wp\/v2\/media\/247035"}],"wp:attachment":[{"href":"https:\/\/www.europesays.com\/es\/wp-json\/wp\/v2\/media?parent=247034"}],"wp:term":[{"taxonomy":"category","embeddable":true,"href":"https:\/\/www.europesays.com\/es\/wp-json\/wp\/v2\/categories?post=247034"},{"taxonomy":"post_tag","embeddable":true,"href":"https:\/\/www.europesays.com\/es\/wp-json\/wp\/v2\/tags?post=247034"}],"curies":[{"name":"wp","href":"https:\/\/api.w.org\/{rel}","templated":true}]}}