{"id":247036,"date":"2025-11-20T21:54:17","date_gmt":"2025-11-20T21:54:17","guid":{"rendered":"https:\/\/www.europesays.com\/es\/247036\/"},"modified":"2025-11-20T21:54:17","modified_gmt":"2025-11-20T21:54:17","slug":"zncine-critica-de-frankenstein-de-guillermo-del-toro","status":"publish","type":"post","link":"https:\/\/www.europesays.com\/es\/247036\/","title":{"rendered":"#ZNCine \u2013 Cr\u00edtica de Frankenstein, de Guillermo del Toro"},"content":{"rendered":"<p>        <a href=\"https:\/\/www.milcomics.com\/\" target=\"_blank\" onclick=\"gtag(&#039;event&#039;, &#039;Banner-MilComics&#039;, { &#039;event_category&#039;: &#039;Banner-MilComics&#039;, &#039;event_action&#039;:&#039;Banner-MilComics&#039;,&#039;event_label&#039;:&#039;Banner-MilComics&#039; });\" rel=\"nofollow noopener\"><img decoding=\"async\" src=\"https:\/\/www.europesays.com\/es\/wp-content\/uploads\/2025\/09\/banner-milcomics-header.jpg\"\/><\/a><\/p>\n<p><a href=\"https:\/\/www.europesays.com\/es\/wp-content\/uploads\/2025\/11\/FrankensteinPortada.jpg\" rel=\"attachment wp-att-261983\"><img loading=\"lazy\" decoding=\"async\" src=\"https:\/\/www.europesays.com\/es\/wp-content\/uploads\/2025\/11\/FrankensteinPortada.jpg\" alt=\"\" width=\"180\" height=\"269\" class=\"aligncenter size-thumbnail wp-image-261983\"\/><\/a><\/p>\n<p>\nDirecci\u00f3n: Guillermo del Toro.<br \/>Guion: Guillermo del Toro.<br \/>M\u00fasica: Alexandre Desplat.<br \/>Fotograf\u00eda: Dan Laustsen.<br \/>Reparto: Oscar Isaac, Jacob Elordi, Mia Goth, Chstoph Waltz, Felix Kammerer, Lars Mikkelsen, Charles Dance, Christian Conery, David Bradley, Sofia Galasso, Ralph Ineson, Burn Gorman, Joachim Fjelstrup y otros.<br \/>Duraci\u00f3n: 149 minutos.<br \/>Productora: Double Dare You, Demilo Films y Bluegrass Films.<br \/>Nacionalidad: Mexicana y Estadounidense.<\/p>\n<p>Hay historias que trascienden de su medio original. Obras que de una forma u otra, est\u00e1n siempre presentes en la cultura popular, convirti\u00e9ndose en parte de las vidas de casi todos los seres humanos, porque le\u00eddas o no, resulta casi imposible que exista quien no sepa de su existencia.<\/p>\n<p>Y es que, el impacto de dichas obras en la cultura popular es tal, que existen versiones de este tipo de obras en casi todos los medios, desde series infantiles a pel\u00edculas de culto, por lo que resulta inveros\u00edmil crecer como espectador ajeno a las mismas.<\/p>\n<p>Cuando hablamos de obras de este tipo, y dado el hecho de que en <strong>Zona Negativa<\/strong> el c\u00f3mic es nuestro principal alimento; casi siempre nos referimos a superh\u00e9roes como Batman, Superman o Spiderman, personajes que se han erigido ya desde hace d\u00e9cadas en mitolog\u00eda moderna y sobre cuya existencia cualquiera es consciente, haya o no le\u00eddo los c\u00f3mics en los que aparecieron por primera vez, o los que mensualmente narran sus aventuras actuales.<\/p>\n<p>Pero antes de los c\u00f3mics exist\u00edan las novelas, la literatura, y el medio escrito alumbr\u00f3 a algunos de los personajes de terror m\u00e1s conocidos y famosos de lo que hoy constituye la cultura popular, figurando entre los mismos seres como Dr\u00e1cula, la Momia y, por supuesto, el monstruo de Frankenstein (que en no pocas ocasiones, y dada la popularidad alcanzada por el personaje en las pel\u00edculas de la <strong>Universal<\/strong> primero, y de la <strong>Hammer<\/strong> despu\u00e9s, es nombrado directamente y por error, como Frankenstein).<\/p>\n<p>Si tuviera que elegir una adaptaci\u00f3n casi literal de la novela de <strong>Mary Shelley<\/strong>, concebida en un retiro junto a su marido <strong>Percy B. Shelley<\/strong>, <strong>Lord Byron<\/strong> y el mayordomo de \u00e9ste <strong>John William Polidori<\/strong>, padre del primer vampiro de la literatura; no puedo evitar referirme a la pel\u00edcula titulada de hecho Frankenstein de Mary Shelley, dirigida en el a\u00f1o 1994 por <strong>Kenneth Branagh<\/strong> y protagonizada por un insuperable <strong>Robert De Niro<\/strong> en el papel del monstruo.<\/p>\n<p>Pero los a\u00f1os transcurren, las d\u00e9cadas terminan y dan paso a otras nuevas, y de aquella pel\u00edcula han pasado ya m\u00e1s de treinta a\u00f1os, siendo l\u00f3gico que existan otras adaptaciones de la obra original.<\/p>\n<p>Y as\u00ed llegamos a esta Frankenstein, llevada a Cabo por <strong>Guillermo del Toro<\/strong>, un director cuya visi\u00f3n particular de la que gozan todas sus pel\u00edculas, unido a la  est\u00e9tica tan propia que impregna todas sus obras hace que sea imposible de confundir con otros directores con tan solo ver un par de escenas de casi cualesquiera de ellas.<\/p>\n<p>As\u00ed ocurre en grandes obras como La Forma del Agua, El Laberinto del Fauno, Pinocho, e incluso en Hellboy: El Ej\u00e9rcito Dorado, pel\u00edcula en la que est\u00e9ticamente, y con permiso de <strong>Mike Mignola<\/strong> y del c\u00f3mic original, el hijo adoptivo del profesor Bruttenholm jam\u00e1s luci\u00f3 tan bien.<\/p>\n<p><img fetchpriority=\"high\" decoding=\"async\" src=\"https:\/\/www.europesays.com\/es\/wp-content\/uploads\/2025\/11\/Frankenstein1-600x343.jpg\" alt=\"frankenstein\" width=\"600\" height=\"343\" class=\"aligncenter size-large wp-image-270652\"  \/><\/p>\n<p>Frankenstein narra como ya podemos imaginar, la azarosa vida de V\u00edctor Frankenstein (<strong>Oscar Isaac<\/strong>) cient\u00edfico de finales del Siglo XIX al que la estricta educaci\u00f3n de su padre (<strong>Charles Dance<\/strong>, que en cierto modo repite aqu\u00ed el papel que ya interpret\u00f3 en Juego de Tronos), y la p\u00e9rdida de su madre a temprana edad le llevan a querer conquistar a la muerte, jugando a ser dios, casi desde que tiene uso de raz\u00f3n.<\/p>\n<p>En su obsesi\u00f3n con tan ambicioso objetivo, y gracias a la financiaci\u00f3n de Henrich Harlander (<strong>Christoph Waltz<\/strong>), V\u00edctor logra cumplir su objetivo, creando vida a partir de varios cad\u00e1veres a los que ha dado la forma de un hombre, creando al temible e incomprendido monstruo que todos conocemos, interpretado por <strong>Jacob Elordi<\/strong>.<\/p>\n<p>Como en la novela original, V\u00edctor abandona a su creaci\u00f3n (aqu\u00ed quiz\u00e1s de forma si cabe m\u00e1s cruel que en la novela original) tan pronto como la considera un fracaso, un experimento fallido, dejando a la criatura sola y desolada y teniendo que aprender la crueldad de un mundo que ni comprende ni conoce de la forma m\u00e1s dura posible.<\/p>\n<p><img loading=\"lazy\" decoding=\"async\" src=\"https:\/\/www.europesays.com\/es\/wp-content\/uploads\/2025\/11\/Frankenstein2-600x343.jpg\" alt=\"\" width=\"600\" height=\"343\" class=\"aligncenter size-large wp-image-270651\"  \/><\/p>\n<p>Por supuesto, como en la novela original, tenemos aqu\u00ed la famosa amistad con el anciano ciego (<strong>David Bradley<\/strong>), el rechazo posterior de los hijos de \u00e9ste, y la persecuci\u00f3n por parte de la criatura de su creador para que \u00e9ste responda por sus cr\u00edmenes y le cree una compa\u00f1era con la que poder pasar el resto de sus d\u00edas.<\/p>\n<p>Sobre el argumento no diremos nada m\u00e1s, bastando con decir que consigue sorprender ligeramente al espectador, al salirse en varias ocasiones del camino marcado por la novela de <strong>Mary Shelley<\/strong>, algo que este redactor lejos de considerar un anatema o una falta de respeto, lo considera casi esencial a d\u00eda de hoy en casi cualquier adaptaci\u00f3n, pues solo de esta manera lograremos tener un espectador pegado a la pantalla que no sepa siempre qu\u00e9 es lo que viene a continuaci\u00f3n.<\/p>\n<p>En lo relativo al reparto, los ya nombrados <strong>Oscar Isaac<\/strong> y <strong>Jacob Elordi<\/strong> realizan una interpretaci\u00f3n magistral, intercambi\u00e1ndose los roles de protagonista y antagonista, de h\u00e9roe y villano, a lo largo de la pel\u00edcula y en funci\u00f3n de los aberrantes o maravillosos actos que ambos son capaces de llevar a cabo.<\/p>\n<p>Pero ello no puede llevarnos a olvidar otros actores secundarios como el tambi\u00e9n mencionado <strong>Christoph Waltz<\/strong>, <strong>Felix Kammerer<\/strong> quien interpreta a William, el hermano de V\u00edctor, <strong>Mia Goth<\/strong>, que interpreta a Elisabeth Lavenza, prometida de William y de alg\u00fan modo, inter\u00e9s rom\u00e1ntico de la criatura, <strong>Charles Dance<\/strong> como patriarca de los Frankenstein o incluso al Capit\u00e1n Anderson a bordo de cuyo barco acaba la criatura y que interpreta <strong>Lars Mikkelsen<\/strong>.<\/p>\n<p>Todos ellos configuran un reparto de altura que hace de esta pel\u00edcula algo magistral a pesar de lo manido y tantas veces contado de su historia.<\/p>\n<p><img loading=\"lazy\" decoding=\"async\" src=\"https:\/\/www.europesays.com\/es\/wp-content\/uploads\/2025\/11\/Frankenstein3-600x343.jpg\" alt=\"\" width=\"600\" height=\"343\" class=\"aligncenter size-large wp-image-270650\"  \/><\/p>\n<p>Pero desde luego, lo que hace de Frankenstein, de <strong>Guillermo del Toro<\/strong> una pieza \u00fanica a tener en cuenta es, precisamente, <strong>Guillermo del Toro<\/strong>. El Director mexicano, que tambi\u00e9n guioniza la pel\u00edcula, saber hacer suya la cl\u00e1sica historia, dot\u00e1ndola de esa fotograf\u00eda que tanto le caracteriza y que en este caso recuerda poderosamente a otra de sus famosas pel\u00edculas: La Cumbre Escarlata.<\/p>\n<p>Este hecho no es solo imputable a <strong>Guillermo del Toro<\/strong>, sino sobre todo a <strong>Dan Laustsen<\/strong>, Director de Fotograf\u00eda de Frankenstein que ya ha colaborado con <strong>Del Toro<\/strong> en La Forma del Agua o, en precisamente, La Cumbre Escarlata (habiendo trabajado tambi\u00e9n en obras tan dispares de \u00e9sta como <strong>John Wick<\/strong>).<\/p>\n<p><img loading=\"lazy\" decoding=\"async\" src=\"https:\/\/www.europesays.com\/es\/wp-content\/uploads\/2025\/11\/Frankenstein4-600x343.jpg\" alt=\"\" width=\"600\" height=\"343\" class=\"aligncenter size-large wp-image-270649\"  \/><\/p>\n<p>Solo <strong>Guillermo del Toro<\/strong> es capaz de hacer bello a un monstruo compuesto por cad\u00e1veres ajenos, o a una torre desvencijada y erosionada por la humedad y el viento en la que un malvado cient\u00edfico loco est\u00e1 dando forma a uno m\u00e1s de sus inefables experimentos.<\/p>\n<p>En lo relativo a la banda sonora, \u00e9sta est\u00e1 llevada a cabo por <strong>Alexandre Desplat<\/strong>, quien ya trabaj\u00f3 en la aclamada El Discurso del Rey, y que consigue terminar de sumergirnos en este cuento g\u00f3tico que a pesar de sus ciento cuarenta y nueve minutos de metraje se hace breve para el espectador.<\/p>\n<p><img loading=\"lazy\" decoding=\"async\" src=\"https:\/\/www.europesays.com\/es\/wp-content\/uploads\/2025\/11\/Frankenstein5-600x343.jpg\" alt=\"\" width=\"600\" height=\"343\" class=\"aligncenter size-large wp-image-270648\"  \/><\/p>\n<p>Todo ello hace de Frankenstein una pel\u00edcula muy recomendable para casi cualquier espectador, a pesar de su estreno directamente en <strong>Netflix<\/strong> (habiendo pasado por tan solo unos cines escogidos para as\u00ed poder competir en los Oscar), algo que no debe cegarnos y hacernos pensar err\u00f3neamente, que estamos ante una tv movie barata.<\/p>\n<p>Una pel\u00edcula imprescindible para los amantes de las historias de toda la vida que nos acompa\u00f1an mientras \u00e9sta dura y que este a\u00f1o 2025 tiene una nueva versi\u00f3n m\u00e1s, que se a\u00f1ade a las muchas que ya existen y que sobre el monstruo de Frankenstein y su tr\u00e1gica historia, siempre existir\u00e1n.<\/p>\n<p>Direcci\u00f3n: Guillermo del Toro. Guion: Guillermo del Toro. M\u00fasica: Alexandre Desplat. Fotograf\u00eda: Dan Laustsen. Reparto: Oscar Isaac, Jacob Elordi, Mia Goth, Chstoph Waltz, Felix Kammerer, Lars Mikkelsen, Charles Dance, Christian Conery, David Bradley, Sofia Galasso, Ralph Ineson, Burn Gorman, Joachim Fjelstrup y otros. Duraci\u00f3n: 149 minutos. Productora: Double Dare You,\u2026<\/p>\n<p>#ZNCine \u2013 Cr\u00edtica de Frankenstein, de Guillermo del Toro<\/p>\n<p>#ZNCine \u2013 Cr\u00edtica de Frankenstein, de Guillermo del Toro<\/p>\n<p>2025-11-20<\/p>\n<p><strong class=\"fn\" itemprop=\"name\">Ra\u00fal Gutierrez<\/strong><\/p>\n<p>\n\t\t\tDirecci\u00f3n &#8211; 8.5\n\t\t<\/p>\n<p>\n\t\t\tGui\u00f3n &#8211; 8.5\n\t\t<\/p>\n<p>\n\t\t\tReparto &#8211; 9\n\t\t<\/p>\n<p>\n\t\t\tApartado visual &#8211; 10\n\t\t<\/p>\n<p>\n\t\t\tBanda sonora &#8211; 7.5\n\t\t<\/p>\n<p>\t\t87<\/p>\n<p>\n\t\t\t\t8.7<br \/>\n\t\t\t\tMaravillosa\n\t\t\t<\/p>\n<p>Frankenstein resulta una adaptaci\u00f3n preciosista y muy entretenida de la novela de Mary Shelley llevada a cabo por un Guillermo del Toro en estado de gracia.<\/p>\n<p>\t\t <strong>Vosotros puntu\u00e1is: <\/strong> 6.84 ( 4 votos) <\/p>\n<p>ESC\u00daCHANOS EN NUESTRO PODCAST&#13;<br \/>\n&#13;<\/p>\n","protected":false},"excerpt":{"rendered":"Direcci\u00f3n: Guillermo del Toro.Guion: Guillermo del Toro.M\u00fasica: Alexandre Desplat.Fotograf\u00eda: Dan Laustsen.Reparto: Oscar Isaac, Jacob Elordi, Mia Goth, Chstoph&hellip;\n","protected":false},"author":2,"featured_media":247037,"comment_status":"","ping_status":"","sticky":false,"template":"","format":"standard","meta":{"footnotes":""},"categories":[169],"tags":[177,146,147,25,24,176,175,23],"class_list":{"0":"post-247036","1":"post","2":"type-post","3":"status-publish","4":"format-standard","5":"has-post-thumbnail","7":"category-cine","8":"tag-cine","9":"tag-entertainment","10":"tag-entretenimiento","11":"tag-es","12":"tag-espana","13":"tag-film","14":"tag-movies","15":"tag-spain"},"share_on_mastodon":{"url":"https:\/\/pubeurope.com\/@es\/115584255431029642","error":""},"_links":{"self":[{"href":"https:\/\/www.europesays.com\/es\/wp-json\/wp\/v2\/posts\/247036","targetHints":{"allow":["GET"]}}],"collection":[{"href":"https:\/\/www.europesays.com\/es\/wp-json\/wp\/v2\/posts"}],"about":[{"href":"https:\/\/www.europesays.com\/es\/wp-json\/wp\/v2\/types\/post"}],"author":[{"embeddable":true,"href":"https:\/\/www.europesays.com\/es\/wp-json\/wp\/v2\/users\/2"}],"replies":[{"embeddable":true,"href":"https:\/\/www.europesays.com\/es\/wp-json\/wp\/v2\/comments?post=247036"}],"version-history":[{"count":0,"href":"https:\/\/www.europesays.com\/es\/wp-json\/wp\/v2\/posts\/247036\/revisions"}],"wp:featuredmedia":[{"embeddable":true,"href":"https:\/\/www.europesays.com\/es\/wp-json\/wp\/v2\/media\/247037"}],"wp:attachment":[{"href":"https:\/\/www.europesays.com\/es\/wp-json\/wp\/v2\/media?parent=247036"}],"wp:term":[{"taxonomy":"category","embeddable":true,"href":"https:\/\/www.europesays.com\/es\/wp-json\/wp\/v2\/categories?post=247036"},{"taxonomy":"post_tag","embeddable":true,"href":"https:\/\/www.europesays.com\/es\/wp-json\/wp\/v2\/tags?post=247036"}],"curies":[{"name":"wp","href":"https:\/\/api.w.org\/{rel}","templated":true}]}}