{"id":247039,"date":"2025-11-20T21:57:09","date_gmt":"2025-11-20T21:57:09","guid":{"rendered":"https:\/\/www.europesays.com\/es\/247039\/"},"modified":"2025-11-20T21:57:09","modified_gmt":"2025-11-20T21:57:09","slug":"juan-del-val-fastidiado-por-el-error-que-cometio-al-escribir-vera-la-novela-con-la-que-ha-ganado-el-premio-planeta-se-me-paso","status":"publish","type":"post","link":"https:\/\/www.europesays.com\/es\/247039\/","title":{"rendered":"Juan del Val, fastidiado por el error que cometi\u00f3 al escribir &#8216;Vera&#8217;, la novela con la que ha ganado el Premio Planeta: \u00abSe me pas\u00f3\u00bb"},"content":{"rendered":"<p style=\"\">Desde hace semanas,<strong> Juan del Val <\/strong>est\u00e1 acaparando el foco medi\u00e1tico. Su novela, <a href=\"https:\/\/www.abc.es\/cultura\/juan-val-alza-premio-planeta-historia-amor-20251015233158-nt.html\" title=\"www.abc.es\" data-voc-vtm-id=\"in-text-traffic\" data-mrf-link=\"www.abc.es\" rel=\"nofollow noopener\" target=\"_blank\">&#8216;Vera. Una historia de amor&#8217;<\/a>, se hizo con el<strong> Premio Planeta 2025<\/strong>, dotado con un mill\u00f3n de euros. Desde entonces, el tertuliano de &#8216;El Hormiguero&#8217; ha sido objeto  &#8230; de cr\u00edticas por lo que muchos consideran un reconocimiento injusto.<\/p>\n<p class=\"voc-p\" style=\"\">Algunas de estas cr\u00edticas est\u00e1n dirigidas hacia la vinculaci\u00f3n de Juan del Val con el grupo medi\u00e1tico que organiza esta distinci\u00f3n. \u00abNo van a darme un premio por tener <strong>un contrato que no tengo<\/strong>. Esto es absurdo\u00bb, asegur\u00f3 el escritor hace semanas en &#8216;El Hormiguero&#8217;, donde explic\u00f3 que no trabaja para Atresmedia, sino para 7yacci\u00f3n, productora de Pablo Motos.<\/p>\n<p class=\"voc-p\" style=\"\">Adem\u00e1s, hay quien considera que &#8216;Vera. Una historia de amor&#8217; <a href=\"https:\/\/www.abc.es\/cultura\/cultural\/premio-planeta-novela-mala-vera-20251110113331-nt.html\" title=\"www.abc.es\" data-voc-vtm-id=\"in-text-traffic\" data-mrf-link=\"www.abc.es\" rel=\"nofollow noopener\" target=\"_blank\">no tiene la suficiente calidad<\/a> como para ganar un Premio Planeta. Sin embargo, es <strong>innegable el \u00e9xito de la novela<\/strong>, que ha batido todos los r\u00e9cords de la historia del Premio Planeta en cuanto a n\u00famero de ejemplares vendidos, tal y como revel\u00f3 Pablo Motos este mi\u00e9rcoles en su programa.<\/p>\n<p class=\"voc-p\" style=\"\">Sin duda, la novela de Juan del Val ha generado una gran expectaci\u00f3n entre el p\u00fablico, que se ha interesado por conocer la historia de Vera, una mujer de la alta <strong>sociedad sevillana <\/strong>que, a sus 45 a\u00f1os, decide romper con su matrimonio y se adentra en una apasionada relaci\u00f3n con un joven de origen humilde.<\/p>\n<p>\nEl error de Juan del Val en &#8216;Vera. Una historia de amor&#8217;\n<\/p>\n<p class=\"voc-p\" style=\"\">Sevilla enmarca esta historia que ha enamorado a miles de lectores. Sin embargo, Juan del Val ha desvelado que cometi\u00f3 un <strong>error en su novela<\/strong> que afecta, precisamente, a una de las tradiciones m\u00e1s arraigadas a la cultura de la ciudad.<\/p>\n<p class=\"voc-p\" style=\"\">\u00abHay <strong>un error en la novela que me fastidia mucho<\/strong>\u00bb, ha asegurado el tertuliano en una entrevista con &#8216;Yotele&#8217; al ser preguntado por las \u00abcr\u00edticas constructivas\u00bb que ha recibido el libro.<\/p>\n<p class=\"voc-p\" style=\"\">\u00abEn el primer d\u00eda de <strong>Feria de Sevilla<\/strong>, el del <strong>&#8216;pesca\u00edto&#8217;<\/strong>, yo sit\u00fao a las mujeres<strong> vestidas de flamenca<\/strong>\u2026 y ese d\u00eda nunca van vestidas as\u00ed\u00bb, ha explicado el autor sobre la tradicional cena que se celebra el d\u00eda previo al encendido oficial de la feria. En esta cita, es tradici\u00f3n vestir de manera formal y elegante, con chaqueta y corbata, en el caso de los hombres, y con vestidos de c\u00f3ctel o conjuntos elegantes, en el caso de las mujeres.<\/p>\n<p class=\"voc-p\" style=\"\">\u00abY lo sab\u00eda\u00bb, ha asegurado Juan del Val sobre el c\u00f3digo de vestimenta de la noche del pesca\u00edto, que no marca vestir con traje de flamenca, ya que la feria todav\u00eda no ha comenzado. \u00abEs un <strong>error peque\u00f1o<\/strong>, pero que <strong>me molesta porque lo sab\u00eda y se me pas\u00f3<\/strong>\u00bb, ha lamentado el escritor. <\/p>\n<p class=\"voc-p\" style=\"\">Adem\u00e1s, el colaborador de &#8216;El Hormiguero&#8217; ha comentado que tambi\u00e9n ha habido cr\u00edticas a su libro por su <strong>\u00abestilo demasiado directo o recargado\u00bb<\/strong>. En este caso, no lo considera \u00abun error\u00bb, sino \u00abuna forma de escribir que puede gustar o no\u00bb.<\/p>\n<p class=\"voc-p\" style=\"\">Con &#8216;Vera. Una historia de amor&#8217;, Juan del Val cuenta ya con <strong>siete libros<\/strong> \u2014dos de ellos coescritos junto a su mujer, Nuria Roca\u2014. A todos ellos, les mete \u00abhoras y horas y horas\u00bb de trabajo, \u00abapetezca o no, sea el momento o no, sea el lugar o no\u00bb, tal y como asegur\u00f3 en una entrevista con <a href=\"https:\/\/www.abc.es\/cultura\/libros\/juan-val-conocerme-leerme-20251104160014-nt.html\" title=\"www.abc.es\" data-voc-vtm-id=\"in-text-traffic\" data-mrf-link=\"www.abc.es\" rel=\"nofollow noopener\" target=\"_blank\">ABC<\/a>. Sin embargo, no es raro que, en toda la novela, pueda escaparse alg\u00fan detalle.<\/p>\n","protected":false},"excerpt":{"rendered":"Desde hace semanas, Juan del Val est\u00e1 acaparando el foco medi\u00e1tico. Su novela, &#8216;Vera. Una historia de amor&#8217;,&hellip;\n","protected":false},"author":2,"featured_media":247040,"comment_status":"","ping_status":"","sticky":false,"template":"","format":"standard","meta":{"footnotes":""},"categories":[91],"tags":[62994,146,147,12863,25,7955,24,62993,1487,409,1645,4191,5635,843,23,32693,7733],"class_list":{"0":"post-247039","1":"post","2":"type-post","3":"status-publish","4":"format-standard","5":"has-post-thumbnail","7":"category-entretenimiento","8":"tag-cometio","9":"tag-entertainment","10":"tag-entretenimiento","11":"tag-error","12":"tag-es","13":"tag-escribir","14":"tag-espana","15":"tag-fastidiado","16":"tag-ganado","17":"tag-juan","18":"tag-novela","19":"tag-paso","20":"tag-planeta","21":"tag-premio","22":"tag-spain","23":"tag-val","24":"tag-vera"},"share_on_mastodon":{"url":"https:\/\/pubeurope.com\/@es\/115584267069100321","error":""},"_links":{"self":[{"href":"https:\/\/www.europesays.com\/es\/wp-json\/wp\/v2\/posts\/247039","targetHints":{"allow":["GET"]}}],"collection":[{"href":"https:\/\/www.europesays.com\/es\/wp-json\/wp\/v2\/posts"}],"about":[{"href":"https:\/\/www.europesays.com\/es\/wp-json\/wp\/v2\/types\/post"}],"author":[{"embeddable":true,"href":"https:\/\/www.europesays.com\/es\/wp-json\/wp\/v2\/users\/2"}],"replies":[{"embeddable":true,"href":"https:\/\/www.europesays.com\/es\/wp-json\/wp\/v2\/comments?post=247039"}],"version-history":[{"count":0,"href":"https:\/\/www.europesays.com\/es\/wp-json\/wp\/v2\/posts\/247039\/revisions"}],"wp:featuredmedia":[{"embeddable":true,"href":"https:\/\/www.europesays.com\/es\/wp-json\/wp\/v2\/media\/247040"}],"wp:attachment":[{"href":"https:\/\/www.europesays.com\/es\/wp-json\/wp\/v2\/media?parent=247039"}],"wp:term":[{"taxonomy":"category","embeddable":true,"href":"https:\/\/www.europesays.com\/es\/wp-json\/wp\/v2\/categories?post=247039"},{"taxonomy":"post_tag","embeddable":true,"href":"https:\/\/www.europesays.com\/es\/wp-json\/wp\/v2\/tags?post=247039"}],"curies":[{"name":"wp","href":"https:\/\/api.w.org\/{rel}","templated":true}]}}