{"id":247050,"date":"2025-11-20T22:08:12","date_gmt":"2025-11-20T22:08:12","guid":{"rendered":"https:\/\/www.europesays.com\/es\/247050\/"},"modified":"2025-11-20T22:08:12","modified_gmt":"2025-11-20T22:08:12","slug":"angel-fuentes-deja-el-ciclismo-profesional-a-los-29-anos","status":"publish","type":"post","link":"https:\/\/www.europesays.com\/es\/247050\/","title":{"rendered":"\u00c1ngel Fuentes deja el ciclismo profesional a los 29 a\u00f1os"},"content":{"rendered":"<p>                    El ciclista burgal\u00e9s -que ha militado sus seis a\u00f1os y medio de profesional en el Burgos Burpellet BH- anuncia su retirada \u00abfeliz por todo lo vivido y por lo que me llevo conmigo\u00bb, dice.<\/p>\n<p class=\"c-news-list__author\">Ciclismoafondo.es. Fotos: Sprint Cycling Agency \/ Burgos Burpellet BH<\/p>\n<p class=\"c-mainarticle__date\">\n<p>                    20 de noviembre de 2025 (16:20 CET)<\/p>\n<p>                                                                                                                                        <img fetchpriority=\"high\" decoding=\"async\" src=\"https:\/\/www.europesays.com\/es\/wp-content\/uploads\/2025\/11\/el-burgales-angel-fuentes-deja-el-ciclismo-profesional-a-los-29-anos.jpeg\" alt=\"El burgal\u00e9s \u00c1ngel Fuentes deja el ciclismo profesional a los 29 a\u00f1os\" title=\"El burgal\u00e9s \u00c1ngel Fuentes deja el ciclismo profesional a los 29 a\u00f1os\" class=\"c-mainarticle__img\" loading=\"eager\" width=\"790\" height=\"454\"\/><\/p>\n<p>                    El burgal\u00e9s \u00c1ngel Fuentes deja el ciclismo profesional a los 29 a\u00f1os<\/p>\n<p>\u201c<strong>Despu\u00e9s de 22 a\u00f1os con un dorsal en la espalda, los seis \u00faltimos como profesional, lleg\u00f3 el momento de poner fin a esta etapa<\/strong>\u00ab. Con estas palabras comienza el mensaje en sus redes sociales con el que el burgal\u00e9s \u00c1ngel Fuentes, de 29 a\u00f1os, anuncia que deja el ciclismo profesional tras militar <strong>seis temporadas y media\u00a0<\/strong>en el equipo de su tierra, el\u00a0<strong>Burgos Burpellet BH.\u00a0<\/strong><\/p>\n<p>Fuentes -profesional entre mediados de 2019 y 2025, siempre con el ProTeam morado- <strong>dice despedirse \u00ab<\/strong><strong>feliz por todo lo vivido y por lo que me llevo conmigo.<\/strong> Innumerables personas que ahora son amigos; viajes, recuerdos y momentos a lo largo de todo el mundo; y el sinf\u00edn de valores que te aporta el ciclismo\u00bb.<\/p>\n<p>\u00abAgradezco a todos los equipos que me dieron la oportunidad de vestir sus colores; a las personas que los integran, por su ayuda y su incansable trabajo; y a los patrocinadores que, sin \u00e1nimo de lucro, ayudan a que este deporte siga vivo a\u00f1o tras a\u00f1o.<strong> Quiero dar las gracias de forma especial a Julio Andr\u00e9s Izquierdo<\/strong>, por darme la oportunidad de ser ciclista profesional y poder vivir de mi deporte, y por su ayuda desde categor\u00edas inferiores. <strong>Es momento de afrontar nuevos retos, con las mismas ganas, trabajo e ilusi\u00f3n que siempre<\/strong>\u201d, a\u00f1ade el ciclista burgal\u00e9s.\u00a0<\/p>\n<blockquote class=\"instagram-media\" data-instgrm-captioned=\"\" data-instgrm-permalink=\"https:\/\/www.instagram.com\/p\/DRRqRoVjF5f\/?utm_source=ig_embed&amp;utm_campaign=loading\" data-instgrm-version=\"14\" style=\" background:#FFF; border:0; border-radius:3px; box-shadow:0 0 1px 0 rgba(0,0,0,0.5),0 1px 10px 0 rgba(0,0,0,0.15); margin: 1px; max-width:540px; min-width:326px; padding:0; width:99.375%; width:-webkit-calc(100% - 2px); width:calc(100% - 2px);\"><p>&#13;<br \/>\n&#13;\n<\/p><\/blockquote>\n<p>\u00abDesde su debut como stagiaire en 2018, ha sido una inspiraci\u00f3n y un ejemplo a seguir para las nuevas generaciones de deportistas burgaleses. Ahora llega a su fin un trayecto lleno de grandes momentos, aprendizajes y crecimiento, tanto a nivel deportivo como personal\u00bb, dice desde el\u00a0<strong>Burgos Burpellet BH<\/strong>, formaci\u00f3n\u00a0 que <strong>agradece a Fuentes \u00absu buen trabajo y su entrega hacia el equipo en estos a\u00f1os\u00bb<\/strong> y le desea \u00abla mejor de las suertes en sus pr\u00f3ximos retos profesionales\u00bb.<\/p>\n<p>\u00c1ngel Fuentes se estren\u00f3 como morado en 2018, disputando el Tour de Taihu Lake en calidad de stagiaire, y <strong>en 2019 dio el salto al profesionalismo a mitad de temporada\u00a0<\/strong>para correr varias pruebas en China. Pronto se asent\u00f3 como un <strong>gran rodador capaz de destacar en fugas y contrarrelojes<\/strong>\u00a0<strong>y un hombre de equipo,<\/strong> dispuesto siempre a trabajar para sus compa\u00f1eros. En 2021 complet\u00f3 una de sus mejores actuaciones en <strong>La Route Ad\u00e9lie de Vitr\u00e9<\/strong>, donde firm\u00f3 un sexto puesto. Al a\u00f1o siguiente, volvi\u00f3 a acabar entre los diez primeros en esta prueba francesa.<\/p>\n<p><img decoding=\"async\" loading=\"lazy\" alt=\"Fuentes cerr\u00f3 su etapa como morado contribuyendo al \u00e9xito colectivo en el Tour de Huangshan\" data-id=\"14650689\" data-resize=\"null\" height=\"520\" src=\"https:\/\/www.europesays.com\/es\/wp-content\/uploads\/2025\/11\/fuentes-cerro-su-etapa-como-morado-contribuyendo-al-exito-colectivo-en-el-tour-de-huangshan.jpeg\" title=\"Fuentes cerr\u00f3 su etapa como morado contribuyendo al \u00e9xito colectivo en el Tour de Huangshan\" width=\"800\"\/>&#13;<br \/>\nFuentes cerr\u00f3 su etapa como morado contribuyendo al \u00e9xito colectivo en el Tour de Huangshan.\u00a0Foto: Tour of Huangshan&#13;<\/p>\n<p><strong>En 2023 destac\u00f3 como un hombre para las escapadas<\/strong>, en pruebas como el Tour de Om\u00e1n o la Vuelta a Burgos, donde consigui\u00f3 varios premios de mejor ciclista local. Cerr\u00f3 una buena temporada acabando 13\u00ba en la general del Tour de Taihu Lake y 15\u00ba\u00a0en el Tour de Vend\u00e9e. <strong>En 2024 estuvo cerca de la victoria<\/strong> desde la fuga en la Volta a Portugal y acab\u00f3 noveno en el Tour de Sharjah, tras ser cuarto en la contrarreloj individual. Ya en 2025, tambi\u00e9n complet\u00f3 una buena crono en la prueba emirat\u00ed, acabando en quinta posici\u00f3n. <strong>Su \u00faltima temporada como morado<\/strong> lleg\u00f3 a su fin en China, donde logr\u00f3 ser <strong>s\u00e9ptimo en el Tour de Huangshan, ayudando a <\/strong>su compa\u00f1ero<strong> Daniel Cavia a asegurar el triunfo <\/strong>en la clasificaci\u00f3n general.<\/p>\n<p>Fuera de la carretera, \u00c1ngel ha sido un<strong> gran embajador del ciclismo y el deporte de la provincia de Burgos<\/strong>. Marc\u00f3 el camino a seguir a las pr\u00f3ximas generaciones de corredores burgaleses que aspiren a llegar al profesionalismo. A nivel familiar, es todo un ejemplo a seguir para su hermano menor \u00d3scar, que compite actualmente en las filas del Equipo Cortizo. Adem\u00e1s, siempre traslad\u00f3 su pasi\u00f3n por este deporte a los m\u00e1s j\u00f3venes, con numerosas visitas a centros educativos y actividades en la provincia de Burgos.<\/p>\n<p><img decoding=\"async\" loading=\"lazy\" alt=\"Angel Fuentes se retira\" data-id=\"14650699\" data-resize=\"null\" height=\"1000\" src=\"https:\/\/www.europesays.com\/es\/wp-content\/uploads\/2025\/11\/angel-fuentes-se-retira.jpeg\" title=\"Angel Fuentes se retira\" width=\"790\"\/><\/p>\n<p>\u00a0<\/p>\n<p><script async src=\"\/\/www.instagram.com\/embed.js\"><\/script><\/p>\n","protected":false},"excerpt":{"rendered":"El ciclista burgal\u00e9s -que ha militado sus seis a\u00f1os y medio de profesional en el Burgos Burpellet BH-&hellip;\n","protected":false},"author":2,"featured_media":247051,"comment_status":"","ping_status":"","sticky":false,"template":"","format":"standard","meta":{"footnotes":""},"categories":[273],"tags":[313,312,168,25,24,23,167],"class_list":{"0":"post-247050","1":"post","2":"type-post","3":"status-publish","4":"format-standard","5":"has-post-thumbnail","7":"category-ciclismo","8":"tag-ciclismo","9":"tag-cycling","10":"tag-deportes","11":"tag-es","12":"tag-espana","13":"tag-spain","14":"tag-sports"},"share_on_mastodon":{"url":"https:\/\/pubeurope.com\/@es\/115584310364152708","error":""},"_links":{"self":[{"href":"https:\/\/www.europesays.com\/es\/wp-json\/wp\/v2\/posts\/247050","targetHints":{"allow":["GET"]}}],"collection":[{"href":"https:\/\/www.europesays.com\/es\/wp-json\/wp\/v2\/posts"}],"about":[{"href":"https:\/\/www.europesays.com\/es\/wp-json\/wp\/v2\/types\/post"}],"author":[{"embeddable":true,"href":"https:\/\/www.europesays.com\/es\/wp-json\/wp\/v2\/users\/2"}],"replies":[{"embeddable":true,"href":"https:\/\/www.europesays.com\/es\/wp-json\/wp\/v2\/comments?post=247050"}],"version-history":[{"count":0,"href":"https:\/\/www.europesays.com\/es\/wp-json\/wp\/v2\/posts\/247050\/revisions"}],"wp:featuredmedia":[{"embeddable":true,"href":"https:\/\/www.europesays.com\/es\/wp-json\/wp\/v2\/media\/247051"}],"wp:attachment":[{"href":"https:\/\/www.europesays.com\/es\/wp-json\/wp\/v2\/media?parent=247050"}],"wp:term":[{"taxonomy":"category","embeddable":true,"href":"https:\/\/www.europesays.com\/es\/wp-json\/wp\/v2\/categories?post=247050"},{"taxonomy":"post_tag","embeddable":true,"href":"https:\/\/www.europesays.com\/es\/wp-json\/wp\/v2\/tags?post=247050"}],"curies":[{"name":"wp","href":"https:\/\/api.w.org\/{rel}","templated":true}]}}