{"id":247054,"date":"2025-11-20T22:11:09","date_gmt":"2025-11-20T22:11:09","guid":{"rendered":"https:\/\/www.europesays.com\/es\/247054\/"},"modified":"2025-11-20T22:11:09","modified_gmt":"2025-11-20T22:11:09","slug":"sus-declaraciones-fueron-erroneas-y-tendra-sancion-economica","status":"publish","type":"post","link":"https:\/\/www.europesays.com\/es\/247054\/","title":{"rendered":"sus declaraciones fueron err\u00f3neas y tendr\u00e1 sanci\u00f3n econ\u00f3mica\u00bb"},"content":{"rendered":"<p data-gtm-element-container=\"modulo-texto-link\" class=\"paragraph\">La primera pregunta de la rueda de prensa de Carlos Corber\u00e1n del derbi valenciano no fue sobre el partido. Fue sobre<strong> Stole Dimitrievski<\/strong>. El meta, que regres\u00f3 a los entrenamientos este jueves despu\u00e9s de sus pol\u00e9micas declaraciones en su pa\u00eds, ha tenido que dar explicaciones en la Ciudad Deportiva de Paterna.<\/p>\n<p data-gtm-element-container=\"modulo-texto-link\" class=\"paragraph\">El t\u00e9cnico che reconoci\u00f3 que tanto \u00e9l como el vestuario mantuvieron una conversaci\u00f3n con el guardameta macedonio tras unas palabras que han generado revuelo y que, pese a las disculpas del jugador, traer\u00e1n consigo una sanci\u00f3n econ\u00f3mica. \u201cHemos mantenido una conversaci\u00f3n individual, en esa conversaci\u00f3n el jugador ha pedido disculpas porque sus declaraciones fueron err\u00f3neas e incorrectas\u201d, explic\u00f3 Corber\u00e1n.<\/p>\n<p>    Lee tambi\u00e9n<\/p>\n<p data-gtm-element-container=\"modulo-texto-link\" class=\"paragraph\">Las declaraciones en cuesti\u00f3n llegaron en una entrevista en el canal de YouTube &#8216;De Kumanovo a la Liga&#8217;, con el periodista macedonio Lazarov, en la que Dimitrievski habl\u00f3 abiertamente del contrato de su compa\u00f1ero Julen Agirrezabala, asegurando que juega por contrato.<\/p>\n<p data-gtm-element-container=\"modulo-texto-link\" class=\"paragraph\">\u201cEsta temporada lleg\u00f3 un segundo portero con opci\u00f3n de contrato que deber\u00eda jugar un n\u00famero de partidos. Me qued\u00e9 impactado. Si no juega, tiene que pagar multas al club. En verano hubo opciones de que podr\u00eda haber abandonado el club, pero Valencia no quer\u00eda dejarme marchar. Hab\u00eda clubes de las cuatro grandes ligas, Turqu\u00eda y Arabia interesados. Yo estaba listo y decidido a salir, pero me qued\u00e9\u201d, declar\u00f3 el macedonio.<\/p>\n<p data-gtm-element-container=\"modulo-texto-link\" class=\"paragraph\"><strong>Una decisi\u00f3n deportiva, no contractual<\/strong><\/p>\n<p data-gtm-element-container=\"modulo-texto-link\" class=\"paragraph\">El entrenador quiso asegurar que las decisiones deportivas no se deben a situaciones contractuales. \u201cEn el Valencia nadie juega o deja de jugar por contrato. \u00c9l es consciente, ha pedido disculpas en el vestuario y al cuerpo t\u00e9cnico y a partir de ah\u00ed me rijo por el r\u00e9gimen interno de comportamiento del club y va a tener la sanci\u00f3n econ\u00f3mica propia de ese r\u00e9gimen. Con las disculpas y la conversaci\u00f3n doy por zanjada esta cuesti\u00f3n\u201d, concluy\u00f3.<\/p>\n","protected":false},"excerpt":{"rendered":"La primera pregunta de la rueda de prensa de Carlos Corber\u00e1n del derbi valenciano no fue sobre el&hellip;\n","protected":false},"author":2,"featured_media":247055,"comment_status":"","ping_status":"","sticky":false,"template":"","format":"standard","meta":{"footnotes":""},"categories":[268],"tags":[168,25,24,280,282,281,23,167],"class_list":{"0":"post-247054","1":"post","2":"type-post","3":"status-publish","4":"format-standard","5":"has-post-thumbnail","7":"category-futbol","8":"tag-deportes","9":"tag-es","10":"tag-espana","11":"tag-football","12":"tag-futbol","13":"tag-soccer","14":"tag-spain","15":"tag-sports"},"share_on_mastodon":{"url":"https:\/\/pubeurope.com\/@es\/115584325649527568","error":""},"_links":{"self":[{"href":"https:\/\/www.europesays.com\/es\/wp-json\/wp\/v2\/posts\/247054","targetHints":{"allow":["GET"]}}],"collection":[{"href":"https:\/\/www.europesays.com\/es\/wp-json\/wp\/v2\/posts"}],"about":[{"href":"https:\/\/www.europesays.com\/es\/wp-json\/wp\/v2\/types\/post"}],"author":[{"embeddable":true,"href":"https:\/\/www.europesays.com\/es\/wp-json\/wp\/v2\/users\/2"}],"replies":[{"embeddable":true,"href":"https:\/\/www.europesays.com\/es\/wp-json\/wp\/v2\/comments?post=247054"}],"version-history":[{"count":0,"href":"https:\/\/www.europesays.com\/es\/wp-json\/wp\/v2\/posts\/247054\/revisions"}],"wp:featuredmedia":[{"embeddable":true,"href":"https:\/\/www.europesays.com\/es\/wp-json\/wp\/v2\/media\/247055"}],"wp:attachment":[{"href":"https:\/\/www.europesays.com\/es\/wp-json\/wp\/v2\/media?parent=247054"}],"wp:term":[{"taxonomy":"category","embeddable":true,"href":"https:\/\/www.europesays.com\/es\/wp-json\/wp\/v2\/categories?post=247054"},{"taxonomy":"post_tag","embeddable":true,"href":"https:\/\/www.europesays.com\/es\/wp-json\/wp\/v2\/tags?post=247054"}],"curies":[{"name":"wp","href":"https:\/\/api.w.org\/{rel}","templated":true}]}}