{"id":247056,"date":"2025-11-20T22:12:08","date_gmt":"2025-11-20T22:12:08","guid":{"rendered":"https:\/\/www.europesays.com\/es\/247056\/"},"modified":"2025-11-20T22:12:08","modified_gmt":"2025-11-20T22:12:08","slug":"quien-es-sara-salamo-nueva-invitada-hoy-en-pasapalabra-y-pareja-de-uno-de-los-mejores-jugadores-del-futbol-espanol","status":"publish","type":"post","link":"https:\/\/www.europesays.com\/es\/247056\/","title":{"rendered":"Qui\u00e9n es Sara S\u00e1lamo, nueva invitada hoy en &#8216;Pasapalabra&#8217; y pareja de uno de los mejores jugadores del f\u00fatbol espa\u00f1ol"},"content":{"rendered":"<p data-mrf-recirculation=\"Links P\u00e1rrafos\" class=\"ue-c-article__paragraph paragraph ue-c-article--first-letter-highlighted\">Caras nuevas en &#8216;<strong>Pasapalabra<\/strong>&#8216;. El concurso de Antena 3 cambia su n\u00f3mina de famosos y una de las celebridades que se pasa por el concurso a partir de hoy es\u00a0ara Ainhoa Concepci\u00f3n S\u00e1lamo, nacida el 20 de enero de 1992 en Santa Cruz de Tenerife. M<strong>\u00e1s conocida como Sara S\u00e1lamo,<\/strong> es una actriz, guionista y directora espa\u00f1ola, adem\u00e1s de activista en causas feministas y de protecci\u00f3n animal.<\/p>\n<p data-mrf-recirculation=\"Links P\u00e1rrafos\" class=\"ue-c-article__paragraph paragraph\">Desde muy joven mostr\u00f3 inclinaci\u00f3n por la interpretaci\u00f3n y,<strong> con apenas once a\u00f1os, particip\u00f3 en el doblaje de un cortometraje dirigido por su padre,<\/strong> una experiencia que reforz\u00f3 su deseo de dedicarse al mundo art\u00edstico. A los dieciocho a\u00f1os se traslad\u00f3 a Madrid con el objetivo de formarse profesionalmente y abrirse camino en la industria.<\/p>\n<p data-mrf-recirculation=\"Links P\u00e1rrafos\" class=\"ue-c-article__paragraph paragraph\">Su debut relevante lleg\u00f3 en televisi\u00f3n con la serie andaluza &#8216;Array\u00e1n&#8217;, donde interpret\u00f3 a Esther. A partir de ah\u00ed encaden\u00f3 apariciones en producciones nacionales como<strong> &#8216;Toledo, cruce de destinos&#8217; y &#8216;A\u00edda&#8217;. Su salto al cine se produjo con &#8216;Tres 60&#8217;, en la que encarn\u00f3 a Daniela, un papel exigente<\/strong> que inclu\u00eda escenas que ella misma describi\u00f3 como emocionalmente complejas. Posteriormente particip\u00f3 en ficciones destacadas, entre ellas &#8216;B&amp;b&#8217;, de boca en boca, donde dio vida al personaje de Cayetana y consolid\u00f3 su presencia en la peque\u00f1a pantalla.<\/p>\n<p data-mrf-recirculation=\"Links P\u00e1rrafos\" class=\"ue-c-article__paragraph paragraph\">En el \u00e1mbito cinematogr\u00e1fico ha formado parte de proyectos de gran visibilidad, como <strong>&#8216;Todos lo saben&#8217;, &#8216;Perdida&#8217; o &#8216;Las grietas de Jara&#8217;<\/strong>. Con el tiempo ha ampliado su campo profesional m\u00e1s all\u00e1 de la actuaci\u00f3n: fund\u00f3 una productora propia y comenz\u00f3 a explorar la direcci\u00f3n y la creaci\u00f3n audiovisual desde una perspectiva m\u00e1s personal. Este giro creativo culmin\u00f3 en l<strong>a realizaci\u00f3n del documental &#8216;En silencio&#8217;, centrado en el proceso de recuperaci\u00f3n f\u00edsica y emocional de su pareja tras una grave lesi\u00f3n deportiva<\/strong>. La pieza destac\u00f3 por su mirada \u00edntima y por alejarse deliberadamente del tratamiento sensacionalista habitual en torno a figuras p\u00fablicas.<\/p>\n<p>Pareja de Isco Alarc\u00f3n<\/p>\n<p data-mrf-recirculation=\"Links P\u00e1rrafos\" class=\"ue-c-article__paragraph paragraph\">En el plano personal, <strong>Sara S\u00e1lamo mantiene desde 2017 una relaci\u00f3n con el futbolista Isco Alarc\u00f3n.<\/strong> La pareja tiene dos hijos y contrajo matrimonio en 2024. S\u00e1lamo ha explicado en numerosas ocasiones la dificultad de conciliar trabajo y maternidad, y ha reivindicado la necesidad de mejoras reales para facilitar esa conciliaci\u00f3n. T<strong>ambi\u00e9n ha hablado abiertamente del posparto y de los retos f\u00edsicos y emocionales que implica, <\/strong>apostando por una visi\u00f3n honesta y alejada de idealizaciones.<\/p>\n<p data-mrf-recirculation=\"Links P\u00e1rrafos\" class=\"ue-c-article__paragraph paragraph\">Su presencia p\u00fablica est\u00e1 marcada asimismo por su activismo. Se declara <strong>feminista, antitaurina y defensora de los derechos de los animales<\/strong>. Este compromiso ha generado apoyos, pero tambi\u00e9n numerosas pol\u00e9micas. Una de las m\u00e1s frecuentes ha sido el acoso que recibe en redes sociales, especialmente vinculado a su relaci\u00f3n con Isco, situaci\u00f3n que ella denuncia como profundamente machista.\u00a0<\/p>\n<p>La actriz <strong>ha expuesto insultos y ataques que recibe durante los partidos de su pareja<\/strong> y ha reflexionado p\u00fablicamente sobre c\u00f3mo ciertas cr\u00edticas siguen respondiendo a prejuicios de g\u00e9nero muy arraigados. En otras ocasiones ha sido objeto de debate por tomar postura en cuestiones relacionadas con el lenguaje o determinadas reivindicaciones sociales, algo que no ha impedido que mantenga su actividad p\u00fablica y su tono comprometido.<\/p>\n","protected":false},"excerpt":{"rendered":"Caras nuevas en &#8216;Pasapalabra&#8216;. El concurso de Antena 3 cambia su n\u00f3mina de famosos y una de las&hellip;\n","protected":false},"author":2,"featured_media":247057,"comment_status":"","ping_status":"","sticky":false,"template":"","format":"standard","meta":{"footnotes":""},"categories":[174],"tags":[255,146,147,25,24,256,23],"class_list":{"0":"post-247056","1":"post","2":"type-post","3":"status-publish","4":"format-standard","5":"has-post-thumbnail","7":"category-famosos","8":"tag-celebrities","9":"tag-entertainment","10":"tag-entretenimiento","11":"tag-es","12":"tag-espana","13":"tag-famosos","14":"tag-spain"},"share_on_mastodon":{"url":"https:\/\/pubeurope.com\/@es\/115584325727666542","error":""},"_links":{"self":[{"href":"https:\/\/www.europesays.com\/es\/wp-json\/wp\/v2\/posts\/247056","targetHints":{"allow":["GET"]}}],"collection":[{"href":"https:\/\/www.europesays.com\/es\/wp-json\/wp\/v2\/posts"}],"about":[{"href":"https:\/\/www.europesays.com\/es\/wp-json\/wp\/v2\/types\/post"}],"author":[{"embeddable":true,"href":"https:\/\/www.europesays.com\/es\/wp-json\/wp\/v2\/users\/2"}],"replies":[{"embeddable":true,"href":"https:\/\/www.europesays.com\/es\/wp-json\/wp\/v2\/comments?post=247056"}],"version-history":[{"count":0,"href":"https:\/\/www.europesays.com\/es\/wp-json\/wp\/v2\/posts\/247056\/revisions"}],"wp:featuredmedia":[{"embeddable":true,"href":"https:\/\/www.europesays.com\/es\/wp-json\/wp\/v2\/media\/247057"}],"wp:attachment":[{"href":"https:\/\/www.europesays.com\/es\/wp-json\/wp\/v2\/media?parent=247056"}],"wp:term":[{"taxonomy":"category","embeddable":true,"href":"https:\/\/www.europesays.com\/es\/wp-json\/wp\/v2\/categories?post=247056"},{"taxonomy":"post_tag","embeddable":true,"href":"https:\/\/www.europesays.com\/es\/wp-json\/wp\/v2\/tags?post=247056"}],"curies":[{"name":"wp","href":"https:\/\/api.w.org\/{rel}","templated":true}]}}