{"id":247058,"date":"2025-11-20T22:13:09","date_gmt":"2025-11-20T22:13:09","guid":{"rendered":"https:\/\/www.europesays.com\/es\/247058\/"},"modified":"2025-11-20T22:13:09","modified_gmt":"2025-11-20T22:13:09","slug":"el-renacer-de-fernando-delapuente-50-anos-despues-ars-magazine","status":"publish","type":"post","link":"https:\/\/www.europesays.com\/es\/247058\/","title":{"rendered":"El renacer de Fernando Delapuente 50 a\u00f1os despu\u00e9s &#8211; ARS Magazine"},"content":{"rendered":"<ol>\n<li><a href=\"https:\/\/news.google.com\/rss\/articles\/CBMif0FVX3lxTE5FZ1Y5UGY5V3dvd21yY0JYWlIzNk1QaGZnSklsZEJ4VU5fdnZpdkVYN21vVVRtSDNwLXlUR1NkM1h5UmI5TVlBX05WcHl2QlJ6X0wwZkZ0V0d6VXp6U1NxYTd0ZTFYbUd1NUFvNEY5RlNzZmtvZGZrN1YtQWViVnM?oc=5\" target=\"_blank\" rel=\"nofollow noopener\">El renacer de Fernando Delapuente 50 a\u00f1os despu\u00e9s<\/a>&nbsp;&nbsp;ARS Magazine<\/li>\n<li><a href=\"https:\/\/news.google.com\/rss\/articles\/CBMizAFBVV95cUxOZDhkY0EzaGp4ck1BRnUyUjNlTnU3NTFOX3hJd25NaGhmLUdpQkhXODNBclBtLVNCcmlDVFR1WGhZSHVQUzhVM0R0cGQyUk1yRDNGU1FqMkZaWDRxUEFnc20za3JYMTEzcWhFWC1PazhDRzN4bmdmZU0zcmYtTlFuQ0hRN1ZoQWFHcXZ6eUV3NGtIcl9SUDNXTjNKbjRPNGNrNFNZZzd6Q0NlYi1DQXdyVV9VT01BR1pDNnBYNk1lczkwZjdwcWJjN0dNUELSAdIBQVVfeXFMTzRKbDFGdzhkUjZfLXJQa0dZVmtGLXlIbXltam5jVmhxa1MwVDBDTWx4VDNXRkZtdmZhU1FfdGJZRDBzejNqVEstVjcxQ21NeU0zZ21meUdsUXhJeDRNMkotZlFmZHliWDhDSnV2MFc4NUdpQThSR29kY0phNnl3anNGYXV5UGhpTUdVZUFJcmY0U3JETDNqVVVyQi1qUFd1WXZQbXdUR2NEVTlJSUh5a25Felc4MFppMmU5OVFCX1FQU2lOS3poalNkVUxvNFllUVF3?oc=5\" target=\"_blank\" rel=\"nofollow noopener\">Delapuente, el Van Gogh espa\u00f1ol y cat\u00f3lico cuyo color vuelve a brillar medio siglo despu\u00e9s<\/a>&nbsp;&nbsp;El Debate<\/li>\n<li><a href=\"https:\/\/news.google.com\/rss\/articles\/CBMi2wFBVV95cUxQdXlzYnM2MG80Q04wa3J6UllyV1loOS16c3NWT3MxSTNBbWpnbC0ydFJEZkEyWFdOMVVMMS1lZEg4YnVnREpWUk0xTHM3VkQwRUpfaV94WUJwWmxWUVBaUHVZNmI2aDRha2tSNU1OMnhXTV9ocUdSdWpCdU9VUmc3dXU0cTVTWUd0YWpkaUpLdVAyVzEzbjQweWItRTFMSTFfbUdFZjN5c1pEQVJjTFY5ZmVPSnBnS0twS2NjMGU4UHdIa1hyUUhWNG50OTBYZEd1VDl1ZkxOTUFsY00?oc=5\" target=\"_blank\" rel=\"nofollow noopener\">Una exposici\u00f3n sobre Fernando Delapuente re\u00fane cerca de 70 de sus obras en Madrid, por el 50 aniversario de su muerte<\/a>&nbsp;&nbsp;Europa Press<\/li>\n<li><a href=\"https:\/\/news.google.com\/rss\/articles\/CBMi_AFBVV95cUxQT2tmVWZLNW5MbDFWVEVnbHE2ckktcTZSVXVUNWN5ektGcS05cm1PRHpiOEJSc2k2dXRzSlZVWjZ5bmdiNkhYcmgyTkVhWVdzaWxNbDBLS2gzRVNUMHd2OTlCNDJ5bHFwZ25qUjI4T0tHTjlwZE5BMERuTWFwZzB1UWE0cHlLUWVTZlg3eE8tMTktUFBBNUpacmxfMllxR0o0VkhUbTZva204WUR4YjgxQ29kR2IxbUUxMkV2QXljamVta1VUSnF2NVY1Tk03WEkwcXhTdjlXLVhmZ1l1Q3dmSFdqNnRkNzZnU3o5WXlSa1dIaDRmRHpLQTFQR3c?oc=5\" target=\"_blank\" rel=\"nofollow noopener\">El ICOMEM se consolida como un espacio cultural en pleno eje art\u00edstico de Madrid con la exposici\u00f3n \u201cFernando Delapuente\u201d<\/a>&nbsp;&nbsp;Ilustre Colegio Oficial de M\u00e9dicos de Madrid<\/li>\n<li><a href=\"https:\/\/news.google.com\/rss\/articles\/CBMifkFVX3lxTE5NNGxSeHVfN2hJR08tVElkNG9WSlNUcnFvSjBUd19uZFBneEJmdkdISFhOd0N5M2hLczRNOUF5MTdfMzkyVEl6QlZRckZza0tEdkMwaC0yNDV2RmdYYnlqdk9DZnpxVEVCU2djX05ocXdtcjAyZGJKTmRCOUljdw?oc=5\" target=\"_blank\" rel=\"nofollow noopener\">Fernando Delapuente en el Colegio de M\u00e9dicos, el viajero en el camino<\/a>&nbsp;&nbsp;masdearte.com<\/li>\n<\/ol>\n","protected":false},"excerpt":{"rendered":"El renacer de Fernando Delapuente 50 a\u00f1os despu\u00e9s&nbsp;&nbsp;ARS Magazine Delapuente, el Van Gogh espa\u00f1ol y cat\u00f3lico cuyo color&hellip;\n","protected":false},"author":2,"featured_media":247059,"comment_status":"","ping_status":"","sticky":false,"template":"","format":"standard","meta":{"footnotes":""},"categories":[173],"tags":[229,233,231,230,232,234,146,147,25,24,23],"class_list":{"0":"post-247058","1":"post","2":"type-post","3":"status-publish","4":"format-standard","5":"has-post-thumbnail","7":"category-arte-y-diseno","8":"tag-arte","9":"tag-arte-y-diseno","10":"tag-arts","11":"tag-arts-and-design","12":"tag-design","13":"tag-diseno","14":"tag-entertainment","15":"tag-entretenimiento","16":"tag-es","17":"tag-espana","18":"tag-spain"},"share_on_mastodon":{"url":"https:\/\/pubeurope.com\/@es\/115584329538475977","error":""},"_links":{"self":[{"href":"https:\/\/www.europesays.com\/es\/wp-json\/wp\/v2\/posts\/247058","targetHints":{"allow":["GET"]}}],"collection":[{"href":"https:\/\/www.europesays.com\/es\/wp-json\/wp\/v2\/posts"}],"about":[{"href":"https:\/\/www.europesays.com\/es\/wp-json\/wp\/v2\/types\/post"}],"author":[{"embeddable":true,"href":"https:\/\/www.europesays.com\/es\/wp-json\/wp\/v2\/users\/2"}],"replies":[{"embeddable":true,"href":"https:\/\/www.europesays.com\/es\/wp-json\/wp\/v2\/comments?post=247058"}],"version-history":[{"count":0,"href":"https:\/\/www.europesays.com\/es\/wp-json\/wp\/v2\/posts\/247058\/revisions"}],"wp:featuredmedia":[{"embeddable":true,"href":"https:\/\/www.europesays.com\/es\/wp-json\/wp\/v2\/media\/247059"}],"wp:attachment":[{"href":"https:\/\/www.europesays.com\/es\/wp-json\/wp\/v2\/media?parent=247058"}],"wp:term":[{"taxonomy":"category","embeddable":true,"href":"https:\/\/www.europesays.com\/es\/wp-json\/wp\/v2\/categories?post=247058"},{"taxonomy":"post_tag","embeddable":true,"href":"https:\/\/www.europesays.com\/es\/wp-json\/wp\/v2\/tags?post=247058"}],"curies":[{"name":"wp","href":"https:\/\/api.w.org\/{rel}","templated":true}]}}