{"id":247062,"date":"2025-11-20T22:16:20","date_gmt":"2025-11-20T22:16:20","guid":{"rendered":"https:\/\/www.europesays.com\/es\/247062\/"},"modified":"2025-11-20T22:16:20","modified_gmt":"2025-11-20T22:16:20","slug":"onda-cero-celebra-su-35-aniversario-desde-candeleda","status":"publish","type":"post","link":"https:\/\/www.europesays.com\/es\/247062\/","title":{"rendered":"Onda Cero celebra su 35 aniversario desde Candeleda"},"content":{"rendered":"<p>El equipo de Onda Cero \u00c1vila, con las periodistas Mayte Rodr\u00edguez y Elena Rodr\u00edguez al frente, se desplaz\u00f3 este mi\u00e9rcoles hasta Candeleda para la emisi\u00f3n especial de su programa &#8216;M\u00e1s de uno&#8217;, con motivo de la celebraci\u00f3n del 35 aniversario de la emisora.<\/p>\n<p>Durante hora y media, este espacio llev\u00f3 a trav\u00e9s de las ondas a todos los hogares de la provincia la actualidad candeledana a trav\u00e9s de las voces de sus vecinos, entre los que se encontraban responsables municipales, empresarios y representantes de la comunidad educativa local.<\/p>\n<p>El programa comenz\u00f3 con una entrevista al alcalde, Carlos Montesino, quien analiz\u00f3 el presente y el futuro de este municipio del sur de la provincia que a\u00f1o tras a\u00f1o ha ido creciendo en n\u00famero de habitantes, superando ya el a\u00f1o pasado la barrera de los 5.000 y situ\u00e1ndose actualmente en los 5.030, seg\u00fan indic\u00f3 el regidor, a falta de datos oficiales del INE.\u00a0<\/p>\n<p><img decoding=\"async\" loading=\"lazy\" src=\"https:\/\/www.europesays.com\/es\/wp-content\/uploads\/2025\/11\/41FBAD75-4433-4DB0-A45093A76B5799D1.JPG\" alt=\"Onda Cero celebra su 35 aniversario desde Candeleda\" border=\"0\"\/>Onda Cero celebra su 35 aniversario desde CandeledaLos problemas de cobertura que viene sufriendo el Bajo Ti\u00e9tar, cuya soluci\u00f3n pasa por ese anillo que conecte Extremadura con Castilla y Le\u00f3n, tambi\u00e9n fueron analizados por el alcalde, que ya ha mantenido alg\u00fan encuentro con Telef\u00f3nica en ese sentido. De igual forma repas\u00f3 algunos de los principales proyectos en los que trabajan desde el Ayuntamiento para generar empleo y bienestar para sus vecinos, entre los que destac\u00f3 el futuro pol\u00edgono industrial, del cual ya est\u00e1 terminado el proyecto de su primera fase a falta de conseguir la financiaci\u00f3n necesaria para su ejecuci\u00f3n, 1,8 millones de euros, y el proyecto &#8216;A tu vera&#8217;, sobre el que tambi\u00e9n habl\u00f3 la teniente de alcalde Luc\u00eda Hern\u00e1ndez, que como coment\u00f3, \u00abtiene como objetivo fomentar la autonom\u00eda de las personas mayores y procurar su estancia en su entorno natural, facilitando as\u00ed la conciliaci\u00f3n profesional y personal de los usuarios\u00bb.<\/p>\n<p>Una iniciativa que naci\u00f3 en 2020 y que actualmente cuenta con 15 personas atendidas en sus domicilios m\u00e1s otras 15 participantes en talleres semanales. Para ello cuenta con dos t\u00e9cnicos de animaci\u00f3n sociocultural, una trabajadora social y una persona de ayuda a domicilio.<\/p>\n<p>Estas entrevistas al alcalde y a la teniente de alcalde dieron paso una mesa de productores, en la que se habl\u00f3 de las distintas propuestas agroalimentarias que ponen en valor la gastronom\u00eda candeledana, entre ellos el secretario de la Asociaci\u00f3n de Pimentoneros, \u00d3scar Tard\u00e1guila; Bego\u00f1a Chozas, de Quesos Valdecabras;Cristina Rosillo, de la Cooperativa Capra Hisp\u00e1nica para hablar sobre el &#8216;Higo de Gredos&#8217; y sus bombones;Juan Carlos Jim\u00e9nez, en representaci\u00f3n de los olivareros de la zona y Guillermo Corrochano, que se refiri\u00f3 a las bondades del cabrito de Candeleda. En este \u00e1mbito subrayaron la importancia de la Feria del Piment\u00f3n y el Queso de Cabra que se celebrar\u00e1 durante el puente de diciembre como escaparate de todos esos productos t\u00edpicos de la zona.<\/p>\n<p>Uno de los grandes exponentes econ\u00f3micos de la localidad, el turismo, centr\u00f3 otra de las secciones de\u00a0 esta emisi\u00f3n especial de &#8216;M\u00e1s de uno&#8217;, en la que la concejala del \u00e1rea Mercedes Peinado y la t\u00e9cnico Sara pusieron el foco en el proyecto &#8216;Candeleda-Gredos&#8217;, que apuesta principalmente por el turismo deportivo a trav\u00e9s del primer parque deportivo natural de Espa\u00f1a, con diferentes eventos a lo largo del a\u00f1o, que mantiene unos niveles de ocupaci\u00f3n cada fin de semana por encima del 80%. Tambi\u00e9n hablaron del centro medioambiental de &#8216;La Lagunilla&#8217; y de eventos destacados como las jornadas micol\u00f3gicas o el Festival de la Grulla, a finales de enero.\u00a0\u00a0<\/p>\n<p>Tambi\u00e9n hubo espacio para presentar un bonito proyecto que vienen desarrollando desde hace varios a\u00f1os en el Colegio P\u00fablico Almanzor, su radio escolar, impulsada por el que fuera el director del centro, Paco Blanco, y del que actualmente forman parte alumnos como Nicol\u00e1s Vaquero y Elisa Garc\u00eda, que ofrecieron sus puntos de vista sobre esta herramienta did\u00e1ctica.<\/p>\n<p>Y las tradiciones musicales de Candeleda pusieron el broche de oro a esta programaci\u00f3n especial, de la mano de \u00c1ngel David Pe\u00f1alver, impulsor de un taller de calderos y zambombas, y de Eduardo, Rosa y Dionisio, del grupo &#8216;Los cabreros de Gredos&#8217;, que deleitaron a los oyentes con una ronde\u00f1a candeledana.<\/p>\n","protected":false},"excerpt":{"rendered":"El equipo de Onda Cero \u00c1vila, con las periodistas Mayte Rodr\u00edguez y Elena Rodr\u00edguez al frente, se desplaz\u00f3&hellip;\n","protected":false},"author":2,"featured_media":247063,"comment_status":"","ping_status":"","sticky":false,"template":"","format":"standard","meta":{"footnotes":""},"categories":[170],"tags":[7607,62999,26670,62998,3590,62997,5509,146,147,25,24,7234,8068,184,185,5080,23,1826,4664],"class_list":{"0":"post-247062","1":"post","2":"type-post","3":"status-publish","4":"format-standard","5":"has-post-thumbnail","7":"category-musica","8":"tag-avila","9":"tag-bajo-tietar","10":"tag-candeleda","11":"tag-carlos-montesino","12":"tag-castilla-y-leon","13":"tag-elena-rodriguez","14":"tag-empleo","15":"tag-entertainment","16":"tag-entretenimiento","17":"tag-es","18":"tag-espana","19":"tag-extremadura","20":"tag-ine","21":"tag-music","22":"tag-musica","23":"tag-onda-cero","24":"tag-spain","25":"tag-telefonica","26":"tag-turismo"},"share_on_mastodon":{"url":"https:\/\/pubeurope.com\/@es\/115584341673023409","error":""},"_links":{"self":[{"href":"https:\/\/www.europesays.com\/es\/wp-json\/wp\/v2\/posts\/247062","targetHints":{"allow":["GET"]}}],"collection":[{"href":"https:\/\/www.europesays.com\/es\/wp-json\/wp\/v2\/posts"}],"about":[{"href":"https:\/\/www.europesays.com\/es\/wp-json\/wp\/v2\/types\/post"}],"author":[{"embeddable":true,"href":"https:\/\/www.europesays.com\/es\/wp-json\/wp\/v2\/users\/2"}],"replies":[{"embeddable":true,"href":"https:\/\/www.europesays.com\/es\/wp-json\/wp\/v2\/comments?post=247062"}],"version-history":[{"count":0,"href":"https:\/\/www.europesays.com\/es\/wp-json\/wp\/v2\/posts\/247062\/revisions"}],"wp:featuredmedia":[{"embeddable":true,"href":"https:\/\/www.europesays.com\/es\/wp-json\/wp\/v2\/media\/247063"}],"wp:attachment":[{"href":"https:\/\/www.europesays.com\/es\/wp-json\/wp\/v2\/media?parent=247062"}],"wp:term":[{"taxonomy":"category","embeddable":true,"href":"https:\/\/www.europesays.com\/es\/wp-json\/wp\/v2\/categories?post=247062"},{"taxonomy":"post_tag","embeddable":true,"href":"https:\/\/www.europesays.com\/es\/wp-json\/wp\/v2\/tags?post=247062"}],"curies":[{"name":"wp","href":"https:\/\/api.w.org\/{rel}","templated":true}]}}