{"id":247084,"date":"2025-11-20T22:34:10","date_gmt":"2025-11-20T22:34:10","guid":{"rendered":"https:\/\/www.europesays.com\/es\/247084\/"},"modified":"2025-11-20T22:34:10","modified_gmt":"2025-11-20T22:34:10","slug":"plan-lamine-contra-su-pubalgia-2","status":"publish","type":"post","link":"https:\/\/www.europesays.com\/es\/247084\/","title":{"rendered":"Plan Lamine contra su pubalgia"},"content":{"rendered":"<p data-gtm-element-container=\"modulo-texto-link\" class=\"paragraph\">El Bar\u00e7a defini\u00f3 un plan de recuperaci\u00f3n de Lamine Yamal (18 a\u00f1os), cuya lesi\u00f3n, m\u00e1s molesta que grave, le oblig\u00f3 a frenar su actividad por completo los \u00faltimos d\u00edas, perdi\u00e9ndose as\u00ed los \u00faltimos dos partidos de clasificaci\u00f3n para el Mundial con la selecci\u00f3n espa\u00f1ola ante Georgia y Turqu\u00eda.\u00a0<\/p>\n<p data-gtm-element-container=\"modulo-texto-link\" class=\"paragraph\">Despu\u00e9s de someterse el pasado 10 de noviembre a un tratamiento invasivo de radiofrecuencia, el extremo azulgrana descans\u00f3 entre 48 y 72 horas. Reposo total antes de comenzar ya el pasado jueves (17.00 h.) un trabajo espec\u00edfico con dos recuperadores del club. La finalidad no es otra que pueda volver a competir en 7-10 d\u00edas. De hecho, el delantero catal\u00e1n ya estuvo haciendo parte del trabajo con el grupo en la sesi\u00f3n de ayer mi\u00e9rcoles a las \u00f3rdenes de Hansi Flick en la Ciutat Esportiva Joan Gamper.<\/p>\n<p>Reaparici\u00f3n parcial en Bilbao y listo para Londres<\/p>\n<p data-gtm-element-container=\"modulo-texto-link\" class=\"paragraph\">En el club no descartan que Lamine pueda tener minutos ante el Athletic este s\u00e1bado, un peque\u00f1o test para su gran meta: llegar al partido contra el Chelsea en \u00f3ptimas condiciones. Adem\u00e1s, al jugador del Bar\u00e7a le hace especial ilusi\u00f3n volver al Spotify Camp Nou, pero la prioridad es que est\u00e9 recuperado y si no evoluciona correctamente no le forzar\u00e1n. El seguimiento lo comparte el m\u00e9dico belga ,el doctor Ernest Schilders, que ya lo evalu\u00f3, que ha dado luz verde a la evoluci\u00f3n y que tiene pendiente regresar a Barcelona para trabajar conjuntamente con el doctor Pruna y volverle a evaluar de cara a su regreso y a la siguiente fase del tratamiento.<\/p>\n<p>Dolor, preocupaci\u00f3n y evitar la operaci\u00f3n<\/p>\n<p data-gtm-element-container=\"modulo-texto-link\" class=\"paragraph\">Fuentes cercanas explican que Lamine estaba muy dolorido y que lleg\u00f3 a preocuparse por el alcance de la lesi\u00f3n. Nunca se plante\u00f3 una operaci\u00f3n: ni el jugador ni su entorno quer\u00edan o\u00edr hablar de quir\u00f3fano. Lo que s\u00ed se plantearon fue la opini\u00f3n de especialistas externos, algo que el Bar\u00e7a se adelant\u00f3 a gestionar incorporando al m\u00e9dico belga que ahora supervisa el proceso.<\/p>\n<p>La selecci\u00f3n, un viaje que ya sab\u00eda que era de ida y vuelta<\/p>\n<p data-gtm-element-container=\"modulo-texto-link\" class=\"paragraph\">Pese a su deseo de ir convocado, Lamine lleg\u00f3 a la concentraci\u00f3n de la selecci\u00f3n espa\u00f1ola el pasado lunes d\u00eda 10 por la noche sabiendo que no podr\u00eda viajar con la Roja. Tanto \u00e9l como su entorno hab\u00edan sido informados por el club azulgrana de lo que implicaba el tratamiento al que fue sometido el pasado lunes 10 de noviembre, por lo que asum\u00edan desde antes que deb\u00eda quedarse fuera de los partidos de este noviembre.<\/p>\n<p>Trabajo, disciplina y conciencia del riesgo<\/p>\n<p data-gtm-element-container=\"modulo-texto-link\" class=\"paragraph\">Los m\u00e9dicos le han dejado claro a Lamine Yamal que la lesi\u00f3n que sufre es traicionera y que, si no se cuida, puede arrastrarla durante meses. El futbolista lo ha entendido y est\u00e1 totalmente centrado en su recuperaci\u00f3n. La prioridad ahora es superar la lesi\u00f3n, sin distracciones, y fortalecer la zona para evitar reca\u00eddas.<\/p>\n<p>Bajar la exposici\u00f3n p\u00fablica y cerrar cap\u00edtulos personales<\/p>\n<p data-gtm-element-container=\"modulo-texto-link\" class=\"paragraph\">Tras el cl\u00e1sico contra el Real Madrid, el joven jugador, de acuerdo con su gente de confianza, decidi\u00f3 reducir su exposici\u00f3n medi\u00e1tica: menos contenido en redes sociales y el siguiente v\u00eddeo, si se cree oportuno, de cara al duelo contra el Chelsea. Adem\u00e1s, ha dejado atr\u00e1s su relaci\u00f3n sentimental con la cantante argentina Nicki Nicole, un cap\u00edtulo que, como es normal, tuvo momentos algo dif\u00edciles en los \u00faltimos d\u00edas que le afectaron.<\/p>\n<p>Ambici\u00f3n intacta y cuidados de \u00e9lite<\/p>\n<p data-gtm-element-container=\"modulo-texto-link\" class=\"paragraph\">Con 18 a\u00f1os, Lamine mantiene intacta su ambici\u00f3n: ser el n\u00famero 1 y llevar al Bar\u00e7a \u201ca lo m\u00e1s alto\u201d. Sabe que debe pulir aspectos de su d\u00eda a d\u00eda, sin perder la personalidad que lo ha llevado a irrumpir tan r\u00e1pido en la \u00e9lite. En su nueva casa ha instalado zona de fisioterapia y sistemas de aguas de recuperaci\u00f3n, convencido de que cada detalle cuenta.\u00a0<\/p>\n<p>    Lee tambi\u00e9n<\/p>\n<p data-gtm-element-container=\"modulo-texto-link\" class=\"paragraph\">A pesar del dolor que hab\u00eda sufrido el jugador azulgrana en los \u00faltimos meses desde que regres\u00f3 en septiembre de la selecci\u00f3n espa\u00f1ola, Lamine Yamal ya hab\u00eda mostrado claros signos de mejora en su \u00faltima vuelta. El delantero del Bar\u00e7a hab\u00eda reaparecido ante el Girona tras el par\u00f3n por selecciones de octubre, pero en el Cl\u00e1sico se vio que no estaba al 100 por cien. Eso, le hizo recapacitar para reivindicarse posteriormente. De hecho, fue decisivo en las victorias en Liga contra el Elche y el Celta, donde marc\u00f3 en ambos partidos, y marc\u00f3 un gol y dio otro en el empate contra el Brujas en Champions. Pero las molestias reaparecieron despu\u00e9s del encuentro en Vigo. Un dolor intenso. De ah\u00ed el plan Lamine.<\/p>\n","protected":false},"excerpt":{"rendered":"El Bar\u00e7a defini\u00f3 un plan de recuperaci\u00f3n de Lamine Yamal (18 a\u00f1os), cuya lesi\u00f3n, m\u00e1s molesta que grave,&hellip;\n","protected":false},"author":2,"featured_media":247085,"comment_status":"","ping_status":"","sticky":false,"template":"","format":"standard","meta":{"footnotes":""},"categories":[268],"tags":[168,25,24,280,282,281,23,167],"class_list":{"0":"post-247084","1":"post","2":"type-post","3":"status-publish","4":"format-standard","5":"has-post-thumbnail","7":"category-futbol","8":"tag-deportes","9":"tag-es","10":"tag-espana","11":"tag-football","12":"tag-futbol","13":"tag-soccer","14":"tag-spain","15":"tag-sports"},"share_on_mastodon":{"url":"https:\/\/pubeurope.com\/@es\/115584412370102407","error":""},"_links":{"self":[{"href":"https:\/\/www.europesays.com\/es\/wp-json\/wp\/v2\/posts\/247084","targetHints":{"allow":["GET"]}}],"collection":[{"href":"https:\/\/www.europesays.com\/es\/wp-json\/wp\/v2\/posts"}],"about":[{"href":"https:\/\/www.europesays.com\/es\/wp-json\/wp\/v2\/types\/post"}],"author":[{"embeddable":true,"href":"https:\/\/www.europesays.com\/es\/wp-json\/wp\/v2\/users\/2"}],"replies":[{"embeddable":true,"href":"https:\/\/www.europesays.com\/es\/wp-json\/wp\/v2\/comments?post=247084"}],"version-history":[{"count":0,"href":"https:\/\/www.europesays.com\/es\/wp-json\/wp\/v2\/posts\/247084\/revisions"}],"wp:featuredmedia":[{"embeddable":true,"href":"https:\/\/www.europesays.com\/es\/wp-json\/wp\/v2\/media\/247085"}],"wp:attachment":[{"href":"https:\/\/www.europesays.com\/es\/wp-json\/wp\/v2\/media?parent=247084"}],"wp:term":[{"taxonomy":"category","embeddable":true,"href":"https:\/\/www.europesays.com\/es\/wp-json\/wp\/v2\/categories?post=247084"},{"taxonomy":"post_tag","embeddable":true,"href":"https:\/\/www.europesays.com\/es\/wp-json\/wp\/v2\/tags?post=247084"}],"curies":[{"name":"wp","href":"https:\/\/api.w.org\/{rel}","templated":true}]}}