{"id":247088,"date":"2025-11-20T22:36:13","date_gmt":"2025-11-20T22:36:13","guid":{"rendered":"https:\/\/www.europesays.com\/es\/247088\/"},"modified":"2025-11-20T22:36:13","modified_gmt":"2025-11-20T22:36:13","slug":"el-aragones-angel-orensanz-entrega-a-jaume-plensa-el-premio-segurlike","status":"publish","type":"post","link":"https:\/\/www.europesays.com\/es\/247088\/","title":{"rendered":"el aragon\u00e9s \u00c1ngel Orensanz entrega a Jaume Plensa el premio SegurLike"},"content":{"rendered":"<p class=\"paragraph\">El escultor altoaragon\u00e9s \u00c1ngel Orensanz lleva una buena racha de reconocimientos en este oto\u00f1o. <a href=\"https:\/\/www.heraldo.es\/noticias\/ocio-y-cultura\/2025\/09\/30\/angel-orensanz-nueva-york-premio-vida-queens-1857986.html\" title=\"\u00c1ngel Orensanz recibe en Nueva York el premio Vida a la Excelencia Art\u00edstica\" rel=\"nofollow noopener\" target=\"_blank\">El pasado 26 de septiembre recibi\u00f3 en Nueva York el premio Vida a la Excelencia Art\u00edstica,<\/a> que se concede en Queens (Nueva York) a personalidades hispanoparlantes destacadas en la ciudad. El 13 de noviembre, el SIPA le entreg\u00f3 en Zaragoza un premio honor\u00edfico al conjunto de su carrera, enmarcado en los actos de celebraci\u00f3n de los 100 a\u00f1os de la revista tur\u00edstica aragonesa. Este jueves 20 de noviembre ha sido \u00e9l quien ha entregado un premio: <b>a su colega de profesi\u00f3n Jaume Plensa,<\/b> en el marco de la III Gala Cultura y Seguro, celebrada en el Palacio de Bellas Artes de Madrid.<\/p>\n<p class=\"paragraph\"><b>La gala, presentada por el conocido periodista televisivo Jos\u00e9 Ribagorda,<\/b> cont\u00f3 con la asistencia de m\u00e1s de 250 representantes del mundo de la cultura, los medios y el sector asegurador. \u201cEl arte transforma la oscuridad en luz\u201d, afirm\u00f3\u00a0el barcelon\u00e9s Plensa, tras recibir de manos de Orensanz el reconocimiento principal de la jornada. Los Premios SegurLike \u00c1ngel Orensanz Cultura y Seguro reconocen a profesionales, medios, empresas y fundaciones que impulsan la creaci\u00f3n, la difusi\u00f3n y el mecenazgo cultural.<\/p>\n<p class=\"paragraph\"><b>El jurado estuvo compuesto por Pilar Gonz\u00e1lez de Frutos, presidenta del Consejo Social de SegurLike;\u00a0<\/b>Sergio \u00c1lvarez Cami\u00f1a, exdirector general de DGSFP;\u00a0Mirenchu del Valle, presidenta de Unespa;\u00a0Alejandro Izuzquiza, exdirector de Operaciones del Consorcio de Compensaci\u00f3n de Seguros y miembro del Consejo Social de Cojebro; Antonio Mu\u00f1oz-Olaya, presidente de SegurLike, y\u00a0Ana Mu\u00f1oz, secretaria de SegurLike.<\/p>\n<p class=\"paragraph\">Otros premiados del d\u00eda fueron el diario ABC y Fundaci\u00f3n Occident. <b>Tambi\u00e9n se reconoci\u00f3 a la Fundaci\u00f3n Gasol y a C\u00e1ritas Espa\u00f1a.<\/b> En ediciones anteriores se premi\u00f3 al escritor y <a href=\"https:\/\/www.heraldo.es\/multimedia\/videos\/ocio-y-cultura\/isabel-preysler-publica-apasionadas-cartas-de-amor-vargas-llosa\/\" title=\"Isabel Preysler publica las apasionadas cartas de amor de Vargas Llosa\" rel=\"nofollow noopener\" target=\"_blank\">Premio Nobel\u00a0Mario Vargas Llosa, <\/a>al cineasta\u00a0Jos\u00e9 Luis Garci y a medios como\u00a0TVE\u00a0o\u00a0Atresmedia, am\u00e9n de las fundaciones de AXA o\u00a0Mapfre.\u00a0<\/p>\n","protected":false},"excerpt":{"rendered":"El escultor altoaragon\u00e9s \u00c1ngel Orensanz lleva una buena racha de reconocimientos en este oto\u00f1o. El pasado 26 de&hellip;\n","protected":false},"author":2,"featured_media":247089,"comment_status":"","ping_status":"","sticky":false,"template":"","format":"standard","meta":{"footnotes":""},"categories":[173],"tags":[45532,4499,229,233,231,230,232,234,146,147,25,14397,24,63009,63008,23],"class_list":{"0":"post-247088","1":"post","2":"type-post","3":"status-publish","4":"format-standard","5":"has-post-thumbnail","7":"category-arte-y-diseno","8":"tag-angel-orensanz","9":"tag-aragon","10":"tag-arte","11":"tag-arte-y-diseno","12":"tag-arts","13":"tag-arts-and-design","14":"tag-design","15":"tag-diseno","16":"tag-entertainment","17":"tag-entretenimiento","18":"tag-es","19":"tag-escultor","20":"tag-espana","21":"tag-jaume-plensa","22":"tag-segurlike","23":"tag-spain"},"share_on_mastodon":{"url":"https:\/\/pubeurope.com\/@es\/115584419973088008","error":""},"_links":{"self":[{"href":"https:\/\/www.europesays.com\/es\/wp-json\/wp\/v2\/posts\/247088","targetHints":{"allow":["GET"]}}],"collection":[{"href":"https:\/\/www.europesays.com\/es\/wp-json\/wp\/v2\/posts"}],"about":[{"href":"https:\/\/www.europesays.com\/es\/wp-json\/wp\/v2\/types\/post"}],"author":[{"embeddable":true,"href":"https:\/\/www.europesays.com\/es\/wp-json\/wp\/v2\/users\/2"}],"replies":[{"embeddable":true,"href":"https:\/\/www.europesays.com\/es\/wp-json\/wp\/v2\/comments?post=247088"}],"version-history":[{"count":0,"href":"https:\/\/www.europesays.com\/es\/wp-json\/wp\/v2\/posts\/247088\/revisions"}],"wp:featuredmedia":[{"embeddable":true,"href":"https:\/\/www.europesays.com\/es\/wp-json\/wp\/v2\/media\/247089"}],"wp:attachment":[{"href":"https:\/\/www.europesays.com\/es\/wp-json\/wp\/v2\/media?parent=247088"}],"wp:term":[{"taxonomy":"category","embeddable":true,"href":"https:\/\/www.europesays.com\/es\/wp-json\/wp\/v2\/categories?post=247088"},{"taxonomy":"post_tag","embeddable":true,"href":"https:\/\/www.europesays.com\/es\/wp-json\/wp\/v2\/tags?post=247088"}],"curies":[{"name":"wp","href":"https:\/\/api.w.org\/{rel}","templated":true}]}}