{"id":247096,"date":"2025-11-20T22:41:11","date_gmt":"2025-11-20T22:41:11","guid":{"rendered":"https:\/\/www.europesays.com\/es\/247096\/"},"modified":"2025-11-20T22:41:11","modified_gmt":"2025-11-20T22:41:11","slug":"muere-inaki-cabaleiro-entrenador-de-36-anos-del-club-de-michel-salgado-en-dubai","status":"publish","type":"post","link":"https:\/\/www.europesays.com\/es\/247096\/","title":{"rendered":"Muere I\u00f1aki Cabaleiro, entrenador de 36 a\u00f1os del club de M\u00edchel Salgado en Dubai"},"content":{"rendered":"<p class=\"voc-p\" style=\"\">\u00abHoy <strong>despedimos a un amigo, compa\u00f1ero y entrenador<\/strong> cuya pasi\u00f3n dej\u00f3 una huella inmensa en nuestros jugadores y en toda la familia Fursan. Su legado permanecer\u00e1 siempre en cada ni\u00f1o al que inspir\u00f3. Nuestros corazones est\u00e1n con su familia\u00bb.<\/p>\n<p class=\"voc-p\" style=\"\">Con tan sentido mensaje,  &#8230; publicado este jueves en su cuenta oficial de la red social Instagram, el club <strong>Fursan Hispania MS2 Football Academy<\/strong> mostr\u00f3 su p\u00e9same por el fallecimiento del gallego <strong>I\u00f1aki Cabaleiro<\/strong>, uno de sus entrenadores.<\/p>\n<p class=\"voc-p\" style=\"\">El Fursan Hispania fue creado en 2014 por <a href=\"https:\/\/www.abc.es\/deportes\/real-madrid\/abci-michel-salgado-maravilla-como-maneja-vestuario-zidane-201712150833_noticia.html\" target=\"_self\" data-voc-vtm-id=\"in-text-traffic\" title=\"M\u00edchel Salgado, exlateral derecho del Real Madrid, en Dubai\" data-mrf-link=\"www.abc.es\" rel=\"nofollow noopener\">M\u00edchel Salgado, exlateral derecho del Real Madrid, en Dubai<\/a>. Comenz\u00f3 siendo una academia de f\u00fatbol, pero tras seis a\u00f1os de desarrollo, naci\u00f3 un club profesional que actualmente compite en la <strong>Second Division League<\/strong>, tercera categor\u00eda balomp\u00e9dica de los Emiratos \u00c1rabes.<\/p>\n<p class=\"voc-p\" style=\"\">Antes de llegar a Dubai, en septiembre de 2023, Cabaleiro hab\u00eda sido t\u00e9cnico en la cantera del <strong>Celta<\/strong> y entrenador del<strong> R\u00e1pido de Bouzas<\/strong>. El equipo vigu\u00e9s, actualmente en Primera Galicia, tambi\u00e9n tuvo un recuerdo muy especial para I\u00f1aki:<\/p>\n<p class=\"voc-p\" style=\"\">Las muestras de dolor han sido numerosas, empezando por la familia de M\u00edchel Salgado. Su hijo peque\u00f1o, Alan, futbolista del Fursan Hispania, escribi\u00f3: \u00abVuela alto, m\u00edster. siempre te llevaremos en el coraz\u00f3n\u00bb. Con id\u00e9ntica pena se expres\u00f3 su hermano Miguel: \u00abSigo sin cre\u00e9rmelo. Vuela alto, amigo. Siempre estar\u00e1s con nosotros\u00bb. La madre de ambos y esposa de Salgado, <strong>Malula Sanz<\/strong> tambi\u00e9n public\u00f3 una emotiva historia en Instagram: \u00abTe quiero para siempre. Nuestra \u00faltima foto, en Jordania, \u00a1y t\u00fa me cuidabas a m\u00ed!\u00bb.<\/p>\n<p>\nArt\u00edculo solo para suscriptores\n<\/p>\n<p>Reportar un error<\/p>\n","protected":false},"excerpt":{"rendered":"\u00abHoy despedimos a un amigo, compa\u00f1ero y entrenador cuya pasi\u00f3n dej\u00f3 una huella inmensa en nuestros jugadores y&hellip;\n","protected":false},"author":2,"featured_media":247097,"comment_status":"","ping_status":"","sticky":false,"template":"","format":"standard","meta":{"footnotes":""},"categories":[93],"tags":[988,63010,1798,168,6802,2226,25,24,6616,27192,8938,30968,23,167],"class_list":{"0":"post-247096","1":"post","2":"type-post","3":"status-publish","4":"format-standard","5":"has-post-thumbnail","7":"category-deportes","8":"tag-anos","9":"tag-cabaleiro","10":"tag-club","11":"tag-deportes","12":"tag-dubai","13":"tag-entrenador","14":"tag-es","15":"tag-espana","16":"tag-inaki","17":"tag-michel","18":"tag-muere","19":"tag-salgado","20":"tag-spain","21":"tag-sports"},"share_on_mastodon":{"url":"https:\/\/pubeurope.com\/@es\/115584439629658060","error":""},"_links":{"self":[{"href":"https:\/\/www.europesays.com\/es\/wp-json\/wp\/v2\/posts\/247096","targetHints":{"allow":["GET"]}}],"collection":[{"href":"https:\/\/www.europesays.com\/es\/wp-json\/wp\/v2\/posts"}],"about":[{"href":"https:\/\/www.europesays.com\/es\/wp-json\/wp\/v2\/types\/post"}],"author":[{"embeddable":true,"href":"https:\/\/www.europesays.com\/es\/wp-json\/wp\/v2\/users\/2"}],"replies":[{"embeddable":true,"href":"https:\/\/www.europesays.com\/es\/wp-json\/wp\/v2\/comments?post=247096"}],"version-history":[{"count":0,"href":"https:\/\/www.europesays.com\/es\/wp-json\/wp\/v2\/posts\/247096\/revisions"}],"wp:featuredmedia":[{"embeddable":true,"href":"https:\/\/www.europesays.com\/es\/wp-json\/wp\/v2\/media\/247097"}],"wp:attachment":[{"href":"https:\/\/www.europesays.com\/es\/wp-json\/wp\/v2\/media?parent=247096"}],"wp:term":[{"taxonomy":"category","embeddable":true,"href":"https:\/\/www.europesays.com\/es\/wp-json\/wp\/v2\/categories?post=247096"},{"taxonomy":"post_tag","embeddable":true,"href":"https:\/\/www.europesays.com\/es\/wp-json\/wp\/v2\/tags?post=247096"}],"curies":[{"name":"wp","href":"https:\/\/api.w.org\/{rel}","templated":true}]}}