{"id":247139,"date":"2025-11-20T23:21:21","date_gmt":"2025-11-20T23:21:21","guid":{"rendered":"https:\/\/www.europesays.com\/es\/247139\/"},"modified":"2025-11-20T23:21:21","modified_gmt":"2025-11-20T23:21:21","slug":"lo-que-se-que-hare-es-escribir-no-se-si-estare-en-la-television","status":"publish","type":"post","link":"https:\/\/www.europesays.com\/es\/247139\/","title":{"rendered":"Lo que s\u00e9 que har\u00e9 es escribir, no s\u00e9 si estar\u00e9 en la televisi\u00f3n"},"content":{"rendered":"<p>Hace unas semanas que<strong> Juan del Val<\/strong> (55 a\u00f1os) se convirti\u00f3 en el ganador del <strong>premio Planeta 2025<\/strong> con &#8216;Vera, una historia de amor&#8217;. Dotado con un mill\u00f3n de euros, el galard\u00f3n no solo es econ\u00f3mico, sino que es uno de los mayores triunfos a nivel literario. Y es que no cualquiera puede presumir de que su novela haya sido la elegida entre cientos de relatos. Eso s\u00ed,<strong> esta victoria no ha estado exenta de pol\u00e9micas.\u00a0<\/strong><\/p>\n<p>Pocas horas despu\u00e9s de que el marido de Nuria Roca recogiera el premio, las <strong>cr\u00edticas hacia su historia comenzaron a surgir. <\/strong><a href=\"https:\/\/www.lecturas.com\/trending\/juan-val-responde-criticas-karlos-arguinano-por-su-premio-planeta-me-llevo-bien-eso-creia_184532\" rel=\"nofollow noopener\" target=\"_blank\">Incluso Argui\u00f1ano se ha atrevido.<\/a><strong>\u00a0<\/strong>No era la primera vez que pasaba. En otras ocasiones en las que el ganador es un rostro conocido, como ya le pas\u00f3 a Sons\u00f3les \u00d3nega, los expertos y literatos no dudaron en destrozar la novela. \u00ab<strong>Perd\u00f3n por cometer el delito de llevar a gente a las librer\u00edas, es imperdonable<\/strong>, lectores y lectoras que se ilusionan con una historia escrita con el alma que les entretiene, les emociona, les excita, les hace re\u00edr o reflexionar\u00bb, escribi\u00f3 Juan en su Instagram.\u00a0<\/p>\n<p>Juan se defiende de las cr\u00edticas<\/p>\n<p>Durante estas semanas, Juan ha ido defendi\u00e9ndose de todos aquellos que dicen que su relato es pobre y que no entienden que \u00e9l se haya convertido en el ganador. \u00ab<strong>Cuidado cuando tanto odio puede llegar a hundir a una persona<\/strong>\u00a0y\u00a0hunden a\u00a0una persona. Y me parece que es algo tan injusto que, al margen de cr\u00edticas normales,<strong>\u00a0se vaya a herir,\u00a0a re\u00edrse de una persona\u00bb<\/strong>, comenz\u00f3 diciendo a Pablo Motos, a\u00f1adiendo que \u00e9l no trabaja en Atresmedia sino en la productora 7 y acci\u00f3n.\u00a0<\/p>\n<p><img loading=\"lazy\" decoding=\"async\"   src=\"https:\/\/www.europesays.com\/es\/wp-content\/uploads\/2025\/11\/juan-del-val_ba9ffac4_251120183215_1200x671.webp.webp\" alt=\"Juan del Val\" class=\"lazyload\" width=\"1200\" height=\"671\" data-aspectratio=\"1200\/671\"\/><\/p>\n<p>Juan del Val dedic\u00f3 a sus padres parte de su discurso y se defendi\u00f3 de todas las cr\u00edticas.\u00a0<\/p>\n<p>&#13;Atresmedia<\/p>\n<p>\u00abLas mofas\u00a0conmigo, por ejemplo,\u00a0<strong>me intentan colocar en un sitio, donde yo tengo que ser un aut\u00e9ntico\u00a0imb\u00e9cil. Cuidado con hundir a la gente. La gente que me conoce se alegra de verdad<\/strong>\u00a0<strong>y eso a m\u00ed me da pistas<\/strong>\u00a0de que algunas cosas s\u00ed las hago bien y de que intento entregarme a la gente y a\u00a0las cosas, a todo lo que hago de una manera muy honesta.\u00a0Si conozco esa\u00a0alegr\u00eda\u00a0y que esa\u00a0alegr\u00eda\u00a0es real<strong>\u00ab, <\/strong>explic\u00f3 en &#8216;El Hormiguero&#8217;.\u00a0<\/p>\n<p><img decoding=\"async\" src=\"https:\/\/www.europesays.com\/es\/wp-content\/uploads\/2025\/11\/isa-pantoja-lecturas_5b1342e0_251120145057_800x800.webp.webp\" alt=\"Isa pantoja Lecturas\" class=\"image lazyload\"\/><img loading=\"lazy\" decoding=\"async\" src=\"https:\/\/www.europesays.com\/es\/wp-content\/uploads\/2025\/11\/isa-pantoja-lecturas_5b1342e0_251120145102_1280x720.webp.webp\" alt=\"Isa Pantoja ya ha tomado una decisi\u00f3n sobre su hermano Kiko Rivera: &quot;Cuando llega a casa no tiene a nadie esperando&quot;\" class=\"image lazyload\" width=\"1280\" height=\"720\" data-aspectratio=\"1280\/720\"\/><\/p>\n<p>Pero no solo eso. Juan tambi\u00e9n dijo a Pablo Motos que si hab\u00eda algo que realmente le dol\u00eda era c\u00f3mo esto le estaba afectando a su entorno m\u00e1s cercano. \u00abEra previsible todo lo que iba a suceder. Hay un momento en el que<strong>\u00a0a m\u00ed la alegr\u00eda es muy dif\u00edcil quit\u00e1rmela,<\/strong>\u00a0a m\u00ed removerme es complicado porque yo de\u00a0donde\u00a0vengo, esto es un milagro. Que uno diga cualquier cosa me da exactamente igual\u00a0<strong>pero s\u00ed hay un momento en el que me sent\u00ed muy triste.<\/strong>\u00a0El premio me lo dan un mi\u00e9rcoles y yo no puedo hablar realmente con la gente, con los amigos, hasta la ma\u00f1ana del lunes. Ese d\u00eda llam\u00e9 a un amigo m\u00edo, Jos\u00e9 Enrique, sevillano, que le adoro,<strong>\u00a0es mi mejor amigo y estaba desolado:<\/strong>\u00a0\u2018Qu\u00e9 hijos de pu*a, la que te est\u00e1n dando\u2019. Estaba destrozado y\u00a0<strong>voy con otro amigo y estaba hecho polvo\u00bb<\/strong>, expres\u00f3.\u00a0<\/p>\n<p>El futuro laboral Juan del Val\u00a0<\/p>\n<p>Ha sido durante una de sus \u00faltimas entrevistas con Alsina cuando Juan del Val ha confesado cu\u00e1l ser\u00e1 su futuro laboral dentro de una d\u00e9cada. \u00abMe gusta todo lo que hago. Me encanta escribir. <strong>S\u00e9 que dentro de 10 a\u00f1os lo que har\u00e9 es escribir, pero no s\u00e9 si estar\u00e9 en la televisi\u00f3n. <\/strong>Pero encanta comunicar en general. Escribir lo har\u00e9 toda la vida, lo otro no depende de m\u00ed\u00bb, ha dicho en Onda Cero.\u00a0<\/p>\n<p>El colaborador de &#8216;El Hormiguero&#8217; adem\u00e1s ha dicho que\u00a0utiliza todo lo que hace y le pasa en su vida para escribir. \u00ab<strong>No me considero un autor que podr\u00eda hacer novelas aislado en un casa aislado de campo. <\/strong>En New York s\u00ed porque hay mucha gente. Necesito tener sensaciones para luego transmitirlas. Cuando ya te metes y dices \u2018tengo la novela\u2019 le dedicas todo el d\u00eda. Est\u00e1s haciendo otras cosas pero piensas siempre en lo mismo\u00bb, ha asegurado.\u00a0<\/p>\n<p><img loading=\"lazy\" decoding=\"async\"   src=\"https:\/\/www.europesays.com\/es\/wp-content\/uploads\/2025\/11\/juan-del-val_dc3108ff_251120190128_1200x800.webp.webp\" alt=\"Juan del Val\" class=\"lazyload\" width=\"1200\" height=\"800\" data-aspectratio=\"1200\/800\"\/><\/p>\n<p>Juan del Val ha afirmado que no toma notas a la hora de escribir sus novelas, sino que recuerda las experiencias importantes.\u00a0<\/p>\n<p>&#13;GTRES<\/p>\n<p>Adem\u00e1s, Juan ha confesado c\u00f3mo es su manera de escribir, una forma que hace meses le provocaba grandes quebraderos de cabeza. \u00ab<strong>Nunca tomo notas. Antes ten\u00eda cargo de conciencia por no tomarlas hasta escuchar con Azcona que dec\u00eda que si era importante me acordar\u00eda.<\/strong> No soy nada vago, cualquiera que me conozca lo sabe. Pongo el alma a todo lo que hago pero no me tomo tan en serio. Eso me hace que no tenga que hacer todo el rato cosas\u00bb, ha afirmado.\u00a0<\/p>\n","protected":false},"excerpt":{"rendered":"Hace unas semanas que Juan del Val (55 a\u00f1os) se convirti\u00f3 en el ganador del premio Planeta 2025&hellip;\n","protected":false},"author":2,"featured_media":247140,"comment_status":"","ping_status":"","sticky":false,"template":"","format":"standard","meta":{"footnotes":""},"categories":[174],"tags":[255,146,147,25,24,256,23],"class_list":{"0":"post-247139","1":"post","2":"type-post","3":"status-publish","4":"format-standard","5":"has-post-thumbnail","7":"category-famosos","8":"tag-celebrities","9":"tag-entertainment","10":"tag-entretenimiento","11":"tag-es","12":"tag-espana","13":"tag-famosos","14":"tag-spain"},"share_on_mastodon":{"url":"https:\/\/pubeurope.com\/@es\/115584597350328791","error":""},"_links":{"self":[{"href":"https:\/\/www.europesays.com\/es\/wp-json\/wp\/v2\/posts\/247139","targetHints":{"allow":["GET"]}}],"collection":[{"href":"https:\/\/www.europesays.com\/es\/wp-json\/wp\/v2\/posts"}],"about":[{"href":"https:\/\/www.europesays.com\/es\/wp-json\/wp\/v2\/types\/post"}],"author":[{"embeddable":true,"href":"https:\/\/www.europesays.com\/es\/wp-json\/wp\/v2\/users\/2"}],"replies":[{"embeddable":true,"href":"https:\/\/www.europesays.com\/es\/wp-json\/wp\/v2\/comments?post=247139"}],"version-history":[{"count":0,"href":"https:\/\/www.europesays.com\/es\/wp-json\/wp\/v2\/posts\/247139\/revisions"}],"wp:featuredmedia":[{"embeddable":true,"href":"https:\/\/www.europesays.com\/es\/wp-json\/wp\/v2\/media\/247140"}],"wp:attachment":[{"href":"https:\/\/www.europesays.com\/es\/wp-json\/wp\/v2\/media?parent=247139"}],"wp:term":[{"taxonomy":"category","embeddable":true,"href":"https:\/\/www.europesays.com\/es\/wp-json\/wp\/v2\/categories?post=247139"},{"taxonomy":"post_tag","embeddable":true,"href":"https:\/\/www.europesays.com\/es\/wp-json\/wp\/v2\/tags?post=247139"}],"curies":[{"name":"wp","href":"https:\/\/api.w.org\/{rel}","templated":true}]}}