{"id":247143,"date":"2025-11-20T23:24:19","date_gmt":"2025-11-20T23:24:19","guid":{"rendered":"https:\/\/www.europesays.com\/es\/247143\/"},"modified":"2025-11-20T23:24:19","modified_gmt":"2025-11-20T23:24:19","slug":"marta-sanchez-deslumbra-interpretando-abrazame-en-el-hormiguero","status":"publish","type":"post","link":"https:\/\/www.europesays.com\/es\/247143\/","title":{"rendered":"Marta S\u00e1nchez deslumbra interpretando &#8216;Abr\u00e1zame&#8217; en El Hormiguero"},"content":{"rendered":"<p><b>El Hormiguero<\/b> ha despedido su semana a lo grande con la visita de una de las artistas m\u00e1s queridas de nuestro pa\u00eds.<b> Marta S\u00e1nchez<\/b> ha vuelto a sentarse junto a <b>Pablo Motos <\/b>para repasar algunos de los momentos claves de su carrera y hablarnos sobre su nuevo proyecto profesional.<\/p>\n<p><b>Marta S\u00e1nchez <\/b>ha sacado un disco que conmemora sus cuarenta a\u00f1os de carrera y una de las canciones que podremos encontrar en \u00e9l es &#8216;Abr\u00e1zame&#8217;, un tema lleno de sensibilidad y fuerza que la cantante ha querido interpretar en directo.<\/p>\n<p>Con la serenidad y la presencia que tanto la caracterizan, Marta S\u00e1nchez nos ha cautivado desde el principio de la actuaci\u00f3n. La puesta en escena nos ha metido de lleno en el tema y su voz nos ha regalado un momento \u00fanico. <b>\u00a1Revive su actuaci\u00f3n al completo en el v\u00eddeo de arriba!<\/b><\/p>\n","protected":false},"excerpt":{"rendered":"El Hormiguero ha despedido su semana a lo grande con la visita de una de las artistas m\u00e1s&hellip;\n","protected":false},"author":2,"featured_media":247144,"comment_status":"","ping_status":"","sticky":false,"template":"","format":"standard","meta":{"footnotes":""},"categories":[171],"tags":[146,147,25,24,23,214],"class_list":{"0":"post-247143","1":"post","2":"type-post","3":"status-publish","4":"format-standard","5":"has-post-thumbnail","7":"category-tv","8":"tag-entertainment","9":"tag-entretenimiento","10":"tag-es","11":"tag-espana","12":"tag-spain","13":"tag-tv"},"share_on_mastodon":{"url":"https:\/\/pubeurope.com\/@es\/115584608941754547","error":""},"_links":{"self":[{"href":"https:\/\/www.europesays.com\/es\/wp-json\/wp\/v2\/posts\/247143","targetHints":{"allow":["GET"]}}],"collection":[{"href":"https:\/\/www.europesays.com\/es\/wp-json\/wp\/v2\/posts"}],"about":[{"href":"https:\/\/www.europesays.com\/es\/wp-json\/wp\/v2\/types\/post"}],"author":[{"embeddable":true,"href":"https:\/\/www.europesays.com\/es\/wp-json\/wp\/v2\/users\/2"}],"replies":[{"embeddable":true,"href":"https:\/\/www.europesays.com\/es\/wp-json\/wp\/v2\/comments?post=247143"}],"version-history":[{"count":0,"href":"https:\/\/www.europesays.com\/es\/wp-json\/wp\/v2\/posts\/247143\/revisions"}],"wp:featuredmedia":[{"embeddable":true,"href":"https:\/\/www.europesays.com\/es\/wp-json\/wp\/v2\/media\/247144"}],"wp:attachment":[{"href":"https:\/\/www.europesays.com\/es\/wp-json\/wp\/v2\/media?parent=247143"}],"wp:term":[{"taxonomy":"category","embeddable":true,"href":"https:\/\/www.europesays.com\/es\/wp-json\/wp\/v2\/categories?post=247143"},{"taxonomy":"post_tag","embeddable":true,"href":"https:\/\/www.europesays.com\/es\/wp-json\/wp\/v2\/tags?post=247143"}],"curies":[{"name":"wp","href":"https:\/\/api.w.org\/{rel}","templated":true}]}}