{"id":247195,"date":"2025-11-21T00:12:18","date_gmt":"2025-11-21T00:12:18","guid":{"rendered":"https:\/\/www.europesays.com\/es\/247195\/"},"modified":"2025-11-21T00:12:18","modified_gmt":"2025-11-21T00:12:18","slug":"el-critico-de-cine-carlos-boyero-recomienda-ver-esta-taquillera-pelicula","status":"publish","type":"post","link":"https:\/\/www.europesays.com\/es\/247195\/","title":{"rendered":"El cr\u00edtico de cine Carlos Boyero recomienda ver esta taquillera pel\u00edcula"},"content":{"rendered":"<p>El cr\u00edtico de cine <a href=\"https:\/\/eltelevisero.huffingtonpost.es\/2023\/01\/carlos-boyero-sentencia-en-tres-palabras-lo-que-muchos-opinan-de-la-pelicula-mas-vista-de-netflix\/\" rel=\"nofollow noopener\" target=\"_blank\">Carlos Boyero<\/a> ha regresado como cada semana a &#8216;La Ventana&#8217; de la Cadena SER para hablar de los estrenos m\u00e1s destacados. Para \u00e9l, han sido un documental sobre la vida y obra de Martin Scorsese, otro documental sobre la dif\u00edcil vida en la Ca\u00f1ada Real y una de las pel\u00edculas espa\u00f1olas m\u00e1s taquilleras del a\u00f1o, coincidiendo que hoy 20 de noviembre se cumplen 50 a\u00f1os de la muerte de Franco.<\/p>\n<p>Esta \u00faltima es &#8216;<a href=\"https:\/\/eltelevisero.huffingtonpost.es\/2025\/10\/el-publico-dicta-esta-sentencia-a-la-cena-la-pelicula-mas-vista-sobre-el-franquismo-y-es-atronadora\/\" rel=\"nofollow noopener\" target=\"_blank\">La Cena<\/a>&#8216;, un filme dirigido por Manuel G\u00f3mez Pereira y protagonizada por Mario Casas y Alberto San Juan. Una cinta que, la semana pasada, super\u00f3 los tres millones de euros de recaudaci\u00f3n, convirti\u00e9ndose as\u00ed en la cuarta pel\u00edcula espa\u00f1ola m\u00e1s taquillera del 2025. Todo un r\u00e9cord si tenemos en cuenta la tem\u00e1tica.<\/p>\n<p>&#8216;La Cena&#8217; cuenta la historia de un grupo de prisioneros republicanos expertos en cocina que deben de cocinar un banquete impecable a Francisco Franco y todos sus generales, dos semanas despu\u00e9s de terminar la Guerra Civil, en el m\u00edtico Hotel Palace de Madrid. Boyero ha ca\u00eddo rendido ante la actuaci\u00f3n de sus protagonistas, seg\u00fan ha reconocido en el programa radiof\u00f3nico presentado por Carles Francino.<\/p>\n<p>El veredicto final de Carlos Boyero sobre &#8216;La Cena&#8217;: \u00abUna pel\u00edcula muy decente\u00bb<\/p>\n<p>El cr\u00edtico destaca, especialmente, la <strong>actuaci\u00f3n de Alberto San Juan<\/strong>, quien se mete en la piel del jefe de los cocineros represaliados. \u00ab<strong>Est\u00e1 formidable, es un actor cojonudo<\/strong>. Recordamos su personaje y nos echamos a re\u00edr\u00bb, confiesa Boyero. Adem\u00e1s, tambi\u00e9n alaba el trabajo de <strong>su director, Manolo G\u00f3mez Pereira<\/strong>, del que dice que \u00abha hecho comedias estupendas que est\u00e1n muy bien y adem\u00e1s es un director que ha conectado con el p\u00fablico. <strong>Es muy profesional, un t\u00edo que sabe contar historias y domina la comedia<\/strong>\u00ab.<\/p>\n<p>\u00ab<strong>Me re\u00ed en varias ocasiones. Es una comedia que lo que cuenta es terror\u00edfico.<\/strong> A unos t\u00edos que les van a fusilar al d\u00eda siguiente les necesiten porque son los cocineros del Palace y el se\u00f1or aquel del bigote y esa voz tan impresionante llamado Franco que decide dar una cena\u00bb, ha explicado el cr\u00edtico sobre la trama. En cuanto al personaje de Mario Casas, que interpreta a un general franquista, reconoce que le ha ca\u00eddo muy bien.<\/p>\n<p>Sobre el papel de Casas, Boyero opina lo siguiente: \u00abTan convencido al principio y que al final dices, es un pobre hombre desarbolado que se plantea las cosas en las que quiere creer. Es muy pat\u00e9tico\u00bb. Su <strong>veredicto final sobre la pel\u00edcula<\/strong> no puede ser m\u00e1s positivo: \u00ab<strong>Sal\u00ed con una sensaci\u00f3n agradable del cine y la gente se re\u00eda<\/strong>. Es muy bonito en la sala o\u00edr risas. Sin volverme loco, pero me parece <strong>una pel\u00edcula muy decente<\/strong>\u00ab, ha sentenciado.<\/p>\n","protected":false},"excerpt":{"rendered":"El cr\u00edtico de cine Carlos Boyero ha regresado como cada semana a &#8216;La Ventana&#8217; de la Cadena SER&hellip;\n","protected":false},"author":2,"featured_media":247196,"comment_status":"","ping_status":"","sticky":false,"template":"","format":"standard","meta":{"footnotes":""},"categories":[169],"tags":[177,146,147,25,24,176,175,23],"class_list":{"0":"post-247195","1":"post","2":"type-post","3":"status-publish","4":"format-standard","5":"has-post-thumbnail","7":"category-cine","8":"tag-cine","9":"tag-entertainment","10":"tag-entretenimiento","11":"tag-es","12":"tag-espana","13":"tag-film","14":"tag-movies","15":"tag-spain"},"share_on_mastodon":{"url":"https:\/\/pubeurope.com\/@es\/115584797741793388","error":""},"_links":{"self":[{"href":"https:\/\/www.europesays.com\/es\/wp-json\/wp\/v2\/posts\/247195","targetHints":{"allow":["GET"]}}],"collection":[{"href":"https:\/\/www.europesays.com\/es\/wp-json\/wp\/v2\/posts"}],"about":[{"href":"https:\/\/www.europesays.com\/es\/wp-json\/wp\/v2\/types\/post"}],"author":[{"embeddable":true,"href":"https:\/\/www.europesays.com\/es\/wp-json\/wp\/v2\/users\/2"}],"replies":[{"embeddable":true,"href":"https:\/\/www.europesays.com\/es\/wp-json\/wp\/v2\/comments?post=247195"}],"version-history":[{"count":0,"href":"https:\/\/www.europesays.com\/es\/wp-json\/wp\/v2\/posts\/247195\/revisions"}],"wp:featuredmedia":[{"embeddable":true,"href":"https:\/\/www.europesays.com\/es\/wp-json\/wp\/v2\/media\/247196"}],"wp:attachment":[{"href":"https:\/\/www.europesays.com\/es\/wp-json\/wp\/v2\/media?parent=247195"}],"wp:term":[{"taxonomy":"category","embeddable":true,"href":"https:\/\/www.europesays.com\/es\/wp-json\/wp\/v2\/categories?post=247195"},{"taxonomy":"post_tag","embeddable":true,"href":"https:\/\/www.europesays.com\/es\/wp-json\/wp\/v2\/tags?post=247195"}],"curies":[{"name":"wp","href":"https:\/\/api.w.org\/{rel}","templated":true}]}}