{"id":247211,"date":"2025-11-21T00:29:08","date_gmt":"2025-11-21T00:29:08","guid":{"rendered":"https:\/\/www.europesays.com\/es\/247211\/"},"modified":"2025-11-21T00:29:08","modified_gmt":"2025-11-21T00:29:08","slug":"haiti-y-como-jugar-un-mundial-sin-tener-liga-ni-estadio","status":"publish","type":"post","link":"https:\/\/www.europesays.com\/es\/247211\/","title":{"rendered":"Hait\u00ed y c\u00f3mo jugar un Mundial sin tener liga ni estadio"},"content":{"rendered":"<p data-gtm-element-container=\"modulo-texto-link\" class=\"paragraph\"><strong>Hait\u00ed,<\/strong> un pa\u00eds sin estadio de f\u00fatbol, sin campeonato nacional durante varios a\u00f1os, sin competiciones interescolares e interjuveniles, logr\u00f3 clasificarse para la Copa del Mundo de 2026, en un contexto marcado por el terror de las bandas armadas que han destruido lo poco que quedaba en t\u00e9rminos de vida deportiva en este pa\u00eds apasionado por el f\u00fatbol.<\/p>\n<p data-gtm-element-container=\"modulo-texto-link\" class=\"paragraph\">La selecci\u00f3n haitiana logr\u00f3 el martes su segunda clasificaci\u00f3n para un Mundial, tras vencer a la de Nicaragua por 2-0 en la \u00faltima jornada del Grupo C de las eliminatorias de la Concacaf.<\/p>\n<p data-gtm-element-container=\"modulo-texto-link\" class=\"paragraph\">El equipo, dirigido por el franc\u00e9s<strong> S\u00e9bastien Mign\u00e9, <\/strong>jugar\u00e1 la Copa del Mundo por segunda vez en su historia tras su \u00fanica participaci\u00f3n, <strong>en Alemania 1974<\/strong>, en la que qued\u00f3 eliminada en la primera ronda.<\/p>\n<p data-gtm-element-container=\"modulo-texto-link\" class=\"paragraph\">Estas son algunas de las claves sobre la situaci\u00f3n deportiva en este deprimido pa\u00eds, sumido desde hace a\u00f1os en una crisis multidimensional, agravada por la violencia impuesta por las bandas, que <strong>desde principios de 2022 ha dejado m\u00e1s de 16.000 muertos,<\/strong> de acuerdo con la informaci\u00f3n oficial.<\/p>\n<p>El exilio como salvaci\u00f3n<\/p>\n<p data-gtm-element-container=\"modulo-texto-link\" class=\"paragraph\">Debido a la violencia de las bandas armadas, la pr\u00e1ctica del f\u00fatbol est\u00e1 paralizada en la regi\u00f3n de Puerto Pr\u00edncipe, donde las escuelas de f\u00fatbol est\u00e1n cerradas y los campos abandonados, imposibilitando el surgimiento de nuevos talentos.<\/p>\n<p data-gtm-element-container=\"modulo-texto-link\" class=\"paragraph\">Ante esta realidad, el exilio constituye el principal refuerzo para el deporte haitiano. As\u00ed, <strong>la selecci\u00f3n nacional est\u00e1 compuesta por jugadores que evolucionan en ligas mayoritariamente europeas,<\/strong> pero tambi\u00e9n por jugadores que ni siquiera recuerdan la \u00faltima vez que estuvieron en Hait\u00ed.<\/p>\n<p data-gtm-element-container=\"modulo-texto-link\" class=\"paragraph\">En este contexto, Hait\u00ed se ve obligada a<strong> disputar todos sus partidos internacionales fuera de sus fronteras<\/strong>, utilizando campos de clubes y selecciones nacionales, hasta el punto de tener <strong>un seleccionador que nunca ha pisado suelo haitiano.<\/strong><\/p>\n<p data-gtm-element-container=\"modulo-texto-link\" class=\"paragraph\">Tras la clasificaci\u00f3n para el Mundial 2026, la tristeza se ha apoderado de los aficionados al f\u00fatbol del pa\u00eds por el hecho de no poder ver a sus jugadores despu\u00e9s de la victoria, un acontecimiento para esta naci\u00f3n, que vio en ese partido \u00abuna segunda batalla\u00bb, debido a que coincidi\u00f3 con la celebraci\u00f3n del 222 aniversario de la batalla de Verti\u00e8res, que defini\u00f3 la independencia de la isla de Francia.<\/p>\n<p>El deporte, una actividad relegada en Hait\u00ed<\/p>\n<p data-gtm-element-container=\"modulo-texto-link\" class=\"paragraph\">Mucho antes de la crisis, las actividades deportivas no eran en absoluto una prioridad para las autoridades del Estado. De hecho, el pa\u00eds no cuenta con una pol\u00edtica p\u00fablica en materia de deporte, ni siquiera con una ley definitiva sobre esta materia.<\/p>\n<p data-gtm-element-container=\"modulo-texto-link\" class=\"paragraph\">Peor a\u00fan, un proyecto de construcci\u00f3n de 25 estadios de f\u00fatbol, bajo <strong>la administraci\u00f3n del presidente Michell Martelly<\/strong> (2011 a 2016), fracas\u00f3 debido a la corrupci\u00f3n y el despilfarro.<\/p>\n<p data-gtm-element-container=\"modulo-texto-link\" class=\"paragraph\">En febrero de 2024, las bandas llevaron a cabo una gran ofensiva que destruy\u00f3 todo el centro de Puerto Pr\u00edncipe, el coraz\u00f3n neur\u00e1lgico de la ciudad.<\/p>\n<p>Sin infraestructuras<\/p>\n<p data-gtm-element-container=\"modulo-texto-link\" class=\"paragraph\">Una ofensiva que se llev\u00f3 por delante las pocas infraestructuras deportivas existentes, <strong>entre ellas el estadio Sylvio Cator, <\/strong>situado a la entrada sur de Puerto Pr\u00edncipe, donde jugaban los clubes de la capital y donde la selecci\u00f3n nacional disputaba partidos internacionales en el pasado.<\/p>\n<p data-gtm-element-container=\"modulo-texto-link\" class=\"paragraph\">Desde entonces, el estadio est\u00e1 totalmente vandalizado y bajo el control de bandas armadas que forman parte de la coalici\u00f3n terrorista <strong>Viv Ansanm (Vivir Juntos),<\/strong> que lo utilizan como escondite debido a su posici\u00f3n estrat\u00e9gica en una zona totalmente abandonada.<\/p>\n<p>El terremoto de 2010<\/p>\n<p data-gtm-element-container=\"modulo-texto-link\" class=\"paragraph\">En 2010, <strong>el potente terremoto que mat\u00f3 a casi 300.000 personas<\/strong> supuso un duro golpe para las actividades deportivas y f\u00edsicas en Hait\u00ed. Desaparecieron innumerables instalaciones deportivas, al igual que las plazas p\u00fablicas que los albergaban.<\/p>\n<p data-gtm-element-container=\"modulo-texto-link\" class=\"paragraph\">Eso dio lugar a la construcci\u00f3n de viviendas y locales comerciales en esos terrenos, que serv\u00edan de espacio para que los j\u00f3venes jugaran al f\u00fatbol.<\/p>\n<p>No hay competiciones<\/p>\n<p data-gtm-element-container=\"modulo-texto-link\" class=\"paragraph\">Adem\u00e1s de la falta de infraestructuras deportivas,<strong> ya no hay competiciones juveniles ni competiciones entre escuelas<\/strong> que permitan descubrir j\u00f3venes talentos como en el pasado.<\/p>\n<p data-gtm-element-container=\"modulo-texto-link\" class=\"paragraph\">En los guetos, los cientos de j\u00f3venes que deber\u00edan ocupar los campos de f\u00fatbol se alistan en bandas y mueren durante las intervenciones de las fuerzas del orden o en ataques armados.<\/p>\n<p>El f\u00fatbol, una religi\u00f3n<\/p>\n<p data-gtm-element-container=\"modulo-texto-link\" class=\"paragraph\">En Hait\u00ed, el f\u00fatbol sigue siendo el deporte rey. Se ve en la televisi\u00f3n, se juega en las calles y en los patios de recreo de las escuelas y universidades.<\/p>\n<p data-gtm-element-container=\"modulo-texto-link\" class=\"paragraph\">Los haitianos son apasionados de este deporte, que les sirve de <strong>v\u00eda de escape<\/strong> ante la situaci\u00f3n de desesperanza que persiste en el pa\u00eds, que sigue luchando por recuperarse de las crisis clim\u00e1ticas, medioambientales, de seguridad y pol\u00edticas.<\/p>\n<p data-gtm-element-container=\"modulo-texto-link\" class=\"paragraph\"><strong>Los grandes campeonatos, como los de Italia, Espa\u00f1a, Francia e Inglaterra<\/strong>, con sus grandes clubes y estrellas,<strong> son muy populares<\/strong> en Hait\u00ed y el brasile\u00f1o <strong>Pel\u00e9<\/strong> y el argentino <strong>Maradona<\/strong> son verdaderas estrellas en esta naci\u00f3n, donde la fiebre por el f\u00fatbol ha provocado en los \u00faltimos a\u00f1os <strong>un auge de las empresas de apuestas deportivas.<\/strong><\/p>\n<p>    Lee tambi\u00e9n<\/p>\n<p data-gtm-element-container=\"modulo-texto-link\" class=\"paragraph\">Si el f\u00fatbol no existiera, los haitianos lo habr\u00edan inventado, ya que constituye una verdadera religi\u00f3n para un pueblo que debate sobre este deporte en los mercados, en el transporte p\u00fablico y en los centros de recreaci\u00f3n.\u00a0<\/p>\n","protected":false},"excerpt":{"rendered":"Hait\u00ed, un pa\u00eds sin estadio de f\u00fatbol, sin campeonato nacional durante varios a\u00f1os, sin competiciones interescolares e interjuveniles,&hellip;\n","protected":false},"author":2,"featured_media":247212,"comment_status":"","ping_status":"","sticky":false,"template":"","format":"standard","meta":{"footnotes":""},"categories":[268],"tags":[168,25,24,280,282,281,23,167],"class_list":{"0":"post-247211","1":"post","2":"type-post","3":"status-publish","4":"format-standard","5":"has-post-thumbnail","7":"category-futbol","8":"tag-deportes","9":"tag-es","10":"tag-espana","11":"tag-football","12":"tag-futbol","13":"tag-soccer","14":"tag-spain","15":"tag-sports"},"share_on_mastodon":{"url":"https:\/\/pubeurope.com\/@es\/115584864461771173","error":""},"_links":{"self":[{"href":"https:\/\/www.europesays.com\/es\/wp-json\/wp\/v2\/posts\/247211","targetHints":{"allow":["GET"]}}],"collection":[{"href":"https:\/\/www.europesays.com\/es\/wp-json\/wp\/v2\/posts"}],"about":[{"href":"https:\/\/www.europesays.com\/es\/wp-json\/wp\/v2\/types\/post"}],"author":[{"embeddable":true,"href":"https:\/\/www.europesays.com\/es\/wp-json\/wp\/v2\/users\/2"}],"replies":[{"embeddable":true,"href":"https:\/\/www.europesays.com\/es\/wp-json\/wp\/v2\/comments?post=247211"}],"version-history":[{"count":0,"href":"https:\/\/www.europesays.com\/es\/wp-json\/wp\/v2\/posts\/247211\/revisions"}],"wp:featuredmedia":[{"embeddable":true,"href":"https:\/\/www.europesays.com\/es\/wp-json\/wp\/v2\/media\/247212"}],"wp:attachment":[{"href":"https:\/\/www.europesays.com\/es\/wp-json\/wp\/v2\/media?parent=247211"}],"wp:term":[{"taxonomy":"category","embeddable":true,"href":"https:\/\/www.europesays.com\/es\/wp-json\/wp\/v2\/categories?post=247211"},{"taxonomy":"post_tag","embeddable":true,"href":"https:\/\/www.europesays.com\/es\/wp-json\/wp\/v2\/tags?post=247211"}],"curies":[{"name":"wp","href":"https:\/\/api.w.org\/{rel}","templated":true}]}}