{"id":247257,"date":"2025-11-21T01:04:10","date_gmt":"2025-11-21T01:04:10","guid":{"rendered":"https:\/\/www.europesays.com\/es\/247257\/"},"modified":"2025-11-21T01:04:10","modified_gmt":"2025-11-21T01:04:10","slug":"el-presidente-es-muy-honesto-y-transparente","status":"publish","type":"post","link":"https:\/\/www.europesays.com\/es\/247257\/","title":{"rendered":"El presidente es muy honesto y transparente"},"content":{"rendered":"<p class=\"c-paragraph\">La portavoz de la Casa Blanca, Karoline Leavitt, ha asegurado este jueves que el hecho de que el presidente de EEUU, <a href=\"https:\/\/www.20minutos.es\/tags\/personas\/donald-trump.html\" title=\"Donald Trump\" rel=\"nofollow noopener\" target=\"_blank\">Donald Trump<\/a>, <a href=\"https:\/\/www.20minutos.es\/internacional\/trump-insulta-contra-una-periodista-que-le-preguntaba-por-los-archivos-epstein-callate-cerdita_6899746_0.html\" title=\"Trump insulta a una periodista que le preguntaba por los archivos de Epstein: &quot;C\u00e1llate, cerdita&quot;\" rel=\"nofollow noopener\" target=\"_blank\">llamara \u00abcerdita\u00bb a una periodista <\/a>demuestra que\u00a0es \u00abhonesto\u00bb y \u00abtransparente\u00bb con los medios de comunicaci\u00f3n. \u00ab<b><b>El presidente es muy franco y honesto con todos los presentes en esta sala.<\/b><\/b>\u00a0Lo han visto ustedes mismos. Lo han experimentado ustedes mismos\u00bb, ha manifestado Leavitt en una rueda de prensa al preguntada por la prensa por a qu\u00e9 se refer\u00eda Trump cuando llam\u00f3 as\u00ed a una reportera.<\/p>\n<p class=\"c-paragraph\">El presidente llam\u00f3 \u00abcerdita\u00bb y <b>mand\u00f3 a callar a Catherine Lucey, corresponsal en la Casa Blanca de la agencia Bloomberg<\/b>, el viernes a bordo del Air Force One cuando esta le pregunt\u00f3 sobre el caso del pederasta Jeffrey Epstein.<\/p>\n<p class=\"c-paragraph\">\u00ab<b>El presidente se frustra con los periodistas cuando mienten sobre \u00e9l,<\/b> cuando difunden noticias falsas sobre \u00e9l y su Administraci\u00f3n. Pero tambi\u00e9n es el presidente m\u00e1s transparente de la historia y, como todos ustedes saben, les da a todos los que est\u00e1n en esta sala un acceso sin precedentes\u00bb, ha afirmado la portavoz.<\/p>\n<p class=\"c-paragraph\">En este sentido, Leavitt ha cargado contra el predecesor de Trump, Joe Biden. \u00abCreo que el hecho de que el presidente sea<b> franco, abierto y honesto con ustedes<\/b>, en lugar de esconderse a sus espaldas, es, francamente, mucho m\u00e1s respetuoso que lo que vieron en la \u00faltima Administraci\u00f3n\u00bb, indic\u00f3.<\/p>\n<p class=\"c-paragraph\">\u00abTodos los que est\u00e1n en esta sala <b>deber\u00edan apreciar la franqueza y la apertura que les brinda el presidente<\/b> Trump casi a diario\u00bb, ha concluido. La publicaci\u00f3n del v\u00eddeo en el que se ve a Trump insultando a la reportera desat\u00f3 cr\u00edticas del gremio period\u00edstico.<\/p>\n<p class=\"c-paragraph\">Este es uno m\u00e1s de los ataques del mandatario contra los periodistas, sobre todo contra las mujeres. El martes <b>llam\u00f3 \u00abp\u00e9sima reportera\u00bb a una profesional<\/b> que tambi\u00e9n le pregunt\u00f3 por los documentos de Epstein.<\/p>\n","protected":false},"excerpt":{"rendered":"La portavoz de la Casa Blanca, Karoline Leavitt, ha asegurado este jueves que el hecho de que el&hellip;\n","protected":false},"author":2,"featured_media":247258,"comment_status":"","ping_status":"","sticky":false,"template":"","format":"standard","meta":{"footnotes":""},"categories":[42],"tags":[386,17,18,385,63024,13,14,11,61,62,63,64,19,20,9,10,15,16,5398,12,936,21,22,65,66,67],"class_list":{"0":"post-247257","1":"post","2":"type-post","3":"status-publish","4":"format-standard","5":"has-post-thumbnail","7":"category-internacional","8":"tag-blanca","9":"tag-breaking-news","10":"tag-breakingnews","11":"tag-casa","12":"tag-cerdita","13":"tag-featured-news","14":"tag-featurednews","15":"tag-headlines","16":"tag-internacional","17":"tag-international","18":"tag-international-news","19":"tag-internationalnews","20":"tag-latest-news","21":"tag-latestnews","22":"tag-news","23":"tag-noticias","24":"tag-noticias-destacadas","25":"tag-noticiasdestacadas","26":"tag-periodista","27":"tag-titulares","28":"tag-trump","29":"tag-ultimas-noticias","30":"tag-ultimasnoticias","31":"tag-world","32":"tag-world-news","33":"tag-worldnews"},"share_on_mastodon":{"url":"https:\/\/pubeurope.com\/@es\/115585001977547720","error":""},"_links":{"self":[{"href":"https:\/\/www.europesays.com\/es\/wp-json\/wp\/v2\/posts\/247257","targetHints":{"allow":["GET"]}}],"collection":[{"href":"https:\/\/www.europesays.com\/es\/wp-json\/wp\/v2\/posts"}],"about":[{"href":"https:\/\/www.europesays.com\/es\/wp-json\/wp\/v2\/types\/post"}],"author":[{"embeddable":true,"href":"https:\/\/www.europesays.com\/es\/wp-json\/wp\/v2\/users\/2"}],"replies":[{"embeddable":true,"href":"https:\/\/www.europesays.com\/es\/wp-json\/wp\/v2\/comments?post=247257"}],"version-history":[{"count":0,"href":"https:\/\/www.europesays.com\/es\/wp-json\/wp\/v2\/posts\/247257\/revisions"}],"wp:featuredmedia":[{"embeddable":true,"href":"https:\/\/www.europesays.com\/es\/wp-json\/wp\/v2\/media\/247258"}],"wp:attachment":[{"href":"https:\/\/www.europesays.com\/es\/wp-json\/wp\/v2\/media?parent=247257"}],"wp:term":[{"taxonomy":"category","embeddable":true,"href":"https:\/\/www.europesays.com\/es\/wp-json\/wp\/v2\/categories?post=247257"},{"taxonomy":"post_tag","embeddable":true,"href":"https:\/\/www.europesays.com\/es\/wp-json\/wp\/v2\/tags?post=247257"}],"curies":[{"name":"wp","href":"https:\/\/api.w.org\/{rel}","templated":true}]}}