{"id":247267,"date":"2025-11-21T01:15:08","date_gmt":"2025-11-21T01:15:08","guid":{"rendered":"https:\/\/www.europesays.com\/es\/247267\/"},"modified":"2025-11-21T01:15:08","modified_gmt":"2025-11-21T01:15:08","slug":"pajor-vuelve-a-salir-al-rescate-del-barca-con-un-zurdazo-en-stamford-bridge","status":"publish","type":"post","link":"https:\/\/www.europesays.com\/es\/247267\/","title":{"rendered":"Pajor vuelve a salir al rescate del Bar\u00e7a con un zurdazo en Stamford Bridge"},"content":{"rendered":"<p data-gtm-element-container=\"modulo-texto-link\" class=\"paragraph\">No eran exagerados los temores en <strong>Can Bar\u00e7a<\/strong> cuando hace un mes y medio sali\u00f3 <strong>Ewa Pajor <\/strong>en l\u00e1grimas del feudo del <strong>Atl\u00e9tico de Madrid<\/strong> ante lo que parec\u00eda una grave lesi\u00f3n de ligamentos cruzados en la rodilla derecha. El alivio fue monumental al d\u00eda siguiente al quedar su tiempo de baja en s\u00f3lo un mes porque <strong>Pajor <\/strong>es mucha <strong>Pajor<\/strong>. La \u20189\u2019 azulgrana ha vuelto como un torpedo haciendo honor al <strong>Trofeo Gerd M\u00fcller <\/strong>que recogi\u00f3 hace dos meses como m\u00e1xima goleadora (46 con el <strong>Bar\u00e7a <\/strong>y seis con Polonia) de la pasada temporada.<\/p>\n<p data-gtm-element-container=\"modulo-texto-link\" class=\"paragraph\">Autora de un doblete el s\u00e1bado pasado en el 4-0 al <strong>Real Madrid <\/strong>para dejar a las blancas a siete puntos, <strong>Pajor <\/strong>sali\u00f3 al rescate de nuevo, esta vez en <strong>Stamford Bridge<\/strong>, cuando el <strong>Chelsea <\/strong>se hab\u00eda venido arriba tras el golazo de la australiana <strong>Ellie Carpenter<\/strong> a la escuadra de <strong>Cata Coll <\/strong>un minuto despu\u00e9s de que <strong>Caroline Graham Hansen <\/strong>prefiriera pasar al lado en lugar de fusilar a la suiza <strong>Livia Peng<\/strong>. A los ocho minutos emergi\u00f3 el instinto asesino de la artillera azulgrana para cazar un bal\u00f3n que porfi\u00f3 <strong>Laia Aleixandri <\/strong>en el \u00e1rea tras un c\u00f3rner botado por <strong>Cl\u00e0udia Pina<\/strong>. <strong>Pajor <\/strong>se gan\u00f3 el hueco alej\u00e1ndose de la excul\u00e9 <strong>Keira Walsh<\/strong> y conect\u00f3 un zurdazo inapelable para igualar la contienda en <strong>Londres<\/strong>.\u00a0Poco antes hab\u00eda visto anulado un gol por un ligero fuera de juego tras recibir un gran pase interior de<strong> Mapi Le\u00f3n.<\/strong><\/p>\n<p>    Lee tambi\u00e9n<\/p>\n<p data-gtm-element-container=\"modulo-texto-link\" class=\"paragraph\">Ya bigoleadora en el 7-1 al <strong>Bayern M\u00fanich<\/strong>, la delantera del <strong>Bar\u00e7a <\/strong>lleva tres tantos en tres encuentros de la polaca en la presente edici\u00f3n de la <strong>Champions <\/strong>y 36 en 65 presencias a lo largo de su carrera. Junto con las ocho en la <strong>Liga F Moeve<\/strong>, ni el mes de inactividad evita que <strong>Pajor <\/strong>sea la \u2018<strong>Pichichi<\/strong>\u2019 del equipo con 11 dianas.<\/p>\n<p data-gtm-element-container=\"modulo-texto-link\" class=\"paragraph\"><strong>Cambios tard\u00edos<\/strong><\/p>\n<p data-gtm-element-container=\"modulo-texto-link\" class=\"paragraph\">A diferencia del <strong>Cl\u00e1sico <\/strong>liguero, el caudal ofensivo del <strong>Bar\u00e7a <\/strong>mengu\u00f3 sin que <strong>Pajor <\/strong>recibiera m\u00e1s opciones francas de remate. Pese a ello, <strong>Pere Romeu <\/strong>movi\u00f3 ficha muy tarde ante la impotencia de <strong>Graham <\/strong>ante <strong>Baltimore <\/strong>pero sigui\u00f3 en el c\u00e9sped hasta el 74\u2019, cuando entr\u00f3 <strong>Vicky<\/strong> <strong>L\u00f3pez<\/strong>. Menos tiempo a\u00fan tuvo <strong>Kika Nazareth,<\/strong> relevo de <strong>Cl\u00e0udia Pina <\/strong>en el 87\u2019.<\/p>\n","protected":false},"excerpt":{"rendered":"No eran exagerados los temores en Can Bar\u00e7a cuando hace un mes y medio sali\u00f3 Ewa Pajor en&hellip;\n","protected":false},"author":2,"featured_media":247268,"comment_status":"","ping_status":"","sticky":false,"template":"","format":"standard","meta":{"footnotes":""},"categories":[268],"tags":[168,25,24,280,282,281,23,167],"class_list":{"0":"post-247267","1":"post","2":"type-post","3":"status-publish","4":"format-standard","5":"has-post-thumbnail","7":"category-futbol","8":"tag-deportes","9":"tag-es","10":"tag-espana","11":"tag-football","12":"tag-futbol","13":"tag-soccer","14":"tag-spain","15":"tag-sports"},"share_on_mastodon":{"url":"https:\/\/pubeurope.com\/@es\/115585045292646654","error":""},"_links":{"self":[{"href":"https:\/\/www.europesays.com\/es\/wp-json\/wp\/v2\/posts\/247267","targetHints":{"allow":["GET"]}}],"collection":[{"href":"https:\/\/www.europesays.com\/es\/wp-json\/wp\/v2\/posts"}],"about":[{"href":"https:\/\/www.europesays.com\/es\/wp-json\/wp\/v2\/types\/post"}],"author":[{"embeddable":true,"href":"https:\/\/www.europesays.com\/es\/wp-json\/wp\/v2\/users\/2"}],"replies":[{"embeddable":true,"href":"https:\/\/www.europesays.com\/es\/wp-json\/wp\/v2\/comments?post=247267"}],"version-history":[{"count":0,"href":"https:\/\/www.europesays.com\/es\/wp-json\/wp\/v2\/posts\/247267\/revisions"}],"wp:featuredmedia":[{"embeddable":true,"href":"https:\/\/www.europesays.com\/es\/wp-json\/wp\/v2\/media\/247268"}],"wp:attachment":[{"href":"https:\/\/www.europesays.com\/es\/wp-json\/wp\/v2\/media?parent=247267"}],"wp:term":[{"taxonomy":"category","embeddable":true,"href":"https:\/\/www.europesays.com\/es\/wp-json\/wp\/v2\/categories?post=247267"},{"taxonomy":"post_tag","embeddable":true,"href":"https:\/\/www.europesays.com\/es\/wp-json\/wp\/v2\/tags?post=247267"}],"curies":[{"name":"wp","href":"https:\/\/api.w.org\/{rel}","templated":true}]}}