{"id":247277,"date":"2025-11-21T01:21:12","date_gmt":"2025-11-21T01:21:12","guid":{"rendered":"https:\/\/www.europesays.com\/es\/247277\/"},"modified":"2025-11-21T01:21:12","modified_gmt":"2025-11-21T01:21:12","slug":"david-trueba-director-de-cine-las-peliculas-de-superheroes-incitan-al-fascismo","status":"publish","type":"post","link":"https:\/\/www.europesays.com\/es\/247277\/","title":{"rendered":"David Trueba, director de cine: \u201cLas pel\u00edculas de superh\u00e9roes incitan al fascismo\u201d"},"content":{"rendered":"<p class=\"\">Durante una entrevista en el p\u00f3dcast \u2018La Script\u2019, presentado por la periodista Mar\u00eda Guerra, el <a href=\"https:\/\/as.com\/meristation\/videos\/el-carismatico-humorista-eugenio-retratado-por-david-trueba-en-saben-aquell-su-nueva-pelicula-v\/\" target=\"_self\" rel=\"nofollow noopener\" title=\"https:\/\/as.com\/meristation\/videos\/el-carismatico-humorista-eugenio-retratado-por-david-trueba-en-saben-aquell-su-nueva-pelicula-v\/\">cineasta David Trueba<\/a> ha reactivado una de sus ideas m\u00e1s pol\u00e9micas: \u00abFui de los primeros que alz\u00f3 la voz y dijo: \u201c<b>no se pueden hacer pel\u00edculas de superh\u00e9roes constantemente porque incitan al fascismo<\/b>\u201d\u00bb. Lo hizo mientras presentaba su nueva pel\u00edcula, \u2018Siempre es invierno\u2019, estrenada en cines el 7 de noviembre, en una conversaci\u00f3n que ha saltado r\u00e1pidamente al debate p\u00fablico.<\/p>\n<p class=\"\">La frase no nace de la nada. El director de \u2018Vivir es f\u00e1cil con los ojos cerrados\u2019 ya hab\u00eda abordado esta idea en su novela \u2018El r\u00edo baja sucio\u2019 (2019), donde uno de los personajes afirmaba que \u201clos superh\u00e9roes son fascistas\u201d y el propio Trueba reflexionaba sobre c\u00f3mo \u201c<b>una sociedad que espera que un salvador venga a resolverle los problemas es una sociedad que va a caer seducida por el fascismo<\/b>\u201d.<\/p>\n<p class=\"\">En \u2018La Script\u2019, el cineasta desarrolla ese razonamiento y define el fascismo como \u201d<b>una respuesta de soberbia individualista sobre problemas colectivos<\/b>\u201d. Para ilustrarlo, recurre a Gotham y a su vigilante m\u00e1s c\u00e9lebre: lo problem\u00e1tico, dice, no es tanto Batman en s\u00ed como <b>la idea de que la inseguridad de una ciudad se resuelva por \u201dun se\u00f1or dando pu\u00f1etazos<\/b>, \u00e9l solo, erigido en autoridad letal\u201d, en lugar de por una respuesta social y democr\u00e1tica.<\/p>\n<p>No es un veto al g\u00e9nero, s\u00f3lo una cr\u00edtica a la proliferaci\u00f3n<\/p>\n<p class=\"\">Trueba matiza, sin embargo, que no est\u00e1 contra el g\u00e9nero de superh\u00e9roes en bloque. En la entrevista subraya que su cr\u00edtica va dirigida<b> a la repetici\u00f3n casi industrial del mismo molde narrativo<\/b> y a la ausencia de reflexi\u00f3n sobre el mensaje pol\u00edtico que incorpora: recuerda que los primeros filmes de Superman o Batman eran \u201dmuy conscientes de que pod\u00edan incitar al fascismo\u201d, mientras que hoy esa dimensi\u00f3n se disimula bajo capas de espect\u00e1culo y rutina.<\/p>\n<p class=\"\">En <a href=\"https:\/\/www.eldebate.com\/cine-tv-series\/20251113\/david-trueba-sostiene-peliculas-superheroes-incitan-fascismo_354908.html\" target=\"_self\" rel=\"nofollow noopener\" title=\"https:\/\/www.eldebate.com\/cine-tv-series\/20251113\/david-trueba-sostiene-peliculas-superheroes-incitan-fascismo_354908.html\">una pieza de El Debate<\/a>, el director llega incluso a admitir que, si le ofrecieran dirigir una nueva pel\u00edcula de Superman, \u201dseguramente dir\u00eda que s\u00ed\u201d, entre otras cosas por lo que supondr\u00eda rodar por fin \u201duna pel\u00edcula con dinero y con medios\u201d. Eso s\u00ed, a\u00f1ade que la har\u00eda \u201dm\u00e1s afilada\u201c y que su aspiraci\u00f3n es un cine que contribuya \u201da la convivencia, a la humanidad, al humanismo\u201d, <b>no a reforzar fantas\u00edas punitivas ni soluciones simplistas a conflictos complejos<\/b>.<\/p>\n<p>Noticias relacionadas<\/p>\n<p class=\"\">Suscr\u00edbete al <a href=\"https:\/\/www.youtube.com\/@meristation\" target=\"_self\" rel=\"nofollow noopener\" title=\"https:\/\/www.youtube.com\/@meristation\">canal de MeriStation en YouTube<\/a>, tu web de videojuegos y entretenimiento para conocer todas las noticias y novedades sobre el mundo del videojuego, cine, series, manga y anime. An\u00e1lisis, entrevistas, tr\u00e1ileres, gameplays, p\u00f3dcast y mucho m\u00e1s. Tambi\u00e9n te animamos a seguir <a href=\"https:\/\/www.tiktok.com\/@meristation\" rel=\"nofollow noopener\" title=\"https:\/\/www.tiktok.com\/@meristation\" target=\"_blank\">nuestra cuenta de TikTok<\/a>. <\/p>\n<p class=\"\">\u00a1S\u00edguenos en ambas y, si est\u00e1s interesado en licenciar este contenido, pincha <a href=\"https:\/\/profesional.elpais.com\/soluciones-sindicacion?utm_medium=interno&amp;utm_source=crosslinking&amp;utm_campaign=sindicacion_as_pie_articulos\" target=\"_blank\" rel=\"nofollow noopener\" title=\"https:\/\/profesional.elpais.com\/soluciones-sindicacion?utm_medium=interno&amp;utm_source=crosslinking&amp;utm_campaign=sindicacion_as_pie_articulos\">aqu\u00ed<\/a>!<\/p>\n<p><script async src=\"\/\/www.tiktok.com\/embed.js\"><\/script><\/p>\n","protected":false},"excerpt":{"rendered":"Durante una entrevista en el p\u00f3dcast \u2018La Script\u2019, presentado por la periodista Mar\u00eda Guerra, el cineasta David Trueba&hellip;\n","protected":false},"author":2,"featured_media":247278,"comment_status":"","ping_status":"","sticky":false,"template":"","format":"standard","meta":{"footnotes":""},"categories":[169],"tags":[177,146,147,25,24,176,175,23],"class_list":{"0":"post-247277","1":"post","2":"type-post","3":"status-publish","4":"format-standard","5":"has-post-thumbnail","7":"category-cine","8":"tag-cine","9":"tag-entertainment","10":"tag-entretenimiento","11":"tag-es","12":"tag-espana","13":"tag-film","14":"tag-movies","15":"tag-spain"},"share_on_mastodon":{"url":"https:\/\/pubeurope.com\/@es\/115585068854224540","error":""},"_links":{"self":[{"href":"https:\/\/www.europesays.com\/es\/wp-json\/wp\/v2\/posts\/247277","targetHints":{"allow":["GET"]}}],"collection":[{"href":"https:\/\/www.europesays.com\/es\/wp-json\/wp\/v2\/posts"}],"about":[{"href":"https:\/\/www.europesays.com\/es\/wp-json\/wp\/v2\/types\/post"}],"author":[{"embeddable":true,"href":"https:\/\/www.europesays.com\/es\/wp-json\/wp\/v2\/users\/2"}],"replies":[{"embeddable":true,"href":"https:\/\/www.europesays.com\/es\/wp-json\/wp\/v2\/comments?post=247277"}],"version-history":[{"count":0,"href":"https:\/\/www.europesays.com\/es\/wp-json\/wp\/v2\/posts\/247277\/revisions"}],"wp:featuredmedia":[{"embeddable":true,"href":"https:\/\/www.europesays.com\/es\/wp-json\/wp\/v2\/media\/247278"}],"wp:attachment":[{"href":"https:\/\/www.europesays.com\/es\/wp-json\/wp\/v2\/media?parent=247277"}],"wp:term":[{"taxonomy":"category","embeddable":true,"href":"https:\/\/www.europesays.com\/es\/wp-json\/wp\/v2\/categories?post=247277"},{"taxonomy":"post_tag","embeddable":true,"href":"https:\/\/www.europesays.com\/es\/wp-json\/wp\/v2\/tags?post=247277"}],"curies":[{"name":"wp","href":"https:\/\/api.w.org\/{rel}","templated":true}]}}