{"id":247298,"date":"2025-11-21T01:38:11","date_gmt":"2025-11-21T01:38:11","guid":{"rendered":"https:\/\/www.europesays.com\/es\/247298\/"},"modified":"2025-11-21T01:38:11","modified_gmt":"2025-11-21T01:38:11","slug":"el-torrent-betis-se-traslada-al-ciutat-de-valencia","status":"publish","type":"post","link":"https:\/\/www.europesays.com\/es\/247298\/","title":{"rendered":"El Torrent &#8211; Betis se traslada al Ciutat de Valencia"},"content":{"rendered":"<p><a class=\"v-mdl-ath__fig-a\" href=\"https:\/\/www.lasprovincias.es\/autor\/eric-martin-7178.html\" title=\"Eric Mart\u00edn\" rel=\"nofollow noopener\" target=\"_blank\"><br \/>\n<img decoding=\"async\" class=\"v-mdl-ath__img\" src=\"https:\/\/www.europesays.com\/es\/wp-content\/uploads\/2025\/07\/autor-7178-foto-1.jpeg\" alt=\"Eric Mart\u00edn\"\/><br \/>\n<\/a><\/p>\n<p class=\"v-mdl-ath__p v-mdl-ath__p--6\">\nJueves, 20 de noviembre 2025<\/p>\n<p>| Actualizado 21\/11\/2025 01:40h.<\/p>\n<p class=\"v-p\">Cambio de \u00faltima hora en lo que respecta al partido que el Torrent CF ha de disputar en la Copa del Rey. La sede ya ha sido confirmada por la organizaci\u00f3n. Y no. A pesar de que todas las partes, tanto el club como el Ayuntamiento de Torrent, pusieron todas las medidas posibles y su empe\u00f1o por recibir al Real Betis en el San Gregorio, finalmente se jugar\u00e1 en otro escenario.<\/p>\n<p class=\"v-p\">El Ciutat de Valencia, estadio del <a href=\"https:\/\/www.lasprovincias.es\/levanteud\/\" target=\"_self\" data-voc-vtm-id=\"in-text-traffic\" title=\"Levante UD\" data-mrf-link=\"www.lasprovincias.es\" rel=\"nofollow noopener\">Levante UD<\/a>, ser\u00e1 el que acoja esta eliminatoria de la segunda ronda de la competici\u00f3n del &#8216;KO&#8217;. Los de L&#8217;Horta Sud se trasladar\u00e1n al barrio de Orriols, en la capital, para afrontar esta cita. Ser\u00e1 la noche del pr\u00f3ximo mi\u00e9rcoles 3 de diciembre, a partir de las 21:00 horas.<\/p>\n<p class=\"v-p\">El Torrent no ve cumplido as\u00ed el prop\u00f3sito de jugar en su campo habitual, delante de su fiel afici\u00f3n, que esperaba recibir por primera vez a uno de los hist\u00f3ricos de la \u00e9lite espa\u00f1ola. Las obras de remodelaci\u00f3n para adecuar las instalaciones, as\u00ed como el cambio de c\u00e9sped, no llegar\u00e1n previsiblemente a tiempo. <\/p>\n<p><a href=\"http:\/\/www.lasprovincias.es\/deportes\/futbol\/torrent-lleva-premio-copa-rey-recibir-betis-20251111135359-nt.html#vtm_modulosEngag=mod-rel:deportes:noticia:1:cmp:1-not\" class=\"v-a-link\" aria-label=\"Imagen\" rel=\"nofollow noopener\" target=\"_blank\"><\/p>\n<p><img decoding=\"async\" loading=\"lazy\" src=\"https:\/\/www.europesays.com\/es\/wp-content\/uploads\/2025\/11\/1489268045-U25886211220CTs-366x256@Las Provincias.jpg\" class=\"v-a-img\" width=\"258\" height=\"180\" alt=\"\" data-voc-vtm-id=\"in-text-traffic\"\/><\/p>\n<p><\/a><\/p>\n<p class=\"v-p\">No obstante, la decisi\u00f3n no ha sido recibida del mejor modo por la c\u00fapula del Torrent. \u00abLlega tan solo 48 horas despu\u00e9s de la confirmaci\u00f3n por parte del consistorio de que el encuentro podr\u00eda celebrarse en San Gregorio, lo que supone un golpe especialmente duro para todos. Para el club, para nuestros jugadores, para nuestras familias y sobre todo, para una afici\u00f3n que llevaba a\u00f1os so\u00f1ando con vivir un partido as\u00ed en su propio estadio. Un encuentro hist\u00f3rico, el m\u00e1s importante en los 104 a\u00f1os de vida del Torrent CF, que merec\u00eda jugarse en nuestra casa y ante nuestro pueblo\u00bb, ha expresado el club mediante un comunicado.<\/p>\n<p class=\"v-p\">En la misma l\u00ednea, Mar\u00eda \u00c1ngeles Lerma, la Concejal del \u00c1rea de Deportes, ha manifestado que \u00abel Torrent CF podr\u00e1 disputar este hist\u00f3rico partido de Copa del Rey en un campo de Primera Divisi\u00f3n, con todas las garant\u00edas, rodeado de miles de aficionados y en un estadio de primer nivel que estar\u00e1 a la altura de este momento tan especial para nuestra ciudad\u00bb, aunque por otra parte lamentaba que no fuera en su municipio tras una aver\u00eda inesperada en la maquinaria durante el cambio del c\u00e9sped y las condiciones meteorol\u00f3gicas adversas.<\/p>\n<p class=\"v-p\">Por todo ello, desde la Federaci\u00f3n han considerado buscar una sede alternativa pr\u00f3xima y el Levante tambi\u00e9n ha dado el visto bueno a que se dispute en sus instalaciones. De esta forma, con el h\u00e1ndicap de no poder jugar en San Gregorio, como ha ocurrido en las \u00faltimas jornadas, pero con la convicci\u00f3n de que \u00abla afici\u00f3n llenar\u00e1 el Ciutat de Val\u00e8ncia de color taronja y viviremos una noche hist\u00f3rica e inolvidable con el Torrent CF\u00bb, como a\u00f1ad\u00eda Lerma, podr\u00e1 dar lugar a una entrada m\u00e1s numerosa en Orriols para enfrentarse al Betis.<\/p>\n<p>Reporta un error<\/p>\n","protected":false},"excerpt":{"rendered":"Jueves, 20 de noviembre 2025 | Actualizado 21\/11\/2025 01:40h. Cambio de \u00faltima hora en lo que respecta al&hellip;\n","protected":false},"author":2,"featured_media":247299,"comment_status":"","ping_status":"","sticky":false,"template":"","format":"standard","meta":{"footnotes":""},"categories":[268],"tags":[291,12091,168,25,24,280,282,281,23,167,53945,13200,235],"class_list":{"0":"post-247298","1":"post","2":"type-post","3":"status-publish","4":"format-standard","5":"has-post-thumbnail","7":"category-futbol","8":"tag-betis","9":"tag-ciutat","10":"tag-deportes","11":"tag-es","12":"tag-espana","13":"tag-football","14":"tag-futbol","15":"tag-soccer","16":"tag-spain","17":"tag-sports","18":"tag-torrent","19":"tag-traslada","20":"tag-valencia"},"share_on_mastodon":{"url":"https:\/\/pubeurope.com\/@es\/115585135725792999","error":""},"_links":{"self":[{"href":"https:\/\/www.europesays.com\/es\/wp-json\/wp\/v2\/posts\/247298","targetHints":{"allow":["GET"]}}],"collection":[{"href":"https:\/\/www.europesays.com\/es\/wp-json\/wp\/v2\/posts"}],"about":[{"href":"https:\/\/www.europesays.com\/es\/wp-json\/wp\/v2\/types\/post"}],"author":[{"embeddable":true,"href":"https:\/\/www.europesays.com\/es\/wp-json\/wp\/v2\/users\/2"}],"replies":[{"embeddable":true,"href":"https:\/\/www.europesays.com\/es\/wp-json\/wp\/v2\/comments?post=247298"}],"version-history":[{"count":0,"href":"https:\/\/www.europesays.com\/es\/wp-json\/wp\/v2\/posts\/247298\/revisions"}],"wp:featuredmedia":[{"embeddable":true,"href":"https:\/\/www.europesays.com\/es\/wp-json\/wp\/v2\/media\/247299"}],"wp:attachment":[{"href":"https:\/\/www.europesays.com\/es\/wp-json\/wp\/v2\/media?parent=247298"}],"wp:term":[{"taxonomy":"category","embeddable":true,"href":"https:\/\/www.europesays.com\/es\/wp-json\/wp\/v2\/categories?post=247298"},{"taxonomy":"post_tag","embeddable":true,"href":"https:\/\/www.europesays.com\/es\/wp-json\/wp\/v2\/tags?post=247298"}],"curies":[{"name":"wp","href":"https:\/\/api.w.org\/{rel}","templated":true}]}}