{"id":247300,"date":"2025-11-21T01:39:09","date_gmt":"2025-11-21T01:39:09","guid":{"rendered":"https:\/\/www.europesays.com\/es\/247300\/"},"modified":"2025-11-21T01:39:09","modified_gmt":"2025-11-21T01:39:09","slug":"sara-salamo-bromea-con-el-truco-de-manu-en-el-donde-estan-di-la-verdad","status":"publish","type":"post","link":"https:\/\/www.europesays.com\/es\/247300\/","title":{"rendered":"Sara S\u00e1lamo bromea con el \u2018truco\u2019 de Manu en el \u00bfD\u00f3nde Est\u00e1n?: \u201cDi la verdad\u201d"},"content":{"rendered":"<p>\u00bfEs memoria? \u00bfEs t\u00e1ctica? \u00bfC\u00f3mo hace<b> Manu<\/b> para ser pr\u00e1cticamente infalible en una de las pruebas m\u00e1s complicadas de <b>Pasapalabra? <\/b>Son las preguntas que siguen haci\u00e9ndose los invitados cada vez que el concursante firma un pleno en el <b>\u00bfD\u00f3nde Est\u00e1n?. Itziar Miranda<\/b> le ha dicho \u201ca tus pies\u201d, mientras que <b>Sara S\u00e1lamo<\/b> trataba de conocer su secreto.<\/p>\n<p>La prueba ha tenido como opciones dos de los cantantes espa\u00f1oles de m\u00e1s \u00e9xito. Manu se ha decantado por <b>Alejandro Sanz, <\/b>de forma contundente tras consultarlo con Itziar y<b> Ra\u00fal Pe\u00f1a,<\/b> a pesar de que <b>Roberto Leal <\/b>ha recordado su parecido con <b>Enrique Iglesias. <\/b>Ya lo coment\u00f3 hace unos meses: \u201cTienes cierto aire en el corte de pelo\u201d.<\/p>\n<p>El panel, con palabras que aparecen en t\u00edtulos de las canciones, apenas ha supuesto un reto para Manu. Lo ha completado a la primera y por la v\u00eda r\u00e1pida. \u201cDi la verdad\u201d, le ha pedido Sara S\u00e1lamo sobre su truco, esbozando una teor\u00eda. <b>\u00a1No te lo pierdas en el v\u00eddeo!<\/b><\/p>\n","protected":false},"excerpt":{"rendered":"\u00bfEs memoria? \u00bfEs t\u00e1ctica? \u00bfC\u00f3mo hace Manu para ser pr\u00e1cticamente infalible en una de las pruebas m\u00e1s complicadas&hellip;\n","protected":false},"author":2,"featured_media":247301,"comment_status":"","ping_status":"","sticky":false,"template":"","format":"standard","meta":{"footnotes":""},"categories":[174],"tags":[255,146,147,25,24,256,23],"class_list":{"0":"post-247300","1":"post","2":"type-post","3":"status-publish","4":"format-standard","5":"has-post-thumbnail","7":"category-famosos","8":"tag-celebrities","9":"tag-entertainment","10":"tag-entretenimiento","11":"tag-es","12":"tag-espana","13":"tag-famosos","14":"tag-spain"},"share_on_mastodon":{"url":"https:\/\/pubeurope.com\/@es\/115585139955485150","error":""},"_links":{"self":[{"href":"https:\/\/www.europesays.com\/es\/wp-json\/wp\/v2\/posts\/247300","targetHints":{"allow":["GET"]}}],"collection":[{"href":"https:\/\/www.europesays.com\/es\/wp-json\/wp\/v2\/posts"}],"about":[{"href":"https:\/\/www.europesays.com\/es\/wp-json\/wp\/v2\/types\/post"}],"author":[{"embeddable":true,"href":"https:\/\/www.europesays.com\/es\/wp-json\/wp\/v2\/users\/2"}],"replies":[{"embeddable":true,"href":"https:\/\/www.europesays.com\/es\/wp-json\/wp\/v2\/comments?post=247300"}],"version-history":[{"count":0,"href":"https:\/\/www.europesays.com\/es\/wp-json\/wp\/v2\/posts\/247300\/revisions"}],"wp:featuredmedia":[{"embeddable":true,"href":"https:\/\/www.europesays.com\/es\/wp-json\/wp\/v2\/media\/247301"}],"wp:attachment":[{"href":"https:\/\/www.europesays.com\/es\/wp-json\/wp\/v2\/media?parent=247300"}],"wp:term":[{"taxonomy":"category","embeddable":true,"href":"https:\/\/www.europesays.com\/es\/wp-json\/wp\/v2\/categories?post=247300"},{"taxonomy":"post_tag","embeddable":true,"href":"https:\/\/www.europesays.com\/es\/wp-json\/wp\/v2\/tags?post=247300"}],"curies":[{"name":"wp","href":"https:\/\/api.w.org\/{rel}","templated":true}]}}