{"id":247304,"date":"2025-11-21T01:42:16","date_gmt":"2025-11-21T01:42:16","guid":{"rendered":"https:\/\/www.europesays.com\/es\/247304\/"},"modified":"2025-11-21T01:42:16","modified_gmt":"2025-11-21T01:42:16","slug":"como-me-enfade-paro-aqui","status":"publish","type":"post","link":"https:\/\/www.europesays.com\/es\/247304\/","title":{"rendered":"Como me enfade, paro aqu\u00ed"},"content":{"rendered":"<p id=\"e4ZLheVKNb\" data-wc=\"81\">La\u00a0<strong>tercera fase de\u00a0<\/strong><a class=\"hm-link ho-link\" href=\"https:\/\/www.hola.com\/actualidad\/20251107866372\/hasta-el-fin-del-mundo-el-reality-rocio-carrasco-vuelve-a-la-television\/\" data-mrf-recirculation=\"article-body-link\" rel=\"nofollow noopener\" target=\"_blank\"><strong>Hasta el fin del mundo<\/strong><\/a><strong>\u00a0dio comienzo el pasado 19 de noviembre,<\/strong>\u00a0esta vez en Colombia como escenario principal. El cansancio acumulado y las tensiones producto de las precarias condiciones en las que viajan los concursantes comienzan a pasar factura a las parejas. De ello han sido testigos Yolanda Ramos y Ainoa Olivares, que han vivido su primera pelea y la intensidad del altercado ha llevado a ambas mujeres a romper en l\u00e1grimas.<\/p>\n<p> <img src=\"https:\/\/www.europesays.com\/es\/wp-content\/uploads\/2025\/11\/0ea2b5b58632-captura-de-pantalla-2025-11-20-201117.png\"   width=\"1024\" height=\"575\" loading=\"lazy\" decoding=\"async\" alt=\"Yolanda se romp\u00eda a llorar despu\u00e9s de una discusi\u00f3n con su sobrina antes de llegar a la meta en Colombia.\" fetchpriority=\"auto\" class=\"image ho-image\"\/>\u00a9 RTVEYolanda se romp\u00eda a llorar despu\u00e9s de una discusi\u00f3n con su sobrina antes de llegar a la meta en Colombia.<\/p>\n<p id=\"eQ_XugOKA8D\" data-wc=\"74\">Yolanda explic\u00f3 a su sobrina que la situaci\u00f3n le hab\u00eda sobrepasado porque tuvo la sensaci\u00f3n de que no confiaba en ella:<strong>\u00a0\u00abTu te crees que lo haces mejor que yo. La diferencia est\u00e1 en que yo confi\u00f3 en ti y tu no en m\u00ed\u00bb<\/strong>, le espet\u00f3 sin miramientos, a medida que el enfado iba en aumento.\u00a0<strong>\u00abTe voy a decir una cosa, que yo no me enfade porque, te lo juro, paro aqu\u00ed\u00bb<\/strong>, a\u00f1adi\u00f3.<\/p>\n<p id=\"eXoX98PAn6X\" data-wc=\"68\">Tras llegar a un punto medio y finalmente solventar la situaci\u00f3n, ninguna de las dos fue capaz de contener el llanto. M\u00e1s tarde, la humorista llegaba euf\u00f3rica a la meta junto a Paula V\u00e1zquez y meditaba sobre la discusi\u00f3n y c\u00f3mo le hab\u00eda hecho sentir: \u00abMe preguntaba viniendo en el coche porqu\u00e9 acabo rodeado de gente siempre que no me toma en serio\u00bb, se sincer\u00f3 ante las c\u00e1maras.\u00a0<\/p>\n<p> <img src=\"https:\/\/www.europesays.com\/es\/wp-content\/uploads\/2025\/11\/f42b2ba22974-captura-de-pantalla-2025-11-20-201146.png\"   width=\"1024\" height=\"550\" loading=\"lazy\" decoding=\"async\" alt=\"Paula V\u00e1zquez muestra su apoyo a Yolanda al llegar a la meta\" fetchpriority=\"auto\" class=\"image ho-image\"\/>\u00a9 RTVEPaula V\u00e1zquez muestra su apoyo a Yolanda al llegar a la meta<\/p>\n<p id=\"eK2XmbTL8xU\" data-wc=\"68\">Aunque ambas se hab\u00edan mostrado muy apenadas por lo sucedido, ninguno de los dos quiso rizar m\u00e1s el rizo y trataron de quitarle hierro al asunto. Sin embargo, eso no fren\u00f3 a Ainoa Olivares de romperse y mostrar su vulnerabilidad al reconocer que aquella disputa realmente las hab\u00eda distanciado como pareja. Con todo, t\u00eda y sobrina afirmaron que\u00a0<strong>durante esta nueva etapa volver\u00edan a afianzar su buena relaci\u00f3n.\u00a0<\/strong><\/p>\n<p>La fiesta de cumplea\u00f1os de Yolanda que las un\u00eda de nuevo<\/p>\n<p id=\"e0Kjuoa5lM6\" data-wc=\"85\">\u00abAl final rozas y ya est\u00e1. No voy a hablar m\u00e1s de mi t\u00eda porque son peleas y ya est\u00e1. Estoy con ella pero me siento muy sola muchas veces\u00bb, reconoci\u00f3 Ainoa al darse cuenta de que su actitud y su manera de tratar d avanzar en la carrera fue un tanto malinterpretada.\u00a0<strong>\u00abNo ten\u00eda ganas de vivir y es que disfruto de la vida. Si vuelvo lo tenemos que recordar\u00bb<\/strong>, asegur\u00f3, mostrando cari\u00f1o a su compa\u00f1era mientras ambas disfrutaban del paisaje que las rodeaba.\u00a0<\/p>\n<p> <img src=\"https:\/\/www.europesays.com\/es\/wp-content\/uploads\/2025\/11\/d12e4936d339-u594222019.jpg\"   width=\"1024\" height=\"682\" loading=\"lazy\" decoding=\"async\" alt=\"Los concursantes de 'Hasta el fin del mundo' en la premiere del programa\" fetchpriority=\"auto\" class=\"image ho-image\"\/>\u00a9 GTRESLos concursantes de &#8216;Hasta el fin del mundo&#8217; en la premiere del programa<\/p>\n<p id=\"etO4delQXNs\" data-wc=\"82\">Juntas tuvieron la oportunidad de celebrar el cumplea\u00f1os de Yolanda Ramos, y durante el evento el d\u00fao reflexion\u00f3 sobre la familia y la vida que hab\u00edan dejado atr\u00e1s en Espa\u00f1a para adentrarse en esta aventura. Ese pasado com\u00fan evoc\u00f3 en ambas una nostalgia compartida que hizo que la discusi\u00f3n quedara completamente olvidada. Es m\u00e1s, Ainoa recalc\u00f3 en varias ocasiones lo afortunada y feliz que s sent\u00eda de haber consolidado con su t\u00eda aquella \u00abextra\u00f1a uni\u00f3n\u00bb, que ella consideraba de lo m\u00e1s esencial.<\/p>\n","protected":false},"excerpt":{"rendered":"La\u00a0tercera fase de\u00a0Hasta el fin del mundo\u00a0dio comienzo el pasado 19 de noviembre,\u00a0esta vez en Colombia como escenario&hellip;\n","protected":false},"author":2,"featured_media":247305,"comment_status":"","ping_status":"","sticky":false,"template":"","format":"standard","meta":{"footnotes":""},"categories":[171],"tags":[517,146,147,25,24,23,214,63042],"class_list":{"0":"post-247304","1":"post","2":"type-post","3":"status-publish","4":"format-standard","5":"has-post-thumbnail","7":"category-tv","8":"tag-actualidad","9":"tag-entertainment","10":"tag-entretenimiento","11":"tag-es","12":"tag-espana","13":"tag-spain","14":"tag-tv","15":"tag-yolanda-ramos"},"share_on_mastodon":{"url":"https:\/\/pubeurope.com\/@es\/115585151693886204","error":""},"_links":{"self":[{"href":"https:\/\/www.europesays.com\/es\/wp-json\/wp\/v2\/posts\/247304","targetHints":{"allow":["GET"]}}],"collection":[{"href":"https:\/\/www.europesays.com\/es\/wp-json\/wp\/v2\/posts"}],"about":[{"href":"https:\/\/www.europesays.com\/es\/wp-json\/wp\/v2\/types\/post"}],"author":[{"embeddable":true,"href":"https:\/\/www.europesays.com\/es\/wp-json\/wp\/v2\/users\/2"}],"replies":[{"embeddable":true,"href":"https:\/\/www.europesays.com\/es\/wp-json\/wp\/v2\/comments?post=247304"}],"version-history":[{"count":0,"href":"https:\/\/www.europesays.com\/es\/wp-json\/wp\/v2\/posts\/247304\/revisions"}],"wp:featuredmedia":[{"embeddable":true,"href":"https:\/\/www.europesays.com\/es\/wp-json\/wp\/v2\/media\/247305"}],"wp:attachment":[{"href":"https:\/\/www.europesays.com\/es\/wp-json\/wp\/v2\/media?parent=247304"}],"wp:term":[{"taxonomy":"category","embeddable":true,"href":"https:\/\/www.europesays.com\/es\/wp-json\/wp\/v2\/categories?post=247304"},{"taxonomy":"post_tag","embeddable":true,"href":"https:\/\/www.europesays.com\/es\/wp-json\/wp\/v2\/tags?post=247304"}],"curies":[{"name":"wp","href":"https:\/\/api.w.org\/{rel}","templated":true}]}}