{"id":247319,"date":"2025-11-21T01:51:10","date_gmt":"2025-11-21T01:51:10","guid":{"rendered":"https:\/\/www.europesays.com\/es\/247319\/"},"modified":"2025-11-21T01:51:10","modified_gmt":"2025-11-21T01:51:10","slug":"la-acusacion-popular-del-pp-pide-30-anos-de-prision-para-abalos-y-koldo","status":"publish","type":"post","link":"https:\/\/www.europesays.com\/es\/247319\/","title":{"rendered":"La acusaci\u00f3n popular del PP pide 30 a\u00f1os de prisi\u00f3n para \u00c1balos y Koldo"},"content":{"rendered":"<p>Las <strong>acusaciones populares del caso Koldo<\/strong>, que est\u00e1n bajo la coordinaci\u00f3n del PP, han pedido <strong>30 a\u00f1os de prisi\u00f3n <\/strong>para el exministro de Transportes<strong> Jos\u00e9 Luis \u00c1balos, y el que fuera su mano derecha, Koldo Garc\u00eda, <\/strong>por la causa que les investiga por presuntas mordidas en contratos de mascarillas. Para el empresario y presunto conseguidor de la trama, <strong>V\u00edctor de Aldama<\/strong>, han solicitado siete a\u00f1os de c\u00e1rcel.<\/p>\n<p>As\u00ed se lo han trasladado este jueves al Tribunal Supremo en un escrito de conclusiones provisionales al que ha tenido acceso RTVE. Las penas solicitadas por la acusaci\u00f3n popular unificada son <strong>m\u00e1s elevadas que las que reclam\u00f3 el mi\u00e9rcoles la Fiscal\u00eda Anticorrupci\u00f3n<\/strong>, que pidi\u00f3 24 para \u00c1balos, 19 y medio para Koldo y otros siete para Aldama.<\/p>\n<p>Adem\u00e1s de las penas de prisi\u00f3n, han solicitado para los tres investigados en esta rama del caso Koldo la <strong>inhabilitaci\u00f3n<\/strong> especial para ejercer cargos p\u00fablicos y el pago de <strong>multas econ\u00f3micas <\/strong>que ascienden a casi 600.00 para \u00c1balos, y Koldo y 225.000 para Aldama. Tambi\u00e9n han pedido la celebraci\u00f3n de una vista para endurecer las medidas cautelares impuestas contra \u00c1balos y Koldo y que se les env\u00ede a <strong>prisi\u00f3n provisional<\/strong>. <\/p>\n<p>La pena solicitada para <strong>Aldama<\/strong> es menor porque consideran que se debe aplicar la atenuante de confesi\u00f3n por su \u00ab<strong>actitud colaboradora<\/strong>\u00ab, lo que ha contribuido al \u00abadecuado esclarecimiento\u00bb de los hechos y \u00abha facilitado\u00bb el descubrimiento de otras actuaciones \u00abdelictivas\u00bb de \u00c1balos y Koldo, en relaci\u00f3n a las presuntas comisiones a cambio de adjudicaciones irregulares de contrato de obra p\u00fablica, rama de la trama que tambi\u00e9n implica al exn\u00famero tres del PSOE Santos Cerd\u00e1n. <\/p>\n<p>Piden el ingreso en prisi\u00f3n provisional para \u00c1balos y Koldo<\/p>\n<p>Para solicitar el ingreso en prisi\u00f3n preventiva del tambi\u00e9n exsecretario de Organizaci\u00f3n del PSOE y su mano derecha, las acusaciones populares defienden la existencia de \u00ab<strong>indicios racionales de criminalidad contra los acusados<\/strong>\u00bb y \u00abevitar el riesgo de fuga\u00bb, para lo que ya se les retir\u00f3 el pasaporte. Por todo ello, consideran que la medida es \u00ab<strong>id\u00f3nea, necesaria y proporcionada<\/strong>\u00bb conforme a la Ley de Enjuiciamiento Criminal. <\/p>\n<p>Ante todo lo expuesto y de cara al juicio por la presunta trama de mordidas a cambio de la compra de mascarillas, han suplicado al juez <strong>Leopoldo Puente<\/strong>, instructor del caso Koldo en el Tribunal Supremo, que \u00ab<strong>acuerde la prisi\u00f3n provisional para los acusados<\/strong> Jos\u00e9 Luis \u00c1balos y Koldo Garc\u00eda, de conformidad con lo previsto en los art\u00edculos 503 y 504 de la LECrim\u00bb. <\/p>\n<p>Hasta ahora, las medidas cautelares que el Supremo ha impuesto a los dos principales implicados son la retirada del pasaporte, la prohibici\u00f3n de salir de Espa\u00f1a y comparecencias cada quince d\u00edas en sede judicial. Cabe destacar que la Fiscal\u00eda Anticorrupci\u00f3n tambi\u00e9n solicit\u00f3 en su escrito de ayer la celebraci\u00f3n de una vista para <strong>endurecer sus medidas cautelares<\/strong>. <\/p>\n<p>Solicitan que S\u00e1nchez y Montero declaren en el juicio<\/p>\n<p>M\u00e1s all\u00e1 de las peticiones de penas, las acusaciones lideradas por el Partido Popular han trasladado al magistrado sus peticiones de testigos para que declaren en el juicio. Entre ellos, destaca el presidente del Gobierno, <strong>Pedro S\u00e1nchez<\/strong>, que quieren que declare en el marco de la causa de Air Europa junto a su exconsejero delegado, <strong>Javier Hidalgo<\/strong>. <\/p>\n<p>Adem\u00e1s, han incluido en la lista a la vicepresidenta segunda y ministra de Hacienda, <strong>Mar\u00eda Jes\u00fas Montero <\/strong>y la exministra de Industria <strong>Reyes Maroto<\/strong>, en relaci\u00f3n con los pagos en met\u00e1lico de \u00ab10.000 euros a Koldo y \u00c1balos y otros pagos il\u00edcitos\u00bb. <\/p>\n<p>En relaci\u00f3n con los empleos p\u00fablicos en Ineco y Tragsatec que \u00c1balos habr\u00eda otorgado a su expareja, tambi\u00e9n han solicitado que la propia <strong>J\u00e9sica Rodr\u00edguez<\/strong> y la expresidenta de Adif, <strong>Isabel Pardo de Vera<\/strong>. <\/p>\n<p>Los tres ten\u00edan una relaci\u00f3n para \u00abobtener beneficios econ\u00f3micos\u00bb<\/p>\n<p>En las m\u00e1s de 100 p\u00e1ginas de escrito, la acusaci\u00f3n se\u00f1alan a \u00c1balos y su exasesor como culpables de los delitos de pertenencia a organizaci\u00f3n criminal, tr\u00e1fico de  influencias, cohecho, falsedad en documento oficial, prevaricaci\u00f3n y malversaci\u00f3n. Todos, salvo el \u00faltimo, le han atribuido tambi\u00e9n a Aldama. <\/p>\n<p>En este sentido, y en palabras similares a Anticorrupci\u00f3n, han se\u00f1alado que los tres investigados \u00abencontraron en su relaci\u00f3n personal una <strong>gran oportunidad para obtener beneficios econ\u00f3micos<\/strong>\u00ab. Ninguno de ellos, \u00abdudo en servirse\u00bb de la \u00abprivilegiada situaci\u00f3n\u00bb en la que se encontraba el entonces ministro de Transportes \u00abpara obtener ventajas rec\u00edprocas en todas aquellas oportunidades de negocio que se presentaran\u00bb. <\/p>\n<p>Adem\u00e1s, en el caso del exsecretario de Organizaci\u00f3n socialista y su mano derecha ha resaltado \u00ab<strong>el cobro de comisiones, en efectivo o en especie<\/strong>, por las gestiones realizadas en favor de  Aldama y de personas con \u00e9l vinculadas\u00bb. Por su parte, en lo relativo  al empresario, remarca las adjudicaciones de contratos p\u00fablicos y otras \u00ab<strong>gestiones favorables a las empresas<\/strong> cuyos intereses promov\u00eda\u00bb.  <\/p>\n","protected":false},"excerpt":{"rendered":"Las acusaciones populares del caso Koldo, que est\u00e1n bajo la coordinaci\u00f3n del PP, han pedido 30 a\u00f1os de&hellip;\n","protected":false},"author":2,"featured_media":247320,"comment_status":"","ping_status":"","sticky":false,"template":"","format":"standard","meta":{"footnotes":""},"categories":[8],"tags":[17,18,25,24,13,14,11,19,20,9,10,15,16,23,12,21,22],"class_list":{"0":"post-247319","1":"post","2":"type-post","3":"status-publish","4":"format-standard","5":"has-post-thumbnail","7":"category-espana","8":"tag-breaking-news","9":"tag-breakingnews","10":"tag-es","11":"tag-espana","12":"tag-featured-news","13":"tag-featurednews","14":"tag-headlines","15":"tag-latest-news","16":"tag-latestnews","17":"tag-news","18":"tag-noticias","19":"tag-noticias-destacadas","20":"tag-noticiasdestacadas","21":"tag-spain","22":"tag-titulares","23":"tag-ultimas-noticias","24":"tag-ultimasnoticias"},"share_on_mastodon":{"url":"https:\/\/pubeurope.com\/@es\/115585186776545193","error":""},"_links":{"self":[{"href":"https:\/\/www.europesays.com\/es\/wp-json\/wp\/v2\/posts\/247319","targetHints":{"allow":["GET"]}}],"collection":[{"href":"https:\/\/www.europesays.com\/es\/wp-json\/wp\/v2\/posts"}],"about":[{"href":"https:\/\/www.europesays.com\/es\/wp-json\/wp\/v2\/types\/post"}],"author":[{"embeddable":true,"href":"https:\/\/www.europesays.com\/es\/wp-json\/wp\/v2\/users\/2"}],"replies":[{"embeddable":true,"href":"https:\/\/www.europesays.com\/es\/wp-json\/wp\/v2\/comments?post=247319"}],"version-history":[{"count":0,"href":"https:\/\/www.europesays.com\/es\/wp-json\/wp\/v2\/posts\/247319\/revisions"}],"wp:featuredmedia":[{"embeddable":true,"href":"https:\/\/www.europesays.com\/es\/wp-json\/wp\/v2\/media\/247320"}],"wp:attachment":[{"href":"https:\/\/www.europesays.com\/es\/wp-json\/wp\/v2\/media?parent=247319"}],"wp:term":[{"taxonomy":"category","embeddable":true,"href":"https:\/\/www.europesays.com\/es\/wp-json\/wp\/v2\/categories?post=247319"},{"taxonomy":"post_tag","embeddable":true,"href":"https:\/\/www.europesays.com\/es\/wp-json\/wp\/v2\/tags?post=247319"}],"curies":[{"name":"wp","href":"https:\/\/api.w.org\/{rel}","templated":true}]}}