{"id":247330,"date":"2025-11-21T02:03:13","date_gmt":"2025-11-21T02:03:13","guid":{"rendered":"https:\/\/www.europesays.com\/es\/247330\/"},"modified":"2025-11-21T02:03:13","modified_gmt":"2025-11-21T02:03:13","slug":"carmen-cervera-renuncia-al-apellido-thyssen-bornemisza-y-al-titulo-de-baronesa-las-causas-de-su-inesperada-decision-el-espanol","status":"publish","type":"post","link":"https:\/\/www.europesays.com\/es\/247330\/","title":{"rendered":"Carmen Cervera renuncia al apellido Thyssen-Bornemisza y al t\u00edtulo de baronesa: las causas de su inesperada decisi\u00f3n &#8211; El Espa\u00f1ol"},"content":{"rendered":"<ol>\n<li><a href=\"https:\/\/news.google.com\/rss\/articles\/CBMi-gFBVV95cUxPNkh4Q2JkRmlDWVhaeFp0czliTDE3NWVOM29RbWl1a2lDQzRCYUxlbHMwWXpoXzEzMFBoOFNmUl9FUmNNR29aYkRtNm5yNTVJdnBsWGg1RkIzOVRmaWNSQVVwY3BCWUFOSi1Rd2NMLTFNVHFsWmpFbVpJdHV4eXRINzBuWDVUUUNjWTJ4SV81TVNHTG1EYXF1YkhYZnJuOHVLR0ZBSURxRG42N1lIYTNYOHRvLVNKUWNlaFlCSXBXdkNEMVlBUE1mWnJsZnI2amZHLWhtYjZNUHh3OWNiczY4bWd3WnZqUWFjQ0JSUWRJN2ZGRmJHNWNSN0FB0gH_AUFVX3lxTE42OFNQNDZBVDNrUzRFRFVlUUdxdUI0dXlIdk1BbTV5aXU5RnZMS2dvdU5tcDdqSHU1MXE5RFN0c1FSSk5NWnFmQlN1Q1RiSHZpR3huc1pZWWRNWmZUNzJKTmhXREJaTlA5MUNZcjRLN3F1Nmx1VnQxbi1KQ0Z4ZVNLa0lNR25wOW9jTl9IZzg5RVM2MVljdTFUODRWRVJvLVg1RUpDOUZhUk5xYko3YmdscnFoTGY5T1hHWFNVR2tKZHVVNGtDbzdlSHhSYmUwa0dnMWJkU0JNNVMwNVRuSEZLMy1uQzBLMGJIcFpHMXU4RW5xYlpaTVZ0enRpRExibw?oc=5\" target=\"_blank\" rel=\"nofollow noopener\">Carmen Cervera renuncia al apellido Thyssen-Bornemisza y al t\u00edtulo de baronesa: las causas de su inesperada decisi\u00f3n<\/a>&nbsp;&nbsp;El Espa\u00f1ol<\/li>\n<li><a href=\"https:\/\/news.google.com\/rss\/articles\/CBMi3wFBVV95cUxNb3dmWVUzMXY0b2RpTDRyazUtUEhtRG5PYmJ6Skl5Mno3YnFNVlk3bmNlblViWThZTGN5YjhYdmN4X0d6Ylc4R2FZdlBPR3RZMFd6X2tNbFdzZVctYW9RY3pSZmJJaHlvZGNPeHVSV2Q3eFVEQUV2RTltOGxZTEVvYkhKU1VMdjdJdm12M2YxcGpsOEdjMWJfclhTLTRzSGhpZFRrb3JQTlVxWDNsQlVwY3ZZd3VrTTN2cFo0Wl96V1Brd05XcGJvRTV4bndGcEdjS005OXozdHNRclNWM1VJ?oc=5\" target=\"_blank\" rel=\"nofollow noopener\">Tita Cervera, arrepentida: prescinde del hombre que la asesor\u00f3 en su renuncia a la ciudadan\u00eda suiza tras perder numerosos privilegios<\/a>&nbsp;&nbsp;Vanitatis<\/li>\n<li><a href=\"https:\/\/news.google.com\/rss\/articles\/CBMihgFBVV95cUxPQUNEaEhuWjc3U2dHQ0JYYTZBdWlnSGE1ekE3cG80VTVKYmZGc2R6bm90THFaSlpGb2dydnFmMkpIWklDZXhOek5pY0IxXzM4aF9iNzZGcnlvN3RxeVQ2UnVxVEhEV0ZKSVl5Z0NRMUtVV1BJNWw0M1RYUDZGQW43VUs0eXhIZ9IBhgFBVV95cUxOTzROVEdVYzZZUlEzLVBuWjA3UjZubTQ0eTZQRkJPZkUzUjhIMGZETjg3VVRSV0Y2ajB4d0hYOXlhcnVkNmpLQTJSazhWU1JEZmplUDlBVGxKU25UQ3FjWUc1ZjJuRjFycTFZYTltbVJOczRIRm9lZWg1N29tVTA1WDUwbUg4QQ?oc=5\" target=\"_blank\" rel=\"nofollow noopener\">Carmen Thyssen: \u00abSigo siendo baronesa y sigo llevando el apellido de mi marido\u00bb<\/a>&nbsp;&nbsp;El Mundo<\/li>\n<li><a href=\"https:\/\/news.google.com\/rss\/articles\/CBMivAFBVV95cUxPWFAyRUJLZWdnQzBfYXJ5Wk1EWVZtWTJoeHFrVWZPU1c2TC14cDl2enlUb3lVbE50N1RqNDN2azJSZmdEbndLZUhjWk8yZFJCaEdkWjZ0elp6SFZmeXp0b0dpejVhNDRlWmZtRjMteERMelRXSzlMamxZWkdqV2wzdVpTVE9mRzJXUXFGbjhGdl9oS0dhdVVhcTc4eWNlWWx0enZYdkZvU1p2RHZTeEVXalBSaVRGYnlKbzU4UNIBwgFBVV95cUxNc093NEh0WWRpc3RWY0JkbDNDckhXbkZxRWVEZHF0czNOMS1hY0djNXc4S1NjcjhvVndtUVYybUZYZVdVSS0wZW1CN3U2OUxlTDZJUWNWbjdkdWtpa24ybXMyNXl0eUxLQU5LVmIwUGhWc1ViT21IRDNOdFBqbk1RX19iVnhoVmlOZnJwRVdOUUp3NC1ucHJVQncxS2VKb0FsQTdaSzJ1VV9ZbDlob013eTJHWlMwV2laVEZpWURlUW93Zw?oc=5\" target=\"_blank\" rel=\"nofollow noopener\">Carmen Cervera desmiente que haya perdido su t\u00edtulo nobiliario: \u201cSigo siendo baronesa y mantengo el apellido de mi marido\u201d<\/a>&nbsp;&nbsp;La Vanguardia<\/li>\n<li><a href=\"https:\/\/news.google.com\/rss\/articles\/CBMiogJBVV95cUxOTlYwVkcxLVJMNWVPRzFHNHZRUnJHaEVJZWFOcnZZOVJUdGdrWC1CbHVtaDU0WEN0cTNpbTc3eXRJV3VoTjVUT0lXSm9iR3c0ejY5UF9qUGFXMm5nY2lCR0xBU3Rxb3VIYWtfN2xyZDBtN2xlY09nblpZaWFOWFFIRjJVbVdaTURscFpwVjhSb2NMODZWRUZxMVZEVE5WYXhpS2RjNHZnMHVMMUNXUlFtZHhoYnoxSTJ2Rlc5aXlSWVBPa3FiOEgtNGM0dTAyTE10VmI1TGNaMXU4UzctSHlNSEFONi15VlRJTnk2UFhPcEhVNlZWOXlMMmFtYVlhOGdUdzlPQTdLQmhBcmQ0aEV6S1Bva0lQdnAyOFM4eW1FSTJlQdIBvgJBVV95cUxNc0JvNnZrS1JhRnEtSllyS0NPX25uLWpGR1U3U28zSUMzdXpHcDc1U3NlNkdZRW0tRjZha1RQRWZONHFQWHlLQ2ZMdnFvXzlxQmFSc0tQeWJvRGFCeHF6LXdYUW16eE1ZX2l4UGVxOGplTnBKTFNNQllSMlBpRkNlNFc0dU5VSTJrUzVncjdJSFZyX0l1OUFQdUdqdzFjQ0tkUVRRcVVqNXprelAyazRsdV9SZ3FoYUtsbnR4enhha19IMmpQRENEcVhIN0xYa2ZFNkpGSVRjSFVNWTBRb0h2SUNFZ3ZwREtzdDh0QXc2ZHNJa19fbzJpcHp6ejRraTFyNnoyR1dMSmsxbHFDSHRTeDc5dnFFSUczUGp3RmtsOEFZZzlmNUYtRncwd2Z2U292VEpDY2g3YTBpN3ZKUFE?oc=5\" target=\"_blank\" rel=\"nofollow noopener\">Tita Cervera pierde oficialmente el apellido Thyssen-Bornemisza y el t\u00edtulo de baronesa tras renunciar a la nacionalidad suiza<\/a>&nbsp;&nbsp;La Voz de Galicia<\/li>\n<\/ol>\n","protected":false},"excerpt":{"rendered":"Carmen Cervera renuncia al apellido Thyssen-Bornemisza y al t\u00edtulo de baronesa: las causas de su inesperada decisi\u00f3n&nbsp;&nbsp;El Espa\u00f1ol&hellip;\n","protected":false},"author":2,"featured_media":245082,"comment_status":"","ping_status":"","sticky":false,"template":"","format":"standard","meta":{"footnotes":""},"categories":[173],"tags":[229,233,231,230,232,234,146,147,25,24,23],"class_list":{"0":"post-247330","1":"post","2":"type-post","3":"status-publish","4":"format-standard","5":"has-post-thumbnail","7":"category-arte-y-diseno","8":"tag-arte","9":"tag-arte-y-diseno","10":"tag-arts","11":"tag-arts-and-design","12":"tag-design","13":"tag-diseno","14":"tag-entertainment","15":"tag-entretenimiento","16":"tag-es","17":"tag-espana","18":"tag-spain"},"share_on_mastodon":{"url":"https:\/\/pubeurope.com\/@es\/115585233934317955","error":""},"_links":{"self":[{"href":"https:\/\/www.europesays.com\/es\/wp-json\/wp\/v2\/posts\/247330","targetHints":{"allow":["GET"]}}],"collection":[{"href":"https:\/\/www.europesays.com\/es\/wp-json\/wp\/v2\/posts"}],"about":[{"href":"https:\/\/www.europesays.com\/es\/wp-json\/wp\/v2\/types\/post"}],"author":[{"embeddable":true,"href":"https:\/\/www.europesays.com\/es\/wp-json\/wp\/v2\/users\/2"}],"replies":[{"embeddable":true,"href":"https:\/\/www.europesays.com\/es\/wp-json\/wp\/v2\/comments?post=247330"}],"version-history":[{"count":0,"href":"https:\/\/www.europesays.com\/es\/wp-json\/wp\/v2\/posts\/247330\/revisions"}],"wp:featuredmedia":[{"embeddable":true,"href":"https:\/\/www.europesays.com\/es\/wp-json\/wp\/v2\/media\/245082"}],"wp:attachment":[{"href":"https:\/\/www.europesays.com\/es\/wp-json\/wp\/v2\/media?parent=247330"}],"wp:term":[{"taxonomy":"category","embeddable":true,"href":"https:\/\/www.europesays.com\/es\/wp-json\/wp\/v2\/categories?post=247330"},{"taxonomy":"post_tag","embeddable":true,"href":"https:\/\/www.europesays.com\/es\/wp-json\/wp\/v2\/tags?post=247330"}],"curies":[{"name":"wp","href":"https:\/\/api.w.org\/{rel}","templated":true}]}}