{"id":247344,"date":"2025-11-21T02:14:10","date_gmt":"2025-11-21T02:14:10","guid":{"rendered":"https:\/\/www.europesays.com\/es\/247344\/"},"modified":"2025-11-21T02:14:10","modified_gmt":"2025-11-21T02:14:10","slug":"palante-espana-el-pais","status":"publish","type":"post","link":"https:\/\/www.europesays.com\/es\/247344\/","title":{"rendered":"\u00a1Pa\u2019lante! | Espa\u00f1a | EL PA\u00cdS"},"content":{"rendered":"<p class=\"\">Tras el detalle con que el Tribunal Supremo <a href=\"https:\/\/elpais.com\/espana\/2025-11-20\/el-supremo-condena-al-fiscal-general-a-dos-anos-de-inhabilitacion-por-revelacion-de-secreto.html\" target=\"_self\" rel=\"nofollow noopener\" title=\"https:\/\/elpais.com\/espana\/2025-11-20\/el-supremo-condena-al-fiscal-general-a-dos-anos-de-inhabilitacion-por-revelacion-de-secreto.html\">nos ha distra\u00eddo del 50\u00ba aniversario del 20-N<\/a>, hay que rendirse a la evidencia: pocas actividades tan peligrosas en este pa\u00eds como desmentir las falsedades de Isabel D\u00edaz Ayuso y su jefe (de gabinete). Miguel \u00c1ngel Rodr\u00edguez, el autodenominado MAR, ese hombre condenado por<a href=\"https:\/\/elpais.com\/elpais\/2011\/04\/25\/actualidad\/1303719423_850215.html\" target=\"_self\" rel=\"nofollow noopener\" title=\"https:\/\/elpais.com\/elpais\/2011\/04\/25\/actualidad\/1303719423_850215.html\"> llamar \u201cnazi\u201d a un m\u00e9dico que sedaba a enfermos terminales para aliviarles la agon\u00eda<\/a>, se ha elevado a personaje de literatura picaresca en la Espa\u00f1a contempor\u00e1nea. MAR reparte bulos a discreci\u00f3n, se jacta de ello ante las mismas narices del Supremo entre chanzas y chuler\u00edas \u2014<a href=\"https:\/\/elpais.com\/espana\/2025-11-04\/miguel-angel-rodriguez-se-contradice-en-el-supremo-y-alega-que-es-periodista-no-notario.html\" target=\"_self\" rel=\"nofollow noopener\" title=\"https:\/\/elpais.com\/espana\/2025-11-04\/miguel-angel-rodriguez-se-contradice-en-el-supremo-y-alega-que-es-periodista-no-notario.html\">\u201cyo no soy notario\u201d<\/a>\u2014 , amenaza a periodistas d\u00edscolos \u2014\u201cos vamos a triturar\u201d\u2014, presume de que anticipa las decisiones judiciales\u2026 Y siempre acaba entonando su triunfal grito de guerra: \u201c\u00a1Pa\u2019lante!\u201d.<\/p>\n<p class=\"\">Conviene recordar que aquel ya casi olvidado episodio de la primavera de 2022 que <a href=\"https:\/\/elpais.com\/espana\/2022-03-20\/la-caida-de-pablo-casado-en-ocho-actos.html\" target=\"_self\" rel=\"nofollow noopener\" title=\"https:\/\/elpais.com\/espana\/2022-03-20\/la-caida-de-pablo-casado-en-ocho-actos.html\">hundi\u00f3 la carrera de Pablo Casado <\/a>tambi\u00e9n empez\u00f3 con un bulo puesto en circulaci\u00f3n por MAR. Sabiendo que la direcci\u00f3n nacional del PP dispon\u00eda de informaciones comprometedoras para la presidenta madrile\u00f1a, el guionista Rodr\u00edguez se anticip\u00f3 e ide\u00f3 una historia de esp\u00edas con ese toque ca\u00f1\u00ed que lo distingue: G\u00e9nova hab\u00eda creado <a href=\"https:\/\/elpais.com\/espana\/2022-02-16\/el-pp-de-casado-investiga-si-ayuso-favorecio-a-su-hermano-en-un-contrato-publico.html\" target=\"_self\" rel=\"nofollow noopener\" title=\"https:\/\/elpais.com\/espana\/2022-02-16\/el-pp-de-casado-investiga-si-ayuso-favorecio-a-su-hermano-en-un-contrato-publico.html\">una gestapillo para acorralar a Ayuso<\/a>. Solo fue cuesti\u00f3n de buscar sol\u00edcitos medios que lo comprasen y\u2026 \u00a1pa\u2019lante!<\/p>\n<p>M\u00e1s informaci\u00f3n<\/p>\n<p class=\"\">Casado intent\u00f3 salir al paso e hizo aquella <a href=\"https:\/\/elpais.com\/espana\/2022-02-18\/casado-exige-a-ayuso-que-aclare-que-comision-recibio-su-hermano-del-contrato-de-las-mascarillas-ella-no-me-quiso-dar-la-informacion.html\" target=\"_self\" rel=\"nofollow noopener\" title=\"https:\/\/elpais.com\/espana\/2022-02-18\/casado-exige-a-ayuso-que-aclare-que-comision-recibio-su-hermano-del-contrato-de-las-mascarillas-ella-no-me-quiso-dar-la-informacion.html\">tremenda denuncia en los micr\u00f3fonos de la Cope <\/a>sobre los negocios del hermano de la presidenta: \u201cLa cuesti\u00f3n es si es entendible que el 1 de abril, cuando mor\u00edan en Espa\u00f1a 700 personas, se puede contratar con tu hermana y recibir 286.000 euros de beneficio por vender mascarillas\u201d. De la pel\u00edcula de esp\u00edas nunca m\u00e1s se supo ni se present\u00f3 prueba alguna. El l\u00edder del PP fue sumariamente defenestrado cinco d\u00edas despu\u00e9s, un 23-F (el azar parece regalar al ayusismo fechas simb\u00f3licas). \u00a1Pa\u2019lante!<\/p>\n<p class=\"\">Justo dos a\u00f1os despu\u00e9s, surge una nueva historia con ingredientes parecidos: otro allegado de Ayuso \u2014su novio, registrado por MAR en su tel\u00e9fono como Alberto Quir\u00f3n, nombre de la empresa que recibe los mayores contratos de la sanidad p\u00fablica madrile\u00f1a\u2014 y otro negocio fabuloso mientras mor\u00edan 700 personas al d\u00eda, que dir\u00eda Casado: una exorbitante comisi\u00f3n de dos millones de euros por vender mascarillas de una empresa de Barcelona a otra de Pontevedra. Con algunos elementos no muy bonitos: facturas falsificadas por valor de un mill\u00f3n y medio de euros para defraudar al fisco 350.000. Como fruto de ese bot\u00edn, <a href=\"https:\/\/elpais.com\/espana\/madrid\/2025-11-19\/el-novio-de-ayuso-compra-el-atico-que-disfruta-junto-a-la-presidenta-con-una-hipoteca-de-600000-euros.html\" target=\"_self\" rel=\"nofollow noopener\" title=\"https:\/\/elpais.com\/espana\/madrid\/2025-11-19\/el-novio-de-ayuso-compra-el-atico-que-disfruta-junto-a-la-presidenta-con-una-hipoteca-de-600000-euros.html\">un \u00e1tico de lujo en Madrid para compartir con su pareja. \u00a1Pa\u2019lante! <\/a><\/p>\n<p class=\"\">La prensa se entera y lo publica. El guionista se pone manos a la obra. La presidenta, que no se cansa de advertir que nos hemos convertido en una dictadura, <a href=\"https:\/\/elpais.com\/espana\/madrid\/2025-05-28\/ayuso-denuncia-sin-pruebas-una-operacion-de-estado-contra-ella-y-su-pareja-que-condenen-a-sanchez-por-narcotrafico.html\" target=\"_self\" rel=\"nofollow noopener\" title=\"https:\/\/elpais.com\/espana\/madrid\/2025-05-28\/ayuso-denuncia-sin-pruebas-una-operacion-de-estado-contra-ella-y-su-pareja-que-condenen-a-sanchez-por-narcotrafico.html\">denuncia una \u201coperaci\u00f3n de Estado<\/a>\u201d para destruirla. MAR va aportando detalles con ribetes de Netflix: periodistas encapuchados que intentan entrar por la fuerza en el domicilio de la pareja, <a href=\"https:\/\/elpais.com\/espana\/madrid\/2024-04-05\/miguel-angel-rodriguez-calumnia-de-nuevo-a-los-periodistas-de-el-pais-que-investigan-el-caso-de-la-pareja-de-ayuso.html\" target=\"_self\" rel=\"nofollow noopener\" title=\"https:\/\/elpais.com\/espana\/madrid\/2024-04-05\/miguel-angel-rodriguez-calumnia-de-nuevo-a-los-periodistas-de-el-pais-que-investigan-el-caso-de-la-pareja-de-ayuso.html\">otros que aterrorizan a los ni\u00f1os del vecindario..<\/a>. Hasta el golpe de efecto final, siempre con una pl\u00e9yade de medios dispuestos a representar el guion: el Ministerio P\u00fablico hab\u00eda ofrecido un acuerdo al indefenso novio v\u00edctima del infierno fiscal espa\u00f1ol, pero una mano negra lo par\u00f3 \u201cpor \u00f3rdenes de arriba\u201d. \u201cTodo turbio y sucio\u201d. \u00a1Pa\u2019lante!<\/p>\n<p class=\"\">Tras la iniciativa del fiscal del Estado de explicar que las cosas eran exactamente al rev\u00e9s y que no hab\u00eda ninguna operaci\u00f3n prevaricadora contra Ayuso, Rodr\u00edguez se marca otro hito: en un pa\u00eds en el que cada a\u00f1o se registran cientos de filtraciones judiciales, el Supremo se pone manos a la obra para investigar una. Ni m\u00e1s ni menos que con el fiscal general del Estado en la diana. El caso, pese a la enorme controversia jur\u00eddica que despierta, va superando escalones contra \u00c1lvaro Garc\u00eda Ortiz. MAR, en su clarividencia, <a href=\"https:\/\/elpais.com\/espana\/2024-10-07\/el-jefe-de-gabinete-de-ayuso-anuncia-la-imputacion-inminente-del-fiscal-general-del-estado-por-el-desmentido-del-bulo-va-palante.html\" target=\"_self\" rel=\"nofollow noopener\" title=\"https:\/\/elpais.com\/espana\/2024-10-07\/el-jefe-de-gabinete-de-ayuso-anuncia-la-imputacion-inminente-del-fiscal-general-del-estado-por-el-desmentido-del-bulo-va-palante.html\">pregona las decisiones judiciales en las redes con d\u00edas de antelaci\u00f3n.<\/a> \u00a1Pa\u2019lante!<\/p>\n<p class=\"\">Y as\u00ed hemos llegado hasta este inolvidable 20 de noviembre en que el Supremo, apenas una semana despu\u00e9s de concluido el juicio, nos anuncia la condena sin necesidad de tomarse la molestia de exponer sus argumentos, que para eso ya habr\u00e1 tiempo. MAR solo se ha equivocado en una cosa: vaticin\u00f3 que Garc\u00eda Ortiz <a href=\"https:\/\/x.com\/marodriguezb\/status\/1782845216967287224?ref_src=twsrc%5Etfw%7Ctwcamp%5Etweetembed%7Ctwterm%5E1782845216967287224%7Ctwgr%5Edc4230f761c1a9135e0dbbf7e3b4857330ebb81e%7Ctwcon%5Es1_&amp;ref_url=https%3A%2F%2Fwww.elespanol.com%2Fmadrid%2F20240423%2Fmiguel-angel-rodriguez-ve-fiscal-general-carcel-caceria-ayuso-va-mal%2F849915514_0.html\" target=\"_self\" rel=\"nofollow\" title=\"https:\/\/x.com\/marodriguezb\/status\/1782845216967287224?ref_src=twsrc%5Etfw%7Ctwcamp%5Etweetembed%7Ctwterm%5E1782845216967287224%7Ctwgr%5Edc4230f761c1a9135e0dbbf7e3b4857330ebb81e%7Ctwcon%5Es1_&amp;ref_url=https%3A%2F%2Fwww.elespanol.com%2Fmadrid%2F20240423%2Fmiguel-angel-rodriguez-ve-fiscal-general-carcel-caceria-ayuso-va-mal%2F849915514_0.html\">acabar\u00eda en la c\u00e1rcel.<\/a> En lo dem\u00e1s, todo pa\u2019lante. \u00a1Espa\u00f1a, pa\u2019lante!<\/p>\n","protected":false},"excerpt":{"rendered":"Tras el detalle con que el Tribunal Supremo nos ha distra\u00eddo del 50\u00ba aniversario del 20-N, hay que&hellip;\n","protected":false},"author":2,"featured_media":247345,"comment_status":"","ping_status":"","sticky":false,"template":"","format":"standard","meta":{"footnotes":""},"categories":[8],"tags":[8577,17,18,25,24,13,14,2153,11,3515,19,20,8811,9,10,15,16,6932,23,12,4874,21,22],"class_list":{"0":"post-247344","1":"post","2":"type-post","3":"status-publish","4":"format-standard","5":"has-post-thumbnail","7":"category-espana","8":"tag-alvaro-garcia-ortiz","9":"tag-breaking-news","10":"tag-breakingnews","11":"tag-es","12":"tag-espana","13":"tag-featured-news","14":"tag-featurednews","15":"tag-fiscalia-general-estado","16":"tag-headlines","17":"tag-isabel-diaz-ayuso","18":"tag-latest-news","19":"tag-latestnews","20":"tag-miguel-angel-rodriguez","21":"tag-news","22":"tag-noticias","23":"tag-noticias-destacadas","24":"tag-noticiasdestacadas","25":"tag-sentencias-condenatorias","26":"tag-spain","27":"tag-titulares","28":"tag-tribunal-supremo","29":"tag-ultimas-noticias","30":"tag-ultimasnoticias"},"share_on_mastodon":{"url":"https:\/\/pubeurope.com\/@es\/115585277417416431","error":""},"_links":{"self":[{"href":"https:\/\/www.europesays.com\/es\/wp-json\/wp\/v2\/posts\/247344","targetHints":{"allow":["GET"]}}],"collection":[{"href":"https:\/\/www.europesays.com\/es\/wp-json\/wp\/v2\/posts"}],"about":[{"href":"https:\/\/www.europesays.com\/es\/wp-json\/wp\/v2\/types\/post"}],"author":[{"embeddable":true,"href":"https:\/\/www.europesays.com\/es\/wp-json\/wp\/v2\/users\/2"}],"replies":[{"embeddable":true,"href":"https:\/\/www.europesays.com\/es\/wp-json\/wp\/v2\/comments?post=247344"}],"version-history":[{"count":0,"href":"https:\/\/www.europesays.com\/es\/wp-json\/wp\/v2\/posts\/247344\/revisions"}],"wp:featuredmedia":[{"embeddable":true,"href":"https:\/\/www.europesays.com\/es\/wp-json\/wp\/v2\/media\/247345"}],"wp:attachment":[{"href":"https:\/\/www.europesays.com\/es\/wp-json\/wp\/v2\/media?parent=247344"}],"wp:term":[{"taxonomy":"category","embeddable":true,"href":"https:\/\/www.europesays.com\/es\/wp-json\/wp\/v2\/categories?post=247344"},{"taxonomy":"post_tag","embeddable":true,"href":"https:\/\/www.europesays.com\/es\/wp-json\/wp\/v2\/tags?post=247344"}],"curies":[{"name":"wp","href":"https:\/\/api.w.org\/{rel}","templated":true}]}}