{"id":247350,"date":"2025-11-21T02:23:11","date_gmt":"2025-11-21T02:23:11","guid":{"rendered":"https:\/\/www.europesays.com\/es\/247350\/"},"modified":"2025-11-21T02:23:11","modified_gmt":"2025-11-21T02:23:11","slug":"baloncesto-primera-feb-el-obradoiro-se-queda-en-casa-por-navidad-para-despedir-el-2025","status":"publish","type":"post","link":"https:\/\/www.europesays.com\/es\/247350\/","title":{"rendered":"BALONCESTO PRIMERA FEB | El Obradoiro \u2018se queda en casa por Navidad\u2019 para despedir el 2025"},"content":{"rendered":"<p class=\"ft-text\">El <a class=\"ft-link ft-link--decoration\" href=\"https:\/\/www.elcorreogallego.es\/tags\/monbus-obradoiro\/\" target=\"_blank\" rel=\"nofollow noopener\">Monbus Obradoiro<\/a> acaba de afrontar una \u2018kilometrada\u2019 tras sus choques en Cartagena, de liga, y en Huesca, de Copa Espa\u00f1a, pero ahora le espera un cierre de a\u00f1o \u2018muy casero\u2019 en el que tan <strong>solo vivir\u00e1 un duelo lejos<\/strong> del Multiusos Fontes do Sar.<\/p>\n<p class=\"ft-text\">A la<strong> Primera FEB<\/strong> solo le restan seis jornadas en este a\u00f1o 2025, en las que el conjunto que dirige <strong>Diego Epifanio<\/strong> tendr\u00e1 un peque\u00f1o \u2018oasis\u2019 de descanso y un solo desplazamiento. En la jornada 11 (fin de semana del 12 de diciembre), los compostelanos descansar\u00e1n en esta liga impar tras el rechazo del <strong>Baloncesto Sevilla<\/strong>, que en verano prefiri\u00f3 pugnar, sin premio, por llegar a ACB y que dej\u00f3 a la segunda categor\u00eda del basket espa\u00f1ol \u2018hu\u00e9rfana\u2019 de un equipo.<\/p>\n<p class=\"ft-text\">Por el resto, los picheleiros solo tendr\u00e1n un viaje, el pr\u00f3ximo 21 de diciembre, en el que visitar\u00e1n al <strong>Palmer Basket Mallorca Palma<\/strong>, actual colista de la competici\u00f3n y que tan solo ha ganado un duelo, ante el Hestia Menorca. Un duelo que, sobre el papel, deber\u00eda ser asequible para los de la capital gallega.<\/p>\n<p class=\"ft-text\">Con esa excepci\u00f3n, los compostelanos no se mover\u00e1n de Santiago en lo que resta de 2025. El primer reto que tendr\u00e1n en casa ser\u00e1 el de <strong>este domingo<\/strong>, a las 12.15 horas, recibiendo al<strong> Fibwi Mallorca B\u00e1squet Palma<\/strong>. Un complicado test previo a un mes festivo que ser\u00e1 muy duro para Epi y sus hombres.<\/p>\n<p class=\"ft-text\">Y es que en el siguiente choque tocar\u00e1 recibir al <strong>Flexicar Fuenlabrada<\/strong> en el fin de semana del 6 de diciembre. El conjunto madrile\u00f1o se present\u00f3 tarde al verano con sus dificultades econ\u00f3micas, pero ha sabido moverse en la adversidad para forjar un equipo competitivo comandado por <strong>V\u00edtor Benite<\/strong>.<\/p>\n<p class=\"ft-text\">Tras el descanso, en la jornada 12 regresar\u00e1 el baloncesto a Sar (previsto para el 16 de diciembre). El <strong>Caja Rural CB Zamora<\/strong>, una de las revelaciones del curso, tratar\u00e1 de asaltar Santiago para mantenerse en los puestos del playoff.<\/p>\n<p class=\"ft-text\">Pero el \u2018plato fuerte\u2019 llegar\u00e1 en el duelo que despedir\u00e1 el a\u00f1o en casa Obra. Y es que el 28 de diciembre se vivir\u00e1 el <strong>derbi <\/strong>con el actual l\u00edder de la competici\u00f3n, el<strong> Leyma Coru\u00f1a<\/strong>. Un duelo directo clave para las aspiraciones de ambos. El average estar\u00e1 en juego, as\u00ed como la posibilidad de los de Epi de acercarse a los herculinos y, por contra, de poner tierra de por medio para los de <strong>Carles Marco<\/strong>.<\/p>\n<p class=\"ft-text\">Le toca al Obra decir adi\u00f3s al 2025 con muchas emociones fuertes y, sin duda, con algunos \u2018regalos\u2019 para la afici\u00f3n. Y es que el obradoirismo todav\u00eda no ha visto sobre la pista a su \u2018nuevo juguete\u2019,<strong> Micah Speight<\/strong>, que m\u00e1s pronto que tarde deber\u00eda de estrenarse y, poco a poco, ir cogiendo ritmo con sus nuevos compa\u00f1eros.<\/p>\n","protected":false},"excerpt":{"rendered":"El Monbus Obradoiro acaba de afrontar una \u2018kilometrada\u2019 tras sus choques en Cartagena, de liga, y en Huesca,&hellip;\n","protected":false},"author":2,"featured_media":247351,"comment_status":"","ping_status":"","sticky":false,"template":"","format":"standard","meta":{"footnotes":""},"categories":[269],"tags":[45,299,298,385,168,4880,25,24,39182,14097,2457,10284,2951,10281,10285,2554,3917,3041,23,167,2946],"class_list":{"0":"post-247350","1":"post","2":"type-post","3":"status-publish","4":"format-standard","5":"has-post-thumbnail","7":"category-baloncesto","8":"tag-45","9":"tag-baloncesto","10":"tag-basketball","11":"tag-casa","12":"tag-deportes","13":"tag-despedir","14":"tag-es","15":"tag-espana","16":"tag-fuenlabrada","17":"tag-leyma-coruna","18":"tag-mallorca","19":"tag-monbus-obradoiro","20":"tag-navidad","21":"tag-obradoiro","22":"tag-obradoiro-cab","23":"tag-palma-de-mallorca","24":"tag-primera-feb","25":"tag-queda","26":"tag-spain","27":"tag-sports","28":"tag-zamora"},"share_on_mastodon":{"url":"https:\/\/pubeurope.com\/@es\/115585312852769352","error":""},"_links":{"self":[{"href":"https:\/\/www.europesays.com\/es\/wp-json\/wp\/v2\/posts\/247350","targetHints":{"allow":["GET"]}}],"collection":[{"href":"https:\/\/www.europesays.com\/es\/wp-json\/wp\/v2\/posts"}],"about":[{"href":"https:\/\/www.europesays.com\/es\/wp-json\/wp\/v2\/types\/post"}],"author":[{"embeddable":true,"href":"https:\/\/www.europesays.com\/es\/wp-json\/wp\/v2\/users\/2"}],"replies":[{"embeddable":true,"href":"https:\/\/www.europesays.com\/es\/wp-json\/wp\/v2\/comments?post=247350"}],"version-history":[{"count":0,"href":"https:\/\/www.europesays.com\/es\/wp-json\/wp\/v2\/posts\/247350\/revisions"}],"wp:featuredmedia":[{"embeddable":true,"href":"https:\/\/www.europesays.com\/es\/wp-json\/wp\/v2\/media\/247351"}],"wp:attachment":[{"href":"https:\/\/www.europesays.com\/es\/wp-json\/wp\/v2\/media?parent=247350"}],"wp:term":[{"taxonomy":"category","embeddable":true,"href":"https:\/\/www.europesays.com\/es\/wp-json\/wp\/v2\/categories?post=247350"},{"taxonomy":"post_tag","embeddable":true,"href":"https:\/\/www.europesays.com\/es\/wp-json\/wp\/v2\/tags?post=247350"}],"curies":[{"name":"wp","href":"https:\/\/api.w.org\/{rel}","templated":true}]}}