{"id":247354,"date":"2025-11-21T02:25:12","date_gmt":"2025-11-21T02:25:12","guid":{"rendered":"https:\/\/www.europesays.com\/es\/247354\/"},"modified":"2025-11-21T02:25:12","modified_gmt":"2025-11-21T02:25:12","slug":"quien-es-raul-pena-nuevo-invitado-hoy-en-pasapalabra-y-actor-con-una-importante-trayectoria-en-television-cine-y-teatro","status":"publish","type":"post","link":"https:\/\/www.europesays.com\/es\/247354\/","title":{"rendered":"Qui\u00e9n es Ra\u00fal Pe\u00f1a, nuevo invitado hoy en &#8216;Pasapalabra&#8217; y actor con una importante trayectoria en televisi\u00f3n, cine y teatro"},"content":{"rendered":"<p data-mrf-recirculation=\"Links P\u00e1rrafos\" class=\"ue-c-article__paragraph paragraph ue-c-article--first-letter-highlighted\">&#8216;<strong>Pasapalabra<\/strong>&#8216; vuelve a renovar a sus invitados como suele hacer cada tres d\u00edas y esta vez encontramos personajes muy populares. De esta manera, este lunes toca de nuevo cambiar de plantel y traer a nuevos rostros conocidos. Uno de ellos ser\u00e1 el actor <strong>Ra\u00fal Pe\u00f1a.<\/strong><\/p>\n<p data-mrf-recirculation=\"Links P\u00e1rrafos\" class=\"ue-c-article__paragraph paragraph\">Ra\u00fal Pe\u00f1a <strong>naci\u00f3 el 21 de marzo de 1977<\/strong> y desde bien peque\u00f1o, su sue\u00f1o siempre ha sido dedicarse al mundo de la interpretaci\u00f3n. Cerca de cumplir la mayor\u00eda de edad, el joven madrile\u00f1o comenz\u00f3 a salir en <strong>&#8216;Compa\u00f1eros&#8217;, una serie de Antena 3 <\/strong>donde dio vida a dos personajes completamente opuestos: un inform\u00e1tico y un joven con una ideolog\u00eda de derecha radical. Tras ello, continu\u00f3 ligado a la cadena con &#8216;Desesperado club social&#8217;.<\/p>\n<p>La trayectoria de Ra\u00fal Pe\u00f1a<\/p>\n<p data-mrf-recirculation=\"Links P\u00e1rrafos\" class=\"ue-c-article__paragraph paragraph\">Sus inicios fueron muy divertidos y alocados, pero al mismo tiempo cuajaron muy buena acogida por parte del p\u00fablico y de sus superiores, algo que<strong> le llev\u00f3 a despegar su prometedora carrera. El actor es un aut\u00e9ntico todoterreno <\/strong>y, aunque su especialidad es la televisi\u00f3n, se mueve a las mil maravillas tanto en el cine como en el teatro.<\/p>\n<p data-mrf-recirculation=\"Links P\u00e1rrafos\" class=\"ue-c-article__paragraph paragraph\">En la peque\u00f1a pantalla, ha aparecido en multitud de series entre las que se encuentran <strong>&#8216;La se\u00f1ora&#8217;, &#8216;Los misterios de Laura&#8217;, &#8216;El secreto de Puente Viejo&#8217;, &#8216;El Pueblo&#8217;, o &#8216;Esc\u00e1ndalo: Relato de una obsesi\u00f3n&#8217;<\/strong>. Por otro lado, en la gran pantalla, ha destacado por formar parte de pel\u00edculas como &#8216;<strong>Ola de cr\u00edmenes&#8217;, &#8216;Ca\u00f3tica Ana&#8217;, &#8216;C\u00e1ndida&#8217; o &#8216;Gente Pez&#8217;.<\/strong><\/p>\n<p data-mrf-recirculation=\"Links P\u00e1rrafos\" class=\"ue-c-article__paragraph paragraph\">Finalmente, entre bambalinas tambi\u00e9n ha dejado grandes actuaciones. Algunas de las obras en las que ha aparecido son: &#8216;<strong>Al final de la carretera&#8217;, &#8216;La caja&#8217;, &#8216;Frankenstein&#8217;, &#8216;La bella y la Bestia&#8217;, &#8216;Los tres mosqueteros&#8217; o &#8216;El otro lado de la cama&#8217;.<\/strong> El actor ya sabe lo qu\u00e9 es estar en &#8216;Pasapalabra&#8217; y, sin duda, regresa a volver a pas\u00e1rselo en grande.<\/p>\n","protected":false},"excerpt":{"rendered":"&#8216;Pasapalabra&#8216; vuelve a renovar a sus invitados como suele hacer cada tres d\u00edas y esta vez encontramos personajes&hellip;\n","protected":false},"author":2,"featured_media":247355,"comment_status":"","ping_status":"","sticky":false,"template":"","format":"standard","meta":{"footnotes":""},"categories":[174],"tags":[255,146,147,25,24,256,23],"class_list":{"0":"post-247354","1":"post","2":"type-post","3":"status-publish","4":"format-standard","5":"has-post-thumbnail","7":"category-famosos","8":"tag-celebrities","9":"tag-entertainment","10":"tag-entretenimiento","11":"tag-es","12":"tag-espana","13":"tag-famosos","14":"tag-spain"},"share_on_mastodon":{"url":"https:\/\/pubeurope.com\/@es\/115585320463400016","error":""},"_links":{"self":[{"href":"https:\/\/www.europesays.com\/es\/wp-json\/wp\/v2\/posts\/247354","targetHints":{"allow":["GET"]}}],"collection":[{"href":"https:\/\/www.europesays.com\/es\/wp-json\/wp\/v2\/posts"}],"about":[{"href":"https:\/\/www.europesays.com\/es\/wp-json\/wp\/v2\/types\/post"}],"author":[{"embeddable":true,"href":"https:\/\/www.europesays.com\/es\/wp-json\/wp\/v2\/users\/2"}],"replies":[{"embeddable":true,"href":"https:\/\/www.europesays.com\/es\/wp-json\/wp\/v2\/comments?post=247354"}],"version-history":[{"count":0,"href":"https:\/\/www.europesays.com\/es\/wp-json\/wp\/v2\/posts\/247354\/revisions"}],"wp:featuredmedia":[{"embeddable":true,"href":"https:\/\/www.europesays.com\/es\/wp-json\/wp\/v2\/media\/247355"}],"wp:attachment":[{"href":"https:\/\/www.europesays.com\/es\/wp-json\/wp\/v2\/media?parent=247354"}],"wp:term":[{"taxonomy":"category","embeddable":true,"href":"https:\/\/www.europesays.com\/es\/wp-json\/wp\/v2\/categories?post=247354"},{"taxonomy":"post_tag","embeddable":true,"href":"https:\/\/www.europesays.com\/es\/wp-json\/wp\/v2\/tags?post=247354"}],"curies":[{"name":"wp","href":"https:\/\/api.w.org\/{rel}","templated":true}]}}