{"id":247363,"date":"2025-11-21T02:33:08","date_gmt":"2025-11-21T02:33:08","guid":{"rendered":"https:\/\/www.europesays.com\/es\/247363\/"},"modified":"2025-11-21T02:33:08","modified_gmt":"2025-11-21T02:33:08","slug":"el-lado-mas-personal-de-marta-sanchez-dos-matrimonios-una-hija-a-la-que-admira-y-su-actual-novio-con-quien-quiere-casarse-el-mundo","status":"publish","type":"post","link":"https:\/\/www.europesays.com\/es\/247363\/","title":{"rendered":"El lado m\u00e1s personal de Marta S\u00e1nchez: dos matrimonios, una hija a la que admira y su actual novio, con quien quiere casarse &#8211; El Mundo"},"content":{"rendered":"<ol>\n<li><a href=\"https:\/\/news.google.com\/rss\/articles\/CBMigAFBVV95cUxONVktTkdSV2o3c1RBVXE5ZVpNcDdmclVqZzdoa2lfY2VKMzhXRUpJRUZ2SjlwNldDbkEyTEhjRUo1X0RqLVdvSHVzY1RjVEZaWVYzVTc0YzljcG13THpCMi1Ielp4eTBjb2ZiY0F3YkdNNVZNT3dsYWxQTG9ENWx0Yg?oc=5\" target=\"_blank\" rel=\"nofollow noopener\">El lado m\u00e1s personal de Marta S\u00e1nchez: dos matrimonios, una hija a la que admira y su actual novio, con quien quiere casarse<\/a>&nbsp;&nbsp;El Mundo<\/li>\n<li><a href=\"https:\/\/news.google.com\/rss\/articles\/CBMiwAFBVV95cUxNSzJ0S1Zxck0zRVhpQUJIRWVKM0dpcGllRzdXMHpDTGpJNFNDdkJiVnNUd2lvR25mYm9MM0hPSnBTclRZOTB3SW13bTFycGxuVHBlMjVQaVdLQWhQdDhPQjVwaDBkOHZibVdENWlHTHFwdzI3QWRxU1AwTDl0S0FNX19yU09KbXIyT2lYZy04dVl2OXlkb20xRWw2U2g4UVM0dXpzQ3FHT0VfTVVpeldRRG9Cc3YxSnVKbThvYllEQ1U?oc=5\" target=\"_blank\" rel=\"nofollow noopener\">Marta S\u00e1nchez confiesa en &#8216;El Hormiguero&#8217; su mayor obsesi\u00f3n de belleza: \u00abTendr\u00e9 200\u00bb<\/a>&nbsp;&nbsp;ABC<\/li>\n<li><a href=\"https:\/\/news.google.com\/rss\/articles\/CBMivwFBVV95cUxNdkFFVzR4dEFpWFVtM21QeUo1LXA2Qk11Q1ZoR1FrdktfXzhKTnFFUXlTbk5rb01yOWc4WFJLaW9MOHhPU2l5eFhGQm1NcElaOGJDU2xqbUdtdVFCYnNJYnRPS29URWpTdnU3dTA5NDFWVnF5UlZUWEEwU24xWmNBaXVlS1dsekxhUzlfcW4tcWRqeXBDNzJob1RQVl9YaDRtMFRPZ1RRclplOEVBSzcyNmNwaEx0ZUxJTHRvR1BsYw?oc=5\" target=\"_blank\" rel=\"nofollow noopener\">Marta S\u00e1nchez desvela que sobrevivi\u00f3 a un terremoto y desmiente el rumor que siempre la acompa\u00f1a: \u00abEsto se acaba\u00bb<\/a>&nbsp;&nbsp;HOLA<\/li>\n<li><a href=\"https:\/\/news.google.com\/rss\/articles\/CBMirwFBVV95cUxOajVmV2FxRFZzemRzVGlzZ0tSVXpTM20ySTY5Q240NTZERUE4N1NVYzNVaGJjbEN5ZklhWTNRNm5vMjNyVVI5ZXNPMUtTRzdYeGdjeTRTZVRaSGZ0YnctbVJzWHBXODdvQ1VhaTlMZk40SHNjeGpUbGxNTmZpc0s3dEJrLURLWDVpa2RvN3JjT3RtalJCOXZqcnF0eHU0YVJVWEpkZFlMUWQxajVVX2Nv0gGvAUFVX3lxTE1aYVBfck5JYTlldTV6ajZ4RkFDNmV5dEpLVzRmQVRrMVJtVlg0eUp4MkdsTU42SkdBemx4SFZLc2hzb3ZCNno4VDM4aG9jZFFQbTJzSFdJWDlKWTlnNkxGdXg1d1M1VmNzTG5ITUhwcC04alcyX0lwbE1oSDJoQkJRb0pHa1JoUUx4OHJhSENhTEowd3J6Y3hyYl9fOTVCSXRIeG5EUm5kOVd0ZFZvajg?oc=5\" target=\"_blank\" rel=\"nofollow noopener\">\u00abCon ellos aprend\u00ed much\u00edsimo\u00bb: Marta S\u00e1nchez recuerda con cari\u00f1o su \u00e9poca en Ol\u00e9 Ol\u00e9<\/a>&nbsp;&nbsp;Antena 3<\/li>\n<li><a href=\"https:\/\/news.google.com\/rss\/articles\/CBMi1AFBVV95cUxQSEY4TkM0alc5cVNKRlQybDNtbGh5YmNmNlIwX1RxcnRySUlNaVNwV2c5WlBBT3pXRzB5V0xFT080aUlqNC1BaUtiZnFmVUVWdjJMVDlseTVkZHhtSVRYOEF1YkxfVEM0dl9iczlXRWpfZ1FsclRFalNFNnIwQldkb2VQc2tUdkx4VnhZZEpkZzNGSTRnVFFVZ0cyRTh6alRlamo1ZzJTWkczQVJ0cGR3ME9ucmhuVE80QXdZa2VCMVg5ZWdiSUZjNk1TN0pSWEJzMWdLVNIB6AFBVV95cUxOdktLejkwb3h4V1VyY01ycHdJUzNEZmJ3OW5TdzJjS2haRUdrUzNlOHdVODFNNXVKdi03SWR0bXJrT2U3WGVsaGxqY1hnYS1FX0Z3dmxDZTRZNjB1cjZRbWlsUWxVN01qVHNiZ0E3Qkw3anRNaGE3ekFpZG1XYVhOajZRUGxicFBMRFBTbUlrVjVkVWxMN3gyV2JsY05ZQnVGeFFnSm9xUDQ2RUZZQ3dVYmt6bVJWa1ZtdDFURVdWaEx2NWF6SkZRYy03SzlZdHdNbXRFMTM1dUdselZkZ3RZa3NEX1lBVHJo?oc=5\" target=\"_blank\" rel=\"nofollow noopener\">Marta S\u00e1nchez se defiende de las cr\u00edticas en &#8216;El Hormiguero&#8217;: \u00abSoy cero diva\u00bb<\/a>&nbsp;&nbsp;La Raz\u00f3n<\/li>\n<\/ol>\n","protected":false},"excerpt":{"rendered":"El lado m\u00e1s personal de Marta S\u00e1nchez: dos matrimonios, una hija a la que admira y su actual&hellip;\n","protected":false},"author":2,"featured_media":247364,"comment_status":"","ping_status":"","sticky":false,"template":"","format":"standard","meta":{"footnotes":""},"categories":[91],"tags":[146,147,25,24,720,23],"class_list":{"0":"post-247363","1":"post","2":"type-post","3":"status-publish","4":"format-standard","5":"has-post-thumbnail","7":"category-entretenimiento","8":"tag-entertainment","9":"tag-entretenimiento","10":"tag-es","11":"tag-espana","12":"tag-loc-famosos","13":"tag-spain"},"share_on_mastodon":{"url":"https:\/\/pubeurope.com\/@es\/115585351968377751","error":""},"_links":{"self":[{"href":"https:\/\/www.europesays.com\/es\/wp-json\/wp\/v2\/posts\/247363","targetHints":{"allow":["GET"]}}],"collection":[{"href":"https:\/\/www.europesays.com\/es\/wp-json\/wp\/v2\/posts"}],"about":[{"href":"https:\/\/www.europesays.com\/es\/wp-json\/wp\/v2\/types\/post"}],"author":[{"embeddable":true,"href":"https:\/\/www.europesays.com\/es\/wp-json\/wp\/v2\/users\/2"}],"replies":[{"embeddable":true,"href":"https:\/\/www.europesays.com\/es\/wp-json\/wp\/v2\/comments?post=247363"}],"version-history":[{"count":0,"href":"https:\/\/www.europesays.com\/es\/wp-json\/wp\/v2\/posts\/247363\/revisions"}],"wp:featuredmedia":[{"embeddable":true,"href":"https:\/\/www.europesays.com\/es\/wp-json\/wp\/v2\/media\/247364"}],"wp:attachment":[{"href":"https:\/\/www.europesays.com\/es\/wp-json\/wp\/v2\/media?parent=247363"}],"wp:term":[{"taxonomy":"category","embeddable":true,"href":"https:\/\/www.europesays.com\/es\/wp-json\/wp\/v2\/categories?post=247363"},{"taxonomy":"post_tag","embeddable":true,"href":"https:\/\/www.europesays.com\/es\/wp-json\/wp\/v2\/tags?post=247363"}],"curies":[{"name":"wp","href":"https:\/\/api.w.org\/{rel}","templated":true}]}}