{"id":247386,"date":"2025-11-21T02:54:18","date_gmt":"2025-11-21T02:54:18","guid":{"rendered":"https:\/\/www.europesays.com\/es\/247386\/"},"modified":"2025-11-21T02:54:18","modified_gmt":"2025-11-21T02:54:18","slug":"max-verstappen-y-su-mensaje-de-admiracion-a-fernando-alonso-que-incluye-a-red-bull-f1-me-encanta-su-actitud","status":"publish","type":"post","link":"https:\/\/www.europesays.com\/es\/247386\/","title":{"rendered":"Max Verstappen y su mensaje de admiraci\u00f3n a Fernando Alonso que incluye a Red Bull F1: \u00abMe encanta su actitud\u00bb"},"content":{"rendered":"<p data-journey-content=\"true\" data-node-id=\"3\" class=\"css-6wxqfj emevuu60\">No es una sorpresa decir que Fernando Alonso y Max Verstappen son dos pilotos que se llevan bien fuera de pista. De hecho, el asturiano lleg\u00f3 a asegurar durante la era h\u00edbrida, cuando tom\u00f3 la decisi\u00f3n de abandonar la categor\u00eda tras unos a\u00f1os complicados en McLaren Honda, que todav\u00eda segu\u00eda viendo la F\u00f3rmula 1 \u201cpara ver qu\u00e9 hac\u00eda\u201d el piloto de Red Bull. Pues bien, a\u00f1os m\u00e1s tarde, ese joven piloto que logr\u00f3 su primera victoria con tan s\u00f3lo 18 a\u00f1os, ya suma cuatro campeonatos del mundo.<\/p>\n<p>El mensaje de Max Verstappen a Fernando Alonso<\/p>\n<p data-journey-content=\"true\" data-node-id=\"7\" class=\"css-6wxqfj emevuu60\">Desde 2021, el \u20181\u2019 ha conseguido dominar la parrilla, especialmente entre 2022 y 2023, donde consigui\u00f3 15 y 19 triunfos, respectivamente. No obstante, esa buena tendencia fue decayendo en 2024, con una McLaren y Ferrari que fueron capaces de dar un salto de calidad en parrilla. <strong data-node-id=\"7.1\">A pesar de ello, esa temporada volvi\u00f3 a revalidar su t\u00edtulo, algo que tiene complicado en este GP de Las Vegas<\/strong>, con una diferencia de 49 puntos del l\u00edder, <a href=\"https:\/\/www.caranddriver.com\/es\/formula-1\/a69466460\/zak-brown-mclaren-f1-dispara-christian-horner-arrogante-max-verstappen-maton\/\" target=\"_blank\" data-vars-ga-outbound-link=\"https:\/\/www.caranddriver.com\/es\/formula-1\/a69466460\/zak-brown-mclaren-f1-dispara-christian-horner-arrogante-max-verstappen-maton\/\" data-vars-ga-ux-element=\"Hyperlink\" data-vars-ga-call-to-action=\"que en este caso, es el McLaren de Lando Norris.\" data-node-id=\"7.3\" class=\"body-link css-168zq96 emevuu60\" rel=\"nofollow noopener\">que en este caso, es el McLaren de Lando Norris.<\/a><\/p>\n<blockquote data-theme-key=\"pullquote\" class=\"css-1eiql25 e1pe3zr91\">\n<blockquote class=\"css-fetnbk e1pe3zr90\"><p>Max Verstappen admite sentir \u00abadmiraci\u00f3n\u00bb por la actitud y mentalidad de Fernando Alonso<\/p><\/blockquote>\n<\/blockquote>\n<p data-journey-content=\"true\" data-node-id=\"10\" class=\"css-6wxqfj emevuu60\">No obstante, en la previa de la antepen\u00faltima ronda de la temporada, las atenciones han ido hacia un mensaje de admiraci\u00f3n a un viejo conocido de la parrilla, Fernando Alonso. El piloto espa\u00f1ol logr\u00f3 hacerse con los t\u00edtulos de 2005 y 2006. Desde entonces, ha estado en busca del tricampeonato, que hasta ahora, no ha llegado. Entre medias, estuvo la pelea contra la Red Bull de Sebastian Vettel, concretamente en los a\u00f1os de 2010 y 2012, donde se qued\u00f3 a tan s\u00f3lo cuatro y tres puntos.<\/p>\n<p data-journey-content=\"true\" data-node-id=\"14\" class=\"css-6wxqfj emevuu60\">Con un monoplaza que, su propio compa\u00f1ero de equipo, no era capaz de mantenerlo dentro del top cinco, Fernando Alonso fue capaz de pelear por dos campeonatos, algo que seg\u00fan Max Verstappen, ha admirado durante su carrera. De hecho, en la previa del GP de Las Vegas, <strong data-node-id=\"14.1\">ha asegurado que la <a href=\"https:\/\/www.caranddriver.com\/es\/formula-1\/a69492964\/fernando-alonso-negativo-lluvia-las-vegas-nada-divertido\/\" target=\"_blank\" data-vars-ga-outbound-link=\"https:\/\/www.caranddriver.com\/es\/formula-1\/a69492964\/fernando-alonso-negativo-lluvia-las-vegas-nada-divertido\/\" data-vars-ga-ux-element=\"Hyperlink\" data-vars-ga-call-to-action=\"actitud y mentalidad que ha adoptado el \u201814\u2019\" data-node-id=\"14.1.1\" class=\"body-link css-168zq96 emevuu60\" rel=\"nofollow noopener\">actitud y mentalidad que ha adoptado el \u201814\u2019<\/a> desde que comenz\u00f3 su andadura en F\u00f3rmula 1 es algo que siempre ha puesto en valor,<\/strong> aunque no han sido los \u00fanicos atributos que ha destacado el neerland\u00e9s.<\/p>\n<p><img draggable=\"true\" alt=\"fernando alonso y max verstappen f1\" title=\"Fernando Alonso y Max Verstappen F1\" loading=\"lazy\" width=\"5882\" height=\"3921\" decoding=\"async\" data-nimg=\"1\" style=\"color:transparent;width:100%;height:auto;\"   src=\"https:\/\/www.europesays.com\/es\/wp-content\/uploads\/2025\/11\/gettyimages-2247557481-691f39c920615.jpg\" class=\"css-0 e1g79fud0\"\/><a target=\"_blank\" rel=\"noopener nofollow\" data-theme-key=\"base-link\" href=\"https:\/\/pinterest.com\/pin\/create\/button\/?url=https:\/\/www.caranddriver.com\/es\/formula-1\/a69497106\/max-verstappen-mensaje-admiracion-fernando-alonso-incluye-red-bull-f1-actitud\/&amp;description=&amp;media=https:\/\/hips.hearstapps.com\/hmg-prod\/images\/gettyimages-2247557481-691f39c920615.jpg?resize=1600:*\" class=\"pinterest css-on9hn5 e1c1bym14\"><img decoding=\"async\" data-dynamic-svg=\"true\" src=\"https:\/\/www.caranddriver.com\/_assets\/design-tokens\/fre\/static\/icons\/social\/pinterest.e8cf655.svg?primary=%2523ffffff\" loading=\"lazy\" data-testid=\"dynamic-svg-base\" height=\"auto\" width=\"auto\" alt=\"pinterest\" class=\"css-4lml0h e1mlxuuw1\"\/><\/a><\/p>\n<p>Clive Rose<\/p>\n<p data-journey-content=\"true\" data-node-id=\"17\" class=\"css-6wxqfj emevuu60\">\u201cMe encanta la actitud y mentalidad de Fernando. Es f\u00e1cil lidiar con \u00e9l, lo que ves es lo que hay. Es \u00e9l mismo, y creo que es muy agradable tratar con \u00e9l. Es tal como es. Creo que como piloto, te gusta lo que ves. Es un aut\u00e9ntico luchador, y lo sigue siendo\u201d, dec\u00eda el piloto de Red Bull. <\/p>\n<p data-journey-content=\"true\" data-node-id=\"19\" class=\"css-6wxqfj emevuu60\">\u201cLe tengo mucho respeto a Fernando, que siga compitiendo a su edad. Es muy bonito ver tanta pasi\u00f3n por ese deporte. <strong data-node-id=\"19.1\">Antes de estar en la F\u00f3rmula 1, quiz\u00e1s suene raro, cuando \u00e9l luchaba con Red Bull, yo lo animaba para que ganase<\/strong>\u201d, prosigui\u00f3.<\/p>\n<p data-journey-content=\"true\" data-node-id=\"21\" class=\"css-6wxqfj emevuu60\">\u201cSer el menos favorito y aun as\u00ed conseguir esos resultados, llevando el coche a la victoria cuando no deber\u00eda. S\u00ed, eso al final te atrae. Creo que como piloto, te gusta lo que ves\u201d, concluy\u00f3 Max Verstappen.    <\/p>\n<p>Un GP de Las Vegas complicado para Max Verstappen<\/p>\n<p data-journey-content=\"true\" data-node-id=\"24\" class=\"css-6wxqfj emevuu60\">Antes del par\u00f3n de verano, las distancias entre el de Red Bull y Oscar Piastri, por aquel entonces l\u00edder del mundial,<strong data-node-id=\"24.1\"> llegaron a ser de m\u00e1s de 100 puntos. No obstante, esa ventaja se vio recortada hasta los 36 puntos,<\/strong> lo que hizo a <a href=\"https:\/\/www.caranddriver.com\/es\/formula-1\/a69229148\/bernie-ecclestone-senala-sabotaje-mclaren-f1-oscar-piastri-han-ralentizado\/\" target=\"_blank\" data-vars-ga-outbound-link=\"https:\/\/www.caranddriver.com\/es\/formula-1\/a69229148\/bernie-ecclestone-senala-sabotaje-mclaren-f1-oscar-piastri-han-ralentizado\/\" data-vars-ga-ux-element=\"Hyperlink\" data-vars-ga-call-to-action=\"un experto en F1 asegurar que el de Red Bull iba a remontar\" data-node-id=\"24.3\" class=\"body-link css-168zq96 emevuu60\" rel=\"nofollow noopener\">un experto en F1 asegurar que el de Red Bull iba a remontar<\/a>. Por ello, el neerland\u00e9s ha querido reconocer el esfuerzo y trabajo de su equipo durante la temporada 2025.<\/p>\n<p data-journey-content=\"true\" data-node-id=\"26\" class=\"css-6wxqfj emevuu60\">\u201cDisfrut\u00e9 de los buenos momentos y las victorias que logramos, pero al mismo tiempo, obviamente, los malos tampoco fueron buenos, y por eso no estamos luchando por el t\u00edtulo. A mitad de temporada, despu\u00e9s del par\u00f3n veraniego, est\u00e1bamos a m\u00e1s de 100 puntos de la cabeza, y parec\u00eda que la desventaja iba a aumentar. En cambio, en cierto momento, conseguimos darle la vuelta a la situaci\u00f3n bastante, incluso con un poco de suerte, y creo que es algo de lo que podemos estar orgullosos\u201d, dec\u00eda el \u20181\u2019.<\/p>\n<p><img draggable=\"true\" alt=\"max verstappen red bull f1\" title=\"Max Verstappen Red Bull F1\" loading=\"lazy\" width=\"4657\" height=\"3105\" decoding=\"async\" data-nimg=\"1\" style=\"color:transparent;width:100%;height:auto;\"   src=\"https:\/\/www.europesays.com\/es\/wp-content\/uploads\/2025\/11\/max-verstappen-691f39f3b14aa.jpg\" class=\"css-0 e1g79fud0\"\/><a target=\"_blank\" rel=\"noopener nofollow\" data-theme-key=\"base-link\" href=\"https:\/\/pinterest.com\/pin\/create\/button\/?url=https:\/\/www.caranddriver.com\/es\/formula-1\/a69497106\/max-verstappen-mensaje-admiracion-fernando-alonso-incluye-red-bull-f1-actitud\/&amp;description=&amp;media=https:\/\/hips.hearstapps.com\/hmg-prod\/images\/max-verstappen-691f39f3b14aa.jpg?resize=1600:*\" class=\"pinterest css-on9hn5 e1c1bym14\"><img decoding=\"async\" data-dynamic-svg=\"true\" src=\"https:\/\/www.caranddriver.com\/_assets\/design-tokens\/fre\/static\/icons\/social\/pinterest.e8cf655.svg?primary=%2523ffffff\" loading=\"lazy\" data-testid=\"dynamic-svg-base\" height=\"auto\" width=\"auto\" alt=\"pinterest\" class=\"css-4lml0h e1mlxuuw1\"\/><\/a><\/p>\n<p>Jayce Illman<\/p>\n<p data-journey-content=\"true\" data-node-id=\"29\" class=\"css-6wxqfj emevuu60\">Es as\u00ed como el piloto de Red Bull afronta el GP de Las Vegas con un mundial de pilotos cada vez m\u00e1s complicado, pero con la esperanza de ser competitivos a los mandos de su RB21. <\/p>\n","protected":false},"excerpt":{"rendered":"No es una sorpresa decir que Fernando Alonso y Max Verstappen son dos pilotos que se llevan bien&hellip;\n","protected":false},"author":2,"featured_media":247387,"comment_status":"","ping_status":"","sticky":false,"template":"","format":"standard","meta":{"footnotes":""},"categories":[93],"tags":[168,253,25,24,23,167],"class_list":{"0":"post-247386","1":"post","2":"type-post","3":"status-publish","4":"format-standard","5":"has-post-thumbnail","7":"category-deportes","8":"tag-deportes","9":"tag-discover","10":"tag-es","11":"tag-espana","12":"tag-spain","13":"tag-sports"},"share_on_mastodon":{"url":"https:\/\/pubeurope.com\/@es\/115585434741177147","error":""},"_links":{"self":[{"href":"https:\/\/www.europesays.com\/es\/wp-json\/wp\/v2\/posts\/247386","targetHints":{"allow":["GET"]}}],"collection":[{"href":"https:\/\/www.europesays.com\/es\/wp-json\/wp\/v2\/posts"}],"about":[{"href":"https:\/\/www.europesays.com\/es\/wp-json\/wp\/v2\/types\/post"}],"author":[{"embeddable":true,"href":"https:\/\/www.europesays.com\/es\/wp-json\/wp\/v2\/users\/2"}],"replies":[{"embeddable":true,"href":"https:\/\/www.europesays.com\/es\/wp-json\/wp\/v2\/comments?post=247386"}],"version-history":[{"count":0,"href":"https:\/\/www.europesays.com\/es\/wp-json\/wp\/v2\/posts\/247386\/revisions"}],"wp:featuredmedia":[{"embeddable":true,"href":"https:\/\/www.europesays.com\/es\/wp-json\/wp\/v2\/media\/247387"}],"wp:attachment":[{"href":"https:\/\/www.europesays.com\/es\/wp-json\/wp\/v2\/media?parent=247386"}],"wp:term":[{"taxonomy":"category","embeddable":true,"href":"https:\/\/www.europesays.com\/es\/wp-json\/wp\/v2\/categories?post=247386"},{"taxonomy":"post_tag","embeddable":true,"href":"https:\/\/www.europesays.com\/es\/wp-json\/wp\/v2\/tags?post=247386"}],"curies":[{"name":"wp","href":"https:\/\/api.w.org\/{rel}","templated":true}]}}