{"id":247400,"date":"2025-11-21T03:09:13","date_gmt":"2025-11-21T03:09:13","guid":{"rendered":"https:\/\/www.europesays.com\/es\/247400\/"},"modified":"2025-11-21T03:09:13","modified_gmt":"2025-11-21T03:09:13","slug":"partido-clave-en-valencia-para-el-casademont-zaragoza-sub-22","status":"publish","type":"post","link":"https:\/\/www.europesays.com\/es\/247400\/","title":{"rendered":"Partido clave en Valencia para el Casademont Zaragoza sub-22"},"content":{"rendered":"<p>            Partido clave en Valencia para el Casademont Zaragoza sub-22                <\/p>\n<p>Partido clave en Valencia para el Casademont Zaragoza sub-22<\/p>\n<p class=\"epigraph\">El equipo aragon\u00e9s necesita un triunfo este viernes (19.00), en la s\u00e9ptima jornada de la Liga U, para acercarse nuevamente a la zona alta de la clasificaci\u00f3n.\u00a0\u00a0<\/p>\n<p class=\"paragraph\">El Casademont Zaragoza sub-22 <b>visita este viernes al Valencia Basket (19.00), en la s\u00e9ptima jornada de la Liga U, <\/b>con la intenci\u00f3n de sumar una victoria que le acerque nuevamente a los primeros puestos de la clasificaci\u00f3n. El equipo aragon\u00e9s, <a href=\"https:\/\/www.heraldo.es\/noticias\/deportes\/baloncesto\/2025\/11\/14\/el-casademont-zaragoza-le-hace-sudar-a-un-barca-superior-75-89-1870580.html\" title=\"El Casademont Zaragoza U22 le hace sudar a un Bar\u00e7a superior (75-89)\" rel=\"nofollow noopener\" target=\"_blank\">que viene de encadenar dos derrotas de manera consecutiva <\/a>-ante el Real Madrid y el Barcelona-, se ha distanciado de la zona noble despu\u00e9s de haber protagonizado un gran inicio de la temporada.\u00a0<\/p>\n<p>            Conforme a los criterios de<br \/>\n            <a class=\"trustproject_img\" id=\"trustproject_img\" href=\"https:\/\/thetrustproject.org\/\" target=\"_blank\" rel=\"nofollow noopener\" aria-label=\"Trust Project\"><img decoding=\"async\" loading=\"lazy\" src=\"https:\/\/www.heraldo.es\/images\/Trust-Logo-Horizontal.svg\" alt=\"Logo Trust Project\" width=\"200\" height=\"34\"\/><\/a><\/p>\n<p>        <a href=\"https:\/\/www.henneo.com\/\" title=\"Grupo Henneo\" class=\"logo\" rel=\"nofollow noopener\" target=\"_blank\"><br \/>\n            <img decoding=\"async\" src=\"https:\/\/www.heraldo.es\/images\/logo_henneo_gris.svg\" alt=\"Logo Henneo\" width=\"559\" height=\"389\" loading=\"lazy\"\/><br \/>\n        <\/a><\/p>\n<p>\u00a9 HERALDO DE ARAGON EDITORA, S.L.U.<br \/>Tel\u00e9fono 976 765 000 \/ &#8211; P\u00ba. Independencia, 29, 50001 Zaragoza &#8211; CIF: B99288763 &#8211; Inscrita en el Registro Mercantil de Zaragoza al Tomo 3796, Libro 0, Folio 177, Secci\u00f3n 8, Hoja Z-50564<br \/>Queda prohibida toda reproducci\u00f3n sin permiso escrito de la empresa a los efectos del art\u00edculo 32.1, p\u00e1rrafo segundo, de la Ley de Propiedad Intelectual<\/p>\n<p>\n                P\u00ba Independencia, 29, 50001 Zaragoza<br \/> Tel\u00e9fono 976 765 000\n            <\/p>\n<p>                    Actualmente tu navegador no permite ejecutar JavaScript. Para poder disfrutar de nuestro contenido es necesario que lo permita.<br \/>\n                                        <img decoding=\"async\" loading=\"lazy\" alt=\"Heraldo logo\" src=\"https:\/\/dkumiip2e9ary.cloudfront.net\/xalok\/heraldo\/especiales\/hola-de-nuevo\/logo-heraldo.svg\" width=\"215\" height=\"43\"\/><\/p>\n","protected":false},"excerpt":{"rendered":"Partido clave en Valencia para el Casademont Zaragoza sub-22 Partido clave en Valencia para el Casademont Zaragoza sub-22&hellip;\n","protected":false},"author":2,"featured_media":247401,"comment_status":"","ping_status":"","sticky":false,"template":"","format":"standard","meta":{"footnotes":""},"categories":[269],"tags":[299,298,2511,12554,168,25,24,1045,23,167,235,491],"class_list":{"0":"post-247400","1":"post","2":"type-post","3":"status-publish","4":"format-standard","5":"has-post-thumbnail","7":"category-baloncesto","8":"tag-baloncesto","9":"tag-basketball","10":"tag-casademont","11":"tag-clave","12":"tag-deportes","13":"tag-es","14":"tag-espana","15":"tag-partido","16":"tag-spain","17":"tag-sports","18":"tag-valencia","19":"tag-zaragoza"},"share_on_mastodon":{"url":"https:\/\/pubeurope.com\/@es\/115585494010774386","error":""},"_links":{"self":[{"href":"https:\/\/www.europesays.com\/es\/wp-json\/wp\/v2\/posts\/247400","targetHints":{"allow":["GET"]}}],"collection":[{"href":"https:\/\/www.europesays.com\/es\/wp-json\/wp\/v2\/posts"}],"about":[{"href":"https:\/\/www.europesays.com\/es\/wp-json\/wp\/v2\/types\/post"}],"author":[{"embeddable":true,"href":"https:\/\/www.europesays.com\/es\/wp-json\/wp\/v2\/users\/2"}],"replies":[{"embeddable":true,"href":"https:\/\/www.europesays.com\/es\/wp-json\/wp\/v2\/comments?post=247400"}],"version-history":[{"count":0,"href":"https:\/\/www.europesays.com\/es\/wp-json\/wp\/v2\/posts\/247400\/revisions"}],"wp:featuredmedia":[{"embeddable":true,"href":"https:\/\/www.europesays.com\/es\/wp-json\/wp\/v2\/media\/247401"}],"wp:attachment":[{"href":"https:\/\/www.europesays.com\/es\/wp-json\/wp\/v2\/media?parent=247400"}],"wp:term":[{"taxonomy":"category","embeddable":true,"href":"https:\/\/www.europesays.com\/es\/wp-json\/wp\/v2\/categories?post=247400"},{"taxonomy":"post_tag","embeddable":true,"href":"https:\/\/www.europesays.com\/es\/wp-json\/wp\/v2\/tags?post=247400"}],"curies":[{"name":"wp","href":"https:\/\/api.w.org\/{rel}","templated":true}]}}