{"id":247410,"date":"2025-11-21T03:17:10","date_gmt":"2025-11-21T03:17:10","guid":{"rendered":"https:\/\/www.europesays.com\/es\/247410\/"},"modified":"2025-11-21T03:17:10","modified_gmt":"2025-11-21T03:17:10","slug":"tras-el-trofeo-de-campeon-de-liga-que-recibio-rosario-central-asi-quedo-la-tabla-historica-de-titulos","status":"publish","type":"post","link":"https:\/\/www.europesays.com\/es\/247410\/","title":{"rendered":"Tras el trofeo de \u201ccampe\u00f3n de Liga\u201d que recibi\u00f3 Rosario Central, as\u00ed qued\u00f3 la tabla hist\u00f3rica de t\u00edtulos"},"content":{"rendered":"<p><img alt=\"Los cinco equipos m\u00e1s ganadores\" class=\"global-image\" decoding=\"async\" fetchpriority=\"high\" height=\"1080\" loading=\"eager\" src=\"https:\/\/www.infobae.com\/resizer\/v2\/XU7VYLEBSVBIDC7OJPQU453XCQ.jpg?auth=8c0d8ac5630c4afc622078d720e0d6134500bf83afe938be6ed8c78a78524ca3&amp;smart=true&amp;width=350&amp;height=197&amp;quality=85\" width=\"1920\"\/>Los cinco equipos m\u00e1s ganadores de la historia del f\u00fatbol argentino<\/p>\n<p class=\"paragraph\"><b>Rosario Central <\/b>obtuvo un nuevo t\u00edtulo, luego de que el Comit\u00e9 Ejecutivo de la Liga Profesional <a rel=\"noopener noreferrer nofollow\" href=\"https:\/\/www.infobae.com\/deportes\/2025\/11\/20\/la-afa-le-entrego-el-trofeo-de-campeon-de-liga-a-rosario-central-por-ser-el-equipo-que-mas-puntos-sumo-en-la-tabla-anual\/\" target=\"_blank\" title=\"https:\/\/www.infobae.com\/deportes\/2025\/11\/20\/la-afa-le-entrego-el-trofeo-de-campeon-de-liga-a-rosario-central-por-ser-el-equipo-que-mas-puntos-sumo-en-la-tabla-anual\/\">decidiera nombrarlo <b>\u201cCampe\u00f3n de Liga\u201d<\/b><\/a><b> <\/b>por ser el equipo que <b>m\u00e1s puntos sum\u00f3 entre las 32 fechas <\/b>que compusieron las fases de grupos del <b>Torneo Apertura y Clausura de esta temporada 2025 <\/b>del f\u00fatbol argentino.<\/p>\n<p class=\"paragraph\">La ceremonia de entrega se realiz\u00f3 en las oficinas de la Liga, donde el presidente <b>Gonzalo Belloso<\/b>, el arquero <b>Jorge Broun<\/b>, el entrenador <b>Ariel Holan<\/b> y el referente <b>\u00c1ngel Di Mar\u00eda<\/b> recibieron el trofeo. Belloso, al salir de la reuni\u00f3n del Comit\u00e9 Ejecutivo de la AFA, expres\u00f3: \u201cS\u00faper merecido para un club como el nuestro que fue primero de la primera fecha a la \u00faltima, hizo m\u00e1s puntos que nadie, perdi\u00f3 solo dos partidos en el a\u00f1o<\/p>\n<p class=\"paragraph\">El Comit\u00e9 Ejecutivo de la Liga Profesional resolvi\u00f3, tras una votaci\u00f3n un\u00e1nime, que el equipo que finalice primero en la Tabla Anual ser\u00e1 considerado \u201cCampe\u00f3n de Liga\u201d, con los beneficios de acceder a la Supercopa Internacional y a la clasificaci\u00f3n directa a la <b>CONMEBOL Libertadores<\/b>. En el comunicado oficial, se confirm\u00f3 que Rosario Central fue reconocido como \u201cCampe\u00f3n de Liga 2025\u201d por haber sumado <b>66 puntos<\/b> entre el Apertura y el Clausura, lo que le asegur\u00f3 el boleto directo a la Copa Libertadores 2026. De esta manera, el Canalla agrand\u00f3 sus vitrinas: lleg\u00f3 a 12 estrellas locales, m\u00e1s la <b>Copa Conmebol<\/b> que logr\u00f3 en <b>1995<\/b>.<\/p>\n<p><img alt=\"Rosario Central se sum\u00f3 una\" class=\"global-image\" decoding=\"async\" fetchpriority=\"low\" height=\"1920\" loading=\"lazy\" src=\"https:\/\/www.infobae.com\/resizer\/v2\/ZUUREC4UCRDHRHLXCYXT45BNPA.jpg?auth=0e6ccdd32ef8dd0e93e67aba11ac7d1305616a96cd7feec796f505781a1ad983&amp;smart=true&amp;width=350&amp;height=350&amp;quality=85\" width=\"1920\"\/>Rosario Central se sum\u00f3 una nueva estrella al escudo<\/p>\n<p class=\"paragraph\">En lo que respecta al ranking hist\u00f3rico de Copas Nacionales, Boca Juniors lidera con 17, seguido por River Plate (16), Racing Club (15), Independiente (9), Hurac\u00e1n (8), Rosario Central (7), Estudiantes de La Plata (5), Newell\u2019s (3), Lan\u00fas (3), V\u00e9lez (3), San Lorenzo (2) y Arsenal (2), entre otros.<\/p>\n<p class=\"paragraph\">Si se toman en cuenta todos los t\u00edtulos de la historia, sumando Ligas, Copas Nacionales e internacionales, contando el amateurismo y profesionalismo, Boca Juniors lidera el listado con 74, seguido por River Plate (72) e Independiente (45). Detr\u00e1s aparece Racing con 41 y San Lorenzo con 22. <\/p>\n<p class=\"paragraph\">Siguiendo en materia internacional, Boca Juniors tambi\u00e9n lidera con 22, seguido por Independiente (20) y River Plate (18). M\u00e1s atr\u00e1s, aparecen Racing (8), Estudiantes (6), San Lorenzo (5), V\u00e9lez (5), Lan\u00fas (2), Argentinos Juniors (2), Arsenal (2) y Defensa y Justicia (2), Rosario Central y Talleres de C\u00f3rdoba (1).<\/p>\n<p class=\"paragraph\">Todos los logros publicados son el recuento de los T\u00edtulos Oficiales homologados por la AFA desde que el f\u00fatbol es oficial en la Argentina (1891-2024), tal como est\u00e1n publicados en la Web Oficial de la casa madre de nuestro f\u00fatbol, indic\u00f3 Revisionismo F\u00fatbol.<\/p>\n<ul data-icon=\"\u2b24\" class=\"list\">\n<li data-icon=\"\u2b24\"><b>CAMPEONES COPAS NACIONALES DE AFA<\/b><\/li>\n<\/ul>\n<p class=\"paragraph\">Boca Juniors 17<\/p>\n<p class=\"paragraph\">River Plate 16<\/p>\n<p class=\"paragraph\">Racing 15<\/p>\n<p class=\"paragraph\">Independiente 9<\/p>\n<p class=\"paragraph\">Hurac\u00e1n 8<\/p>\n<p class=\"paragraph\">Rosario Central 7<\/p>\n<p class=\"paragraph\">Estudiantes de La Plata 5<\/p>\n<p class=\"paragraph\">Newell\u2019s 5<\/p>\n<p class=\"paragraph\">Lan\u00fas 3<\/p>\n<p class=\"paragraph\">V\u00e9lez 3<\/p>\n<p class=\"paragraph\">Arsenal 2<\/p>\n<p class=\"paragraph\">San Lorenzo 2<\/p>\n<p class=\"paragraph\">Atlanta 1<\/p>\n<p class=\"paragraph\">Banfield 1<\/p>\n<p class=\"paragraph\">Central C\u00f3rdoba (R) 1<\/p>\n<p class=\"paragraph\">Col\u00f3n 1<\/p>\n<p class=\"paragraph\">Estudiantes (BA) 1<\/p>\n<p class=\"paragraph\">Gimnasia (LP) 1<\/p>\n<p class=\"paragraph\">Nueva Chicago 1<\/p>\n<p class=\"paragraph\">Patronato 1<\/p>\n<p class=\"paragraph\">Quilmes 1<\/p>\n<p class=\"paragraph\">San Mart\u00edn (T) 1<\/p>\n<p class=\"paragraph\">Sportivo Barracas 1<\/p>\n<p class=\"paragraph\">Tiro Federal 1<\/p>\n<p class=\"paragraph\">Tigre 1<\/p>\n<p class=\"paragraph\">Atl\u00e9tico Tucum\u00e1n 1<\/p>\n<p class=\"paragraph\">Central C\u00f3rdoba (SdE) 1<\/p>\n<p class=\"paragraph\">Talleres de C\u00f3rdoba 1<\/p>\n<p class=\"paragraph\">Independiente Rivadavia 1<\/p>\n<ul data-icon=\"\u2b24\" class=\"list\">\n<li data-icon=\"\u2b24\"><b>T\u00cdTULOS LOCALES DE AFA (LIGAS M\u00c1S COPAS NACIONALES)<\/b><\/li>\n<\/ul>\n<p class=\"paragraph\">River 54 (38 Ligas\/16 Copas)<\/p>\n<p class=\"paragraph\">Boca 52 (35\/17)<\/p>\n<p class=\"paragraph\">Racing 33 (18\/15)<\/p>\n<p class=\"paragraph\">Independiente 25 (16\/9)<\/p>\n<p class=\"paragraph\">Alumni A.C. 18 (10\/8)<\/p>\n<p class=\"paragraph\">San Lorenzo 17 (15\/2)<\/p>\n<p class=\"paragraph\">V\u00e9lez 14 (11\/3)<\/p>\n<p class=\"paragraph\">Hurac\u00e1n 13 (5\/8)<\/p>\n<p class=\"paragraph\">Estudiantes 11 (6\/5)<\/p>\n<p class=\"paragraph\"><b>Rosario Central 12 (5\/7)<\/b><\/p>\n<p class=\"paragraph\">Newell\u2019s 9 (6\/3)<\/p>\n<p class=\"paragraph\">Lan\u00fas 5 (2\/3)<\/p>\n","protected":false},"excerpt":{"rendered":"Los cinco equipos m\u00e1s ganadores de la historia del f\u00fatbol argentino Rosario Central obtuvo un nuevo t\u00edtulo, luego&hellip;\n","protected":false},"author":2,"featured_media":247411,"comment_status":"","ping_status":"","sticky":false,"template":"","format":"standard","meta":{"footnotes":""},"categories":[93],"tags":[168,25,24,23,167],"class_list":{"0":"post-247410","1":"post","2":"type-post","3":"status-publish","4":"format-standard","5":"has-post-thumbnail","7":"category-deportes","8":"tag-deportes","9":"tag-es","10":"tag-espana","11":"tag-spain","12":"tag-sports"},"share_on_mastodon":{"url":"https:\/\/pubeurope.com\/@es\/115585525027167675","error":""},"_links":{"self":[{"href":"https:\/\/www.europesays.com\/es\/wp-json\/wp\/v2\/posts\/247410","targetHints":{"allow":["GET"]}}],"collection":[{"href":"https:\/\/www.europesays.com\/es\/wp-json\/wp\/v2\/posts"}],"about":[{"href":"https:\/\/www.europesays.com\/es\/wp-json\/wp\/v2\/types\/post"}],"author":[{"embeddable":true,"href":"https:\/\/www.europesays.com\/es\/wp-json\/wp\/v2\/users\/2"}],"replies":[{"embeddable":true,"href":"https:\/\/www.europesays.com\/es\/wp-json\/wp\/v2\/comments?post=247410"}],"version-history":[{"count":0,"href":"https:\/\/www.europesays.com\/es\/wp-json\/wp\/v2\/posts\/247410\/revisions"}],"wp:featuredmedia":[{"embeddable":true,"href":"https:\/\/www.europesays.com\/es\/wp-json\/wp\/v2\/media\/247411"}],"wp:attachment":[{"href":"https:\/\/www.europesays.com\/es\/wp-json\/wp\/v2\/media?parent=247410"}],"wp:term":[{"taxonomy":"category","embeddable":true,"href":"https:\/\/www.europesays.com\/es\/wp-json\/wp\/v2\/categories?post=247410"},{"taxonomy":"post_tag","embeddable":true,"href":"https:\/\/www.europesays.com\/es\/wp-json\/wp\/v2\/tags?post=247410"}],"curies":[{"name":"wp","href":"https:\/\/api.w.org\/{rel}","templated":true}]}}