{"id":247414,"date":"2025-11-21T03:20:23","date_gmt":"2025-11-21T03:20:23","guid":{"rendered":"https:\/\/www.europesays.com\/es\/247414\/"},"modified":"2025-11-21T03:20:23","modified_gmt":"2025-11-21T03:20:23","slug":"elon-musk-felicito-al-ceo-de-google-por-la-nueva-ia-gemini-3-este-fue-el-particular-mensaje","status":"publish","type":"post","link":"https:\/\/www.europesays.com\/es\/247414\/","title":{"rendered":"Elon Musk felicit\u00f3 al CEO de Google por la nueva IA Gemini 3: este fue el particular mensaje"},"content":{"rendered":"<p><img alt=\"Elon Musk le envi\u00f3 un\" class=\"global-image\" decoding=\"async\" fetchpriority=\"high\" height=\"1080\" loading=\"eager\" src=\"https:\/\/www.europesays.com\/es\/wp-content\/uploads\/2025\/11\/2UCJPMVFQRHBDBWBMUFPJBWDSE.png\" width=\"1920\"\/>Elon Musk le envi\u00f3 un mensaje de felicitaciones a Sundar Pichai por haber presentado de manera oficial Gemini. (X)<\/p>\n<p class=\"paragraph\"><b>Google <\/b>gener\u00f3 un enorme movimiento en redes sociales tras <a href=\"https:\/\/www.infobae.com\/tecno\/2025\/11\/18\/google-presenta-gemini-3-su-ia-mas-avanzada-y-ahora-parte-del-buscador-en-el-modo-ia\/\" target=\"_blank\" rel=\"noreferrer nofollow noopener\" title=\"https:\/\/www.infobae.com\/tecno\/2025\/11\/18\/google-presenta-gemini-3-su-ia-mas-avanzada-y-ahora-parte-del-buscador-en-el-modo-ia\/\">presentar Gemini 3, su modelo de inteligencia artificial m\u00e1s avanzado<\/a>. El anuncio vino acompa\u00f1ado de un breve pero llamativo mensaje publicado por <b>Sundar Pichai<\/b> en X, donde simplemente escribi\u00f3 \u201cGeminiii\u201d, una forma de remarcar la tercera generaci\u00f3n del sistema y, al mismo tiempo, captar la atenci\u00f3n del sector tecnol\u00f3gico.<\/p>\n<p class=\"paragraph\">La publicaci\u00f3n no tard\u00f3 en generar reacciones de todo tipo. Entre ellas destac\u00f3 la de <a href=\"https:\/\/www.infobae.com\/tag\/elon-musk\/\" target=\"_blank\" rel=\"noreferrer nofollow noopener\" title=\"https:\/\/www.infobae.com\/tag\/elon-musk\/\">Elon Musk<\/a>, CEO de xAI y uno de los <b>competidores directos de Google en la carrera por la IA<\/b>. Menos de una hora despu\u00e9s del mensaje original, Musk respondi\u00f3 con un escueto \u201cFelicitaciones\u201d, un comentario que r\u00e1pidamente se volvi\u00f3 tema de conversaci\u00f3n.<\/p>\n<p class=\"paragraph\">La breve interacci\u00f3n entre ambas figuras aliment\u00f3 diversas interpretaciones entre los usuarios. Algunos celebraron ver a dos de los empresarios m\u00e1s influyentes del mundo tecnol\u00f3gico intercambiando mensajes en la red social del fundador de Tesla.<\/p>\n<p><img alt=\"Elon Musk felicit\u00f3 a Sundar\" class=\"global-image\" decoding=\"async\" fetchpriority=\"low\" height=\"582\" loading=\"lazy\" src=\"https:\/\/www.europesays.com\/es\/wp-content\/uploads\/2025\/11\/7CKC6P7R5VBFVLQIF2IPQCOI74.png\" width=\"591\"\/>Elon Musk felicit\u00f3 a Sundar Pichai por el lanzamiento de Gemini 3.<\/p>\n<p class=\"paragraph\">A esta conversaci\u00f3n tambi\u00e9n se sum\u00f3 <b>Sam Altman<\/b>, CEO de <b>OpenAI<\/b>, quien felicit\u00f3 p\u00fablicamente a Google por el lanzamiento de Gemini 3. Su mensaje, m\u00e1s entusiasta que el de Musk, a\u00f1adi\u00f3 todav\u00eda m\u00e1s inter\u00e9s al intercambio entre las principales compa\u00f1\u00edas involucradas en el desarrollo de modelos avanzados de inteligencia artificial.<\/p>\n<p class=\"paragraph\"><b>Google <\/b>present\u00f3 oficialmente <b>Gemini 3<\/b>, la nueva generaci\u00f3n de su modelo de inteligencia artificial y el proyecto m\u00e1s ambicioso que ha desarrollado hasta la fecha. <b>La compa\u00f1\u00eda sostiene que este avance marca un punto clave en su ruta hacia sistemas m\u00e1s aut\u00f3nomos y generales<\/b>, con capacidades ampliadas para comprender contexto, razonar con mayor profundidad e interactuar de forma m\u00e1s natural. El prop\u00f3sito central es que cualquier usuario pueda transformar ideas en resultados concretos sin necesidad de procesos t\u00e9cnicos complejos.<\/p>\n<p class=\"paragraph\"><b>Sundar Pichai<\/b>, CEO de Google y Alphabet, resalt\u00f3 que el ecosistema Gemini contin\u00faa creciendo a gran velocidad y ya impulsa funciones de IA utilizadas por m\u00e1s de 2.000 millones de personas en todo el mundo. Adem\u00e1s, explic\u00f3 que la app de <b>Gemini supera los 650 millones de usuarios activos<\/b> y que m\u00e1s de 13 millones de desarrolladores trabajan con sus modelos. Estas cifras ilustran la magnitud del salto que representa Gemini 3 dentro del portafolio de productos de la compa\u00f1\u00eda.<\/p>\n<p><img alt=\"Google presenta Gemini 3, con\" class=\"global-image\" decoding=\"async\" fetchpriority=\"low\" height=\"1229\" loading=\"lazy\" src=\"https:\/\/www.europesays.com\/es\/wp-content\/uploads\/2025\/11\/V4OWLVG3OVAUVNL334DTIXWNJU.jpg\" width=\"1920\"\/>Google presenta Gemini 3, con razonamiento avanzado y la capacidad de descubrir la intenci\u00f3n de una petici\u00f3n.<\/p>\n<p class=\"paragraph\">El nuevo modelo llega con mejoras sustanciales en razonamiento multimodal, lo que le permite superar ampliamente a sus versiones anteriores en diferentes evaluaciones internas. Su capacidad para manejar texto, im\u00e1genes, audio y c\u00f3digo de forma integrada permite interpretar matices y procesar informaci\u00f3n compleja con mayor exactitud. Esto se traduce en respuestas m\u00e1s espec\u00edficas, contextuales y \u00fatiles, evitando las salidas gen\u00e9ricas que suelen mostrar otros modelos.<\/p>\n<p class=\"paragraph\">Junto con la versi\u00f3n principal se lanzan <b>Gemini 3 Pro<\/b> y <b>Gemini 3 Deep Think<\/b>, este \u00faltimo dise\u00f1ado para tareas de razonamiento avanzado que requieren mayor profundidad. Por primera vez, el Buscador de Google incorpora estas tecnolog\u00edas desde el d\u00eda del lanzamiento, habilitando experiencias enriquecidas con IA, como visualizaciones generadas en tiempo real, simulaciones din\u00e1micas y nuevas opciones educativas basadas en contenido interactivo.<\/p>\n<p class=\"paragraph\">En paralelo, Google present\u00f3 Antigravity, una plataforma orientada al desarrollo de agentes de IA con mayor capacidad para ejecutar tareas de forma aut\u00f3noma. Gracias a las funciones agentivas de Gemini 3, estos agentes pueden planificar, construir y verificar aplicaciones completas, integr\u00e1ndose directamente con herramientas como <b>AI Studio<\/b>, <b>Vertex AI<\/b> y servicios externos. Este enfoque apunta a facilitar el trabajo de desarrolladores y empresas que buscan automatizar procesos.<\/p>\n<p><img alt=\"El modo IA puede proporcionar\" class=\"global-image\" decoding=\"async\" fetchpriority=\"low\" height=\"700\" loading=\"lazy\" src=\"https:\/\/www.europesays.com\/es\/wp-content\/uploads\/2025\/11\/VE2PQKIG6ZCMFHXSPW53JBZWEA.png\" width=\"1200\"\/>El modo IA puede proporcionar respuestas m\u00e1s extensas gracias a Gemini 3. (Google)<\/p>\n<p class=\"paragraph\">Finalmente, la compa\u00f1\u00eda mostr\u00f3 Gemini Agent, una funci\u00f3n experimental que permite gestionar tareas de varios pasos \u2014como organizar correos o preparar itinerarios\u2014 con mayor control y seguridad. Google destac\u00f3 que <b>Gemini 3 fue entrenado bajo los est\u00e1ndares m\u00e1s estrictos aplicados hasta ahora en sus modelos<\/b>, incorporando m\u00faltiples capas de evaluaci\u00f3n para reducir riesgos y prevenir usos indebidos. Su despliegue ser\u00e1 gradual y llegar\u00e1 a usuarios finales, organizaciones y desarrolladores a trav\u00e9s de la app de Gemini, AI Studio, Antigravity, Vertex AI y las suscripciones de Google AI Pro y Google AI Ultra.<\/p>\n","protected":false},"excerpt":{"rendered":"Elon Musk le envi\u00f3 un mensaje de felicitaciones a Sundar Pichai por haber presentado de manera oficial Gemini.&hellip;\n","protected":false},"author":2,"featured_media":247415,"comment_status":"","ping_status":"","sticky":false,"template":"","format":"standard","meta":{"footnotes":""},"categories":[81],"tags":[119,123,124,25,24,117,121,122,23,118,120],"class_list":{"0":"post-247414","1":"post","2":"type-post","3":"status-publish","4":"format-standard","5":"has-post-thumbnail","7":"category-ciencia-y-tecnologia","8":"tag-ciencia","9":"tag-ciencia-y-tecnologia","10":"tag-cienciaytecnologia","11":"tag-es","12":"tag-espana","13":"tag-science","14":"tag-science-and-technology","15":"tag-scienceandtechnology","16":"tag-spain","17":"tag-technology","18":"tag-tecnologia"},"share_on_mastodon":{"url":"https:\/\/pubeurope.com\/@es\/115585537142517706","error":""},"_links":{"self":[{"href":"https:\/\/www.europesays.com\/es\/wp-json\/wp\/v2\/posts\/247414","targetHints":{"allow":["GET"]}}],"collection":[{"href":"https:\/\/www.europesays.com\/es\/wp-json\/wp\/v2\/posts"}],"about":[{"href":"https:\/\/www.europesays.com\/es\/wp-json\/wp\/v2\/types\/post"}],"author":[{"embeddable":true,"href":"https:\/\/www.europesays.com\/es\/wp-json\/wp\/v2\/users\/2"}],"replies":[{"embeddable":true,"href":"https:\/\/www.europesays.com\/es\/wp-json\/wp\/v2\/comments?post=247414"}],"version-history":[{"count":0,"href":"https:\/\/www.europesays.com\/es\/wp-json\/wp\/v2\/posts\/247414\/revisions"}],"wp:featuredmedia":[{"embeddable":true,"href":"https:\/\/www.europesays.com\/es\/wp-json\/wp\/v2\/media\/247415"}],"wp:attachment":[{"href":"https:\/\/www.europesays.com\/es\/wp-json\/wp\/v2\/media?parent=247414"}],"wp:term":[{"taxonomy":"category","embeddable":true,"href":"https:\/\/www.europesays.com\/es\/wp-json\/wp\/v2\/categories?post=247414"},{"taxonomy":"post_tag","embeddable":true,"href":"https:\/\/www.europesays.com\/es\/wp-json\/wp\/v2\/tags?post=247414"}],"curies":[{"name":"wp","href":"https:\/\/api.w.org\/{rel}","templated":true}]}}