{"id":247418,"date":"2025-11-21T03:22:13","date_gmt":"2025-11-21T03:22:13","guid":{"rendered":"https:\/\/www.europesays.com\/es\/247418\/"},"modified":"2025-11-21T03:22:13","modified_gmt":"2025-11-21T03:22:13","slug":"rodrigo-paz-enfrenta-su-primera-crisis-interna-destituye-a-un-ministro-en-medio-de-tensiones-con-su-vice","status":"publish","type":"post","link":"https:\/\/www.europesays.com\/es\/247418\/","title":{"rendered":"Rodrigo Paz enfrenta su primera crisis interna: destituye a un ministro en medio de tensiones con su vice"},"content":{"rendered":"<p><img alt=\"Bolivia's President Rodrigo Paz speaks\" class=\"global-image\" decoding=\"async\" fetchpriority=\"high\" height=\"3337\" loading=\"eager\" src=\"https:\/\/www.europesays.com\/es\/wp-content\/uploads\/2025\/11\/PFSTNEY4XVEKZEBEEUG6367364.JPG\" width=\"5013\"\/>Bolivia&#8217;s President Rodrigo Paz speaks after a swearing-in ceremony for new cabinet members, in La Paz, Bolivia, November 9, 2025. REUTERS\/Claudia Morales<\/p>\n<p class=\"paragraph\">Rodrigo Paz capea<b> la primera crisis interna de su Gobierno. <\/b>Este jueves destituy\u00f3 a <b>Freddy Vidovic, que hace menos de dos semanas hab\u00eda sido designado ministro de Justicia<\/b>, y en su lugar posesion\u00f3 a <b>Jorge Garc\u00eda Pinto<\/b>, un abogado con trayectoria en gesti\u00f3n p\u00fablica que cumpl\u00eda funciones como viceministro de R\u00e9gimen Interior y Polic\u00eda. <\/p>\n<p class=\"paragraph\">La determinaci\u00f3n se da en medio de una controversia por <b>una sentencia condenatoria contra Vidovic.<\/b> La noche del mi\u00e9rcoles, el ministro de Gobierno (Interior), Marco Antonio Oviedo, confirm\u00f3 que el ahora exministro Vidovic tiene una sentencia de tres a\u00f1os de c\u00e1rcel y que por lo tanto \u201c<b>tiene sus derechos conculcados\u201d, con lo que no puede ejercer ning\u00fan cargo p\u00fablico<\/b>.<\/p>\n<p class=\"paragraph\">\u201c<b>Esta nota la estoy poniendo en conocimiento del presidente Rodrigo Paz<\/b>\u201d, afirm\u00f3 Oviedo ayer, dando a entender la inminencia del relevo.<\/p>\n<p class=\"paragraph\">Seg\u00fan los medios locales, Vidovic hab\u00eda manifestado en sus redes sociales que <b>sent\u00eda \u201cprofunda preocupaci\u00f3n y rechazo a las presiones que se est\u00e1n ejerciendo para que renuncie<\/b>\u201d.<\/p>\n<p><img alt=\"La Paz, Bolivia. 9 de\" class=\"global-image\" decoding=\"async\" fetchpriority=\"low\" height=\"3600\" loading=\"lazy\" src=\"https:\/\/www.europesays.com\/es\/wp-content\/uploads\/2025\/11\/75BTQLB77NF3HO3JRMNLSG7UI4.JPG\" width=\"5408\"\/>La Paz, Bolivia. 9 de noviembre de 2025. REUTERS\/Claudia Morales<\/p>\n<p class=\"paragraph\">Vidovic fue vinculado al caso del empresario peruano <b>Mart\u00edn Belaunde<\/b> y fue sentenciado en 2015 por los<b> delitos de favorecimiento a la evasi\u00f3n y cohecho activo<\/b>. En su defensa, el abogado se\u00f1al\u00f3 a trav\u00e9s de un comunicado, publicado el 10 de noviembre, que no cometi\u00f3 ning\u00fan delito y que fue forzado a declararse culpable dentro de un proceso abreviado \u201ccomo \u00fanica v\u00eda para recuperar la libertad y salvar la vida\u201d.<\/p>\n<p class=\"paragraph\">Su salida del gabinete puede profundizar a\u00fan m\u00e1s las tensiones entre Rodrigo Paz y el <b>vicepresidente Edmand Lara, para quien Vidovic hab\u00eda trabajado como abogado personal<\/b>. \u201cYo suger\u00ed su nombre, yo dije a Rodrigo Paz que \u00e9l es el hombre indicado para transformar la justicia\u201d, revel\u00f3 Lara en un video.<\/p>\n<p class=\"paragraph\">En medio de las cr\u00edticas iniciales por su designaci\u00f3n, el vicepresidente defendi\u00f3 a su exabogado y denunci\u00f3 que hab\u00eda <b>\u201cgrupos de poder\u201d que buscaban \u201capoderarse\u201d del sistema judicial mediante \u201cfalsas acusaciones\u201d. <\/b><\/p>\n<p class=\"paragraph\">El vicepresidente se\u00f1al\u00f3 entonces que Vidovic no ten\u00eda sentencia y mostr\u00f3 un certificado de antecedentes penales en el que no se registraba ninguna sentencia, lo que tambi\u00e9n pone en cuesti\u00f3n la transparencia dentro de instituciones como el <b>Registro Judicial de Antecedentes Penales<\/b>, debido a la emisi\u00f3n de certificados presuntamente adulterados. <\/p>\n<p><img alt=\"La Paz, Bolivia. 20 de\" class=\"global-image\" decoding=\"async\" fetchpriority=\"low\" height=\"3661\" loading=\"lazy\" src=\"https:\/\/www.europesays.com\/es\/wp-content\/uploads\/2025\/11\/FWYGRWVG5ZDD7FSUUKTRTHYLM4.JPG\" width=\"5500\"\/>La Paz, Bolivia. 20 de octubre de 2025. REUTERS\/Claudia Morales<\/p>\n<p class=\"paragraph\">Al mismo tiempo, el presidente Paz enfrenta otro foco de tensi\u00f3n por la creaci\u00f3n del <b>Viceministerio de Coordinaci\u00f3n Pol\u00edtica y Legislativa<\/b>, que Lara considera \u201cinconstitucional\u201d, al sostener que asume competencias propias del Vicepresidente.<\/p>\n<p class=\"paragraph\">\u201cLo que hizo Rodrigo Paz es inconstitucional. <b>Lo est\u00e1n asesorando mal, porque no puede crear un Viceministerio otorg\u00e1ndole atribuciones exclusivas del vicepresidente, tal como establece la Constituci\u00f3n.<\/b> Quiz\u00e1s, en su af\u00e1n o por el mal asesoramiento que recibe, pretende anularme, descartarme o apartarme\u201d, afirm\u00f3 en un video difundido la noche del mi\u00e9rcoles.<\/p>\n<p class=\"paragraph\">Legisladores cercanos a Lara calificaron la nueva instancia como \u201c<b>un golpe\u201d a la Vicepresidencia, y sus seguidores convocaron a una marcha en su defensa<\/b>. Sin embargo, analistas pol\u00edticos recordaron en medios locales que, en a\u00f1os previos, existi\u00f3 una direcci\u00f3n dentro del \u00d3rgano Ejecutivo encargada de funciones similares a las que ahora tendr\u00e1 el Viceministerio de Coordinaci\u00f3n Pol\u00edtica y Legislativa.<\/p>\n<p class=\"paragraph\">Con el relevo en el Ministerio de Justicia,<b> Paz busca recomponer el equilibrio interno en su Gobierno y reafirmar su autoridad<\/b>, aunque las fricciones con el vicepresidente persisten y anticipan que la crisis a\u00fan est\u00e1 lejos de resolverse.<\/p>\n","protected":false},"excerpt":{"rendered":"Bolivia&#8217;s President Rodrigo Paz speaks after a swearing-in ceremony for new cabinet members, in La Paz, Bolivia, November&hellip;\n","protected":false},"author":2,"featured_media":247419,"comment_status":"","ping_status":"","sticky":false,"template":"","format":"standard","meta":{"footnotes":""},"categories":[42],"tags":[17,18,46519,13,14,5638,11,61,62,63,64,19,20,9,10,15,16,88,757,12,21,22,65,66,67],"class_list":{"0":"post-247418","1":"post","2":"type-post","3":"status-publish","4":"format-standard","5":"has-post-thumbnail","7":"category-internacional","8":"tag-breaking-news","9":"tag-breakingnews","10":"tag-domestic","11":"tag-featured-news","12":"tag-featurednews","13":"tag-government-politics","14":"tag-headlines","15":"tag-internacional","16":"tag-international","17":"tag-international-news","18":"tag-internationalnews","19":"tag-latest-news","20":"tag-latestnews","21":"tag-news","22":"tag-noticias","23":"tag-noticias-destacadas","24":"tag-noticiasdestacadas","25":"tag-politics","26":"tag-south-america-central-america","27":"tag-titulares","28":"tag-ultimas-noticias","29":"tag-ultimasnoticias","30":"tag-world","31":"tag-world-news","32":"tag-worldnews"},"share_on_mastodon":{"url":"https:\/\/pubeurope.com\/@es\/115585544784037931","error":""},"_links":{"self":[{"href":"https:\/\/www.europesays.com\/es\/wp-json\/wp\/v2\/posts\/247418","targetHints":{"allow":["GET"]}}],"collection":[{"href":"https:\/\/www.europesays.com\/es\/wp-json\/wp\/v2\/posts"}],"about":[{"href":"https:\/\/www.europesays.com\/es\/wp-json\/wp\/v2\/types\/post"}],"author":[{"embeddable":true,"href":"https:\/\/www.europesays.com\/es\/wp-json\/wp\/v2\/users\/2"}],"replies":[{"embeddable":true,"href":"https:\/\/www.europesays.com\/es\/wp-json\/wp\/v2\/comments?post=247418"}],"version-history":[{"count":0,"href":"https:\/\/www.europesays.com\/es\/wp-json\/wp\/v2\/posts\/247418\/revisions"}],"wp:featuredmedia":[{"embeddable":true,"href":"https:\/\/www.europesays.com\/es\/wp-json\/wp\/v2\/media\/247419"}],"wp:attachment":[{"href":"https:\/\/www.europesays.com\/es\/wp-json\/wp\/v2\/media?parent=247418"}],"wp:term":[{"taxonomy":"category","embeddable":true,"href":"https:\/\/www.europesays.com\/es\/wp-json\/wp\/v2\/categories?post=247418"},{"taxonomy":"post_tag","embeddable":true,"href":"https:\/\/www.europesays.com\/es\/wp-json\/wp\/v2\/tags?post=247418"}],"curies":[{"name":"wp","href":"https:\/\/api.w.org\/{rel}","templated":true}]}}