{"id":247420,"date":"2025-11-21T03:23:28","date_gmt":"2025-11-21T03:23:28","guid":{"rendered":"https:\/\/www.europesays.com\/es\/247420\/"},"modified":"2025-11-21T03:23:28","modified_gmt":"2025-11-21T03:23:28","slug":"el-ceip-espartales-abre-para-jugar-durante-las-vacaciones-de-navidad-ayuntamiento-de-alcala-de-henares","status":"publish","type":"post","link":"https:\/\/www.europesays.com\/es\/247420\/","title":{"rendered":"El\u00a0CEIP\u00a0Espartales\u00a0abre\u00a0para\u00a0jugar\u00a0durante\u00a0las vacaciones de\u00a0Navidad\u00a0\u00a0 &#8211; Ayuntamiento de Alcal\u00e1 de Henares %"},"content":{"rendered":"<p>.- La Concejal\u00eda de Educaci\u00f3n del Ayuntamiento de Alcal\u00e1 de Henares, en colaboraci\u00f3n con la Concejal\u00eda de Igualdad, pone en marcha el Programa de Apertura de Centros Escolares durante las vacaciones de Navidad 2025\/2026, que se desarrollar\u00e1 en el CEIP Espartales, C\/ Rosal\u00eda de Castro, 3, y estar\u00e1 gestionado por Servicios Profesionales Sociales, S.A.<\/p>\n<p>El programa ofrece actividades l\u00fadicas, culturales, creativas y deportivas, adaptadas a las edades y necesidades de los participantes. El centro estar\u00e1 abierto en tres periodos: Semana 1 (d\u00edas 22, 23 y 26 de diciembre de 2025), Semana 2 (d\u00edas 29 y 30 de diciembre y d\u00eda 2 de enero de 2026) y Semana 3 (d\u00edas 5 y 7 de enero de 2026), con estancia de 9:00 a 14:00 horas y posibilidad de servicios adicionales de acogida matinal y comedor, cuyos precios var\u00edan seg\u00fan el horario.<\/p>\n<p>Las inscripciones deber\u00e1n realizarse a trav\u00e9s de la web www.spsociales.com. El plazo ya est\u00e1 abierto y finaliza a las 14:00 horas del 15 de diciembre de 2025. Para la apertura del centro se requiere un m\u00ednimo de 20 participantes y al menos 10 para los servicios de comedor y acogida matinal.<\/p>\n<p>La Concejala de Educaci\u00f3n, Lola L\u00f3pez, ha recordado que este programa es \u201cuna iniciativa municipal que pretende servir de apoyo a las familias de escolares y facilitar la conciliaci\u00f3n laboral y familiar durante los d\u00edas no lectivos\u00bb.<\/p>\n","protected":false},"excerpt":{"rendered":".- La Concejal\u00eda de Educaci\u00f3n del Ayuntamiento de Alcal\u00e1 de Henares, en colaboraci\u00f3n con la Concejal\u00eda de Igualdad,&hellip;\n","protected":false},"author":2,"featured_media":247421,"comment_status":"","ping_status":"","sticky":false,"template":"","format":"standard","meta":{"footnotes":""},"categories":[8],"tags":[63063,17,18,25,24,13,14,11,19,20,63064,9,10,15,16,23,12,21,22],"class_list":{"0":"post-247420","1":"post","2":"type-post","3":"status-publish","4":"format-standard","5":"has-post-thumbnail","7":"category-espana","8":"tag-abierto-para-jugar-en-navidad","9":"tag-breaking-news","10":"tag-breakingnews","11":"tag-es","12":"tag-espana","13":"tag-featured-news","14":"tag-featurednews","15":"tag-headlines","16":"tag-latest-news","17":"tag-latestnews","18":"tag-lola-lopez","19":"tag-news","20":"tag-noticias","21":"tag-noticias-destacadas","22":"tag-noticiasdestacadas","23":"tag-spain","24":"tag-titulares","25":"tag-ultimas-noticias","26":"tag-ultimasnoticias"},"share_on_mastodon":{"url":"https:\/\/pubeurope.com\/@es\/115585548505130087","error":""},"_links":{"self":[{"href":"https:\/\/www.europesays.com\/es\/wp-json\/wp\/v2\/posts\/247420","targetHints":{"allow":["GET"]}}],"collection":[{"href":"https:\/\/www.europesays.com\/es\/wp-json\/wp\/v2\/posts"}],"about":[{"href":"https:\/\/www.europesays.com\/es\/wp-json\/wp\/v2\/types\/post"}],"author":[{"embeddable":true,"href":"https:\/\/www.europesays.com\/es\/wp-json\/wp\/v2\/users\/2"}],"replies":[{"embeddable":true,"href":"https:\/\/www.europesays.com\/es\/wp-json\/wp\/v2\/comments?post=247420"}],"version-history":[{"count":0,"href":"https:\/\/www.europesays.com\/es\/wp-json\/wp\/v2\/posts\/247420\/revisions"}],"wp:featuredmedia":[{"embeddable":true,"href":"https:\/\/www.europesays.com\/es\/wp-json\/wp\/v2\/media\/247421"}],"wp:attachment":[{"href":"https:\/\/www.europesays.com\/es\/wp-json\/wp\/v2\/media?parent=247420"}],"wp:term":[{"taxonomy":"category","embeddable":true,"href":"https:\/\/www.europesays.com\/es\/wp-json\/wp\/v2\/categories?post=247420"},{"taxonomy":"post_tag","embeddable":true,"href":"https:\/\/www.europesays.com\/es\/wp-json\/wp\/v2\/tags?post=247420"}],"curies":[{"name":"wp","href":"https:\/\/api.w.org\/{rel}","templated":true}]}}