{"id":247424,"date":"2025-11-21T03:33:08","date_gmt":"2025-11-21T03:33:08","guid":{"rendered":"https:\/\/www.europesays.com\/es\/247424\/"},"modified":"2025-11-21T03:33:08","modified_gmt":"2025-11-21T03:33:08","slug":"desmantelamiento-en-los-lakers-joey-y-jesse-buss-despedidos","status":"publish","type":"post","link":"https:\/\/www.europesays.com\/es\/247424\/","title":{"rendered":"Desmantelamiento en los Lakers: Joey y Jesse Buss, despedidos"},"content":{"rendered":"<p class=\"\">La venta de los Lakers se cobra sus primeras v\u00edctimas. Se trata de Joey y Jesse Buss, hermanos de Jeanie e <b>hijos del legendario Jerry Buss, que se hizo con el poder de la franquicia en 1979 y falleci\u00f3 el 18 de febrero de 2013<\/b>, dando lugar a una guerra civil interna en la entidad. Ese juego de tronos particular acab\u00f3 con Jeanie haci\u00e9ndose con el poder por encima de sus familiares. La mandam\u00e1s, que ya no lo es tanto, seguir\u00e1 ligada a la entidad y ser\u00e1 el \u00faltimo miembro de la organizaci\u00f3n en salir, se produzca cuando se produzca este hecho. <b>Los Lakers han ganado 11 de sus 17 anillos bajo el mandato de los Buss<\/b>, siendo la franquicia m\u00e1s exitosa desde 1979 y la segunda en el escalaf\u00f3n hist\u00f3rico, s\u00f3lo superada por los 18 entorchados de los Celtics. <\/p>\n<p class=\"\">El cese de ambos hermanos, que ejerc\u00edan como vicepresidente de investigaci\u00f3n y desarrollo y como asistente del m\u00e1nager general, respectivamente, ocurre en medio de una reorganizaci\u00f3n del departamento de operaciones de baloncesto de los Lakers. La noticia, adelantada por el periodista Shams Charania (ESPN), <a href=\"https:\/\/as.com\/baloncesto\/nba\/un-dia-historico-la-famila-buss-vende-los-lakers-n\/\" target=\"_self\" rel=\"nofollow noopener\" title=\"https:\/\/as.com\/baloncesto\/nba\/un-dia-historico-la-famila-buss-vende-los-lakers-n\/\"><b>llega unos meses despu\u00e9s de que los angelinos fueran vendidos por 10.000 millones de d\u00f3lares (cifra hist\u00f3rica) a Mark Walter<\/b><\/a>, que es el director ejecutivo y presidente de la empresa de inversiones TWG Global y tiene participaciones en varios equipos deportivos, como Los Angeles Dodgers de la MLB, Los Angeles Sparks de la WNBA o el equipo Cadillac, que debutar\u00e1 en la F\u00f3rmula 1 en 2026.<\/p>\n<p class=\"\">La salida de Joey y Jesse no ha contado con su benepl\u00e1cito precisamente y ambos se han encargado de mostrar su disconformidad con un comunicado conjunto en el que no mencionan a su hermana: \u201cNos sentimos sumamente honrados de haber formado parte de esta organizaci\u00f3n durante las \u00faltimas 20 temporadas. <b>Gracias a la afici\u00f3n de los Lakers por acoger a nuestra familia en cada paso del camino<\/b>. Desear\u00eda que las cosas hubieran sido diferentes en cuanto a c\u00f3mo termin\u00f3 nuestra etapa con el equipo. En momentos como este, desear\u00edamos poder preguntarle a nuestro padre qu\u00e9 pensar\u00eda de todo esto\u201d, aseguran, agradeciendo lo vivido pero expresando su malestar al mismo tiempo.<\/p>\n<p>Noticias relacionadas<\/p>\n<p class=\"\">Adem\u00e1s de estos despidos, el periodista ligado a la entidad Dave McMenamin (tambi\u00e9n de la ESPN) ha asegurado que gran parte de los ojeadores de la entidad tambi\u00e9n ha sido despedido. Da\u00f1os colaterales de <a href=\"https:\/\/as.com\/baloncesto\/nba\/historico-la-nba-aprueba-la-venta-de-los-lakers-f202510-n\/\" target=\"_self\" rel=\"nofollow noopener\" title=\"https:\/\/as.com\/baloncesto\/nba\/historico-la-nba-aprueba-la-venta-de-los-lakers-f202510-n\/\"><b>una venta hist\u00f3rica que la NBA aprob\u00f3 por unanimidad el pasado 30 de octubre<\/b><\/a>, un requisito indispensable para que se cierre el proceso. Por otra parte, la situaci\u00f3n de Joey y Jesse con Jeanie es de sobra conocida, as\u00ed como los problemas que derivaron de la muerte del patriarca y la lucha por heredar una de las entidades deportivas m\u00e1s importantes del mundo. <b>Las consecuencias de la venta siguen su curso y, de momento, ya hay v\u00edctimas de la misma<\/b>. Algo que nadie puede evitar. Por mucha molestia que eso genere en seg\u00fan qui\u00e9n.<\/p>\n<p class=\"\"><b>\u00a1Tus opiniones importan!<\/b> Comenta en los art\u00edculos y suscr\u00edbete gratis a nuestra <a href=\"https:\/\/asfan.as.com\/newsletters\/\" target=\"_blank\" rel=\"nofollow noopener\" title=\"https:\/\/asfan.as.com\/newsletters\/\">newsletter<\/a> y a las alertas informativas en la <a href=\"https:\/\/as.com\/aplicacion-de-as-n\/\" target=\"_blank\" rel=\"nofollow noopener\" title=\"https:\/\/as.com\/aplicacion-de-as-n\/\">App<\/a> o el canal de <a href=\"https:\/\/www.whatsapp.com\/channel\/0029VaAasdA7j6g745nz9M10\" target=\"_blank\" rel=\"nofollow noopener\" title=\"https:\/\/www.whatsapp.com\/channel\/0029VaAasdA7j6g745nz9M10\">WhatsApp<\/a>. \u00bfBuscas licenciar contenido? Haz clic <a href=\"https:\/\/profesional.elpais.com\/soluciones-sindicacion?utm_medium=interno&amp;utm_source=crosslinking&amp;utm_campaign=sindicacion_as_pie_articulos\" target=\"_blank\" rel=\"nofollow noopener\" title=\"https:\/\/profesional.elpais.com\/soluciones-sindicacion?utm_medium=interno&amp;utm_source=crosslinking&amp;utm_campaign=sindicacion_as_pie_articulos\">aqu\u00ed<\/a><\/p>\n","protected":false},"excerpt":{"rendered":"La venta de los Lakers se cobra sus primeras v\u00edctimas. Se trata de Joey y Jesse Buss, hermanos&hellip;\n","protected":false},"author":2,"featured_media":247425,"comment_status":"","ping_status":"","sticky":false,"template":"","format":"standard","meta":{"footnotes":""},"categories":[269],"tags":[299,298,168,25,24,23,167],"class_list":{"0":"post-247424","1":"post","2":"type-post","3":"status-publish","4":"format-standard","5":"has-post-thumbnail","7":"category-baloncesto","8":"tag-baloncesto","9":"tag-basketball","10":"tag-deportes","11":"tag-es","12":"tag-espana","13":"tag-spain","14":"tag-sports"},"share_on_mastodon":{"url":"https:\/\/pubeurope.com\/@es\/115585587906845871","error":""},"_links":{"self":[{"href":"https:\/\/www.europesays.com\/es\/wp-json\/wp\/v2\/posts\/247424","targetHints":{"allow":["GET"]}}],"collection":[{"href":"https:\/\/www.europesays.com\/es\/wp-json\/wp\/v2\/posts"}],"about":[{"href":"https:\/\/www.europesays.com\/es\/wp-json\/wp\/v2\/types\/post"}],"author":[{"embeddable":true,"href":"https:\/\/www.europesays.com\/es\/wp-json\/wp\/v2\/users\/2"}],"replies":[{"embeddable":true,"href":"https:\/\/www.europesays.com\/es\/wp-json\/wp\/v2\/comments?post=247424"}],"version-history":[{"count":0,"href":"https:\/\/www.europesays.com\/es\/wp-json\/wp\/v2\/posts\/247424\/revisions"}],"wp:featuredmedia":[{"embeddable":true,"href":"https:\/\/www.europesays.com\/es\/wp-json\/wp\/v2\/media\/247425"}],"wp:attachment":[{"href":"https:\/\/www.europesays.com\/es\/wp-json\/wp\/v2\/media?parent=247424"}],"wp:term":[{"taxonomy":"category","embeddable":true,"href":"https:\/\/www.europesays.com\/es\/wp-json\/wp\/v2\/categories?post=247424"},{"taxonomy":"post_tag","embeddable":true,"href":"https:\/\/www.europesays.com\/es\/wp-json\/wp\/v2\/tags?post=247424"}],"curies":[{"name":"wp","href":"https:\/\/api.w.org\/{rel}","templated":true}]}}