{"id":247431,"date":"2025-11-21T03:38:16","date_gmt":"2025-11-21T03:38:16","guid":{"rendered":"https:\/\/www.europesays.com\/es\/247431\/"},"modified":"2025-11-21T03:38:16","modified_gmt":"2025-11-21T03:38:16","slug":"la-justicia-condena-al-primer-inocente-que-defendia-sanchez-teniamos-la-sensacion-de-que-estabamos-ganando-pero-el-mundo","status":"publish","type":"post","link":"https:\/\/www.europesays.com\/es\/247431\/","title":{"rendered":"La Justicia condena al primer &quot;inocente&quot; que defend\u00eda S\u00e1nchez: &quot;Ten\u00edamos la sensaci\u00f3n de que est\u00e1bamos ganando, pero&#8230;&quot; &#8211; El Mundo"},"content":{"rendered":"<ol>\n<li><a href=\"https:\/\/news.google.com\/rss\/articles\/CBMiekFVX3lxTE9LZnNvOS1sZlNISTZYbzBKY3hieUUzblpHS2JJblJhTk52bzdCODNld2JraFNCSGk1NVVCQnJ6QVUyQ3YtNjRsNXRILW54NHJWWXdVM0xWVnZWMkRJMHhhaG00NVVnTVRsWUxrQmhqUlp4VTFYNGp5c1NB0gF6QVVfeXFMUFVCNDQ0bHdWVmVMN2phR2VxWUdsa25NdlQ0WEVRMUtrWTJUT3ZITHZsSE8ta0xlNTlrQXdCeXFGZ0o2bDU2UHRvN1FRYjVGdzZCdHh1d0JFX3JIeU5EX0J1djNSV2M1eDAwNXp4QUR6R3dqWUdsSi1WRVE?oc=5\" target=\"_blank\" rel=\"nofollow noopener\">La Justicia condena al primer \u00abinocente\u00bb que defend\u00eda S\u00e1nchez: \u00abTen\u00edamos la sensaci\u00f3n de que est\u00e1bamos ganando, pero&#8230;\u00bb<\/a>&nbsp;&nbsp;El Mundo<\/li>\n<li><a href=\"https:\/\/news.google.com\/rss\/articles\/CBMiqgFBVV95cUxPa1NDV2xIQWtkUGJpdWxMUko0SC1EZ04tRThaYVp1XzBENDE4ZkZoTWRLdkM5NnNmWWc5VFJlSVl3dlJSSWZwalRRSXpSVWdHQ3ROVUVnR09UYkVEX29KaDUtSEttbnNBN0hnR2VaWGczcXZ4V2JUNnltVVgzTUxYc2hFbkZWM0dBLW1iM3hyUXdqSzJmSWdhX3pOMTE5SUpxbzZhZFR6REwxdw?oc=5\" target=\"_blank\" rel=\"nofollow noopener\">La negativa de la ponente a condenar a Garc\u00eda Ortiz precipit\u00f3 la difusi\u00f3n del fallo<\/a>&nbsp;&nbsp;ABC<\/li>\n<li><a href=\"https:\/\/news.google.com\/rss\/articles\/CBMi7AFBVV95cUxNanJCRlJINmlJdTI4eHRZc2Z5Z3d3QnpzU2FoYkd0NVR4dXJYMnAtVm92bUc4a09kTm9wTE1aVERsZklTOUlpa0ZUVEQ2a0xCM1h2UnFDSmh4dTJFSUVVY2JzZllBZnJMb2ZYRG1uTHBaNjdKZG1GZjJKeWFOQ3BDNG8xZXhIVy1rNDg2cTFnb092SmJUVFFrbVRBTk8xSGhBVVBFdmF4dkZFZ0FYVU9oMDlYUTR2SEViSE5CVUpQV0RUcUR1NVRISmVPVW5PZ1hOOG9MVkFBRkhfV2NHcHhNYi16b0l6QzhfcVM5Sg?oc=5\" target=\"_blank\" rel=\"nofollow noopener\">Los partidos de izquierda cargan un\u00e1nimemente contra el fallo sobre el fiscal general: \u201cGolpe judicial en toda regla\u201d<\/a>&nbsp;&nbsp;EL PA\u00cdS<\/li>\n<li><a href=\"https:\/\/news.google.com\/rss\/articles\/CBMimwFBVV95cUxOeDJ2M08zbGdudm9sT2I5QVhjc2FyMWVObnNMSjQ3M1RlMkFNdWM5WnN2V1poWVZ2VWhsMUlBUS1oMXJ1ckloMkhVTmJvNy1wOExzOVdsc3I5dzd0UXlxeE00bkNGMnRyRU42OG41UVdDbHZZMmRTeW1GRFltVW56YklVMFpZQUhDYm1DNWh1NDZSeDlMSUw5U0tsZw?oc=5\" target=\"_blank\" rel=\"nofollow noopener\">Feij\u00f3o exige a S\u00e1nchez que dimita por \u00ababuso de poder\u00bb y \u00abatacar la independencia judicial\u00bb<\/a>&nbsp;&nbsp;El Confidencial<\/li>\n<\/ol>\n","protected":false},"excerpt":{"rendered":"La Justicia condena al primer \u00abinocente\u00bb que defend\u00eda S\u00e1nchez: \u00abTen\u00edamos la sensaci\u00f3n de que est\u00e1bamos ganando, pero&#8230;\u00bb&nbsp;&nbsp;El Mundo&hellip;\n","protected":false},"author":2,"featured_media":247432,"comment_status":"","ping_status":"","sticky":false,"template":"","format":"standard","meta":{"footnotes":""},"categories":[171],"tags":[8577,146,147,25,24,44827,23,4874,214],"class_list":{"0":"post-247431","1":"post","2":"type-post","3":"status-publish","4":"format-standard","5":"has-post-thumbnail","7":"category-tv","8":"tag-alvaro-garcia-ortiz","9":"tag-entertainment","10":"tag-entretenimiento","11":"tag-es","12":"tag-espana","13":"tag-nlpremium","14":"tag-spain","15":"tag-tribunal-supremo","16":"tag-tv"},"share_on_mastodon":{"url":"https:\/\/pubeurope.com\/@es\/115585607551538105","error":""},"_links":{"self":[{"href":"https:\/\/www.europesays.com\/es\/wp-json\/wp\/v2\/posts\/247431","targetHints":{"allow":["GET"]}}],"collection":[{"href":"https:\/\/www.europesays.com\/es\/wp-json\/wp\/v2\/posts"}],"about":[{"href":"https:\/\/www.europesays.com\/es\/wp-json\/wp\/v2\/types\/post"}],"author":[{"embeddable":true,"href":"https:\/\/www.europesays.com\/es\/wp-json\/wp\/v2\/users\/2"}],"replies":[{"embeddable":true,"href":"https:\/\/www.europesays.com\/es\/wp-json\/wp\/v2\/comments?post=247431"}],"version-history":[{"count":0,"href":"https:\/\/www.europesays.com\/es\/wp-json\/wp\/v2\/posts\/247431\/revisions"}],"wp:featuredmedia":[{"embeddable":true,"href":"https:\/\/www.europesays.com\/es\/wp-json\/wp\/v2\/media\/247432"}],"wp:attachment":[{"href":"https:\/\/www.europesays.com\/es\/wp-json\/wp\/v2\/media?parent=247431"}],"wp:term":[{"taxonomy":"category","embeddable":true,"href":"https:\/\/www.europesays.com\/es\/wp-json\/wp\/v2\/categories?post=247431"},{"taxonomy":"post_tag","embeddable":true,"href":"https:\/\/www.europesays.com\/es\/wp-json\/wp\/v2\/tags?post=247431"}],"curies":[{"name":"wp","href":"https:\/\/api.w.org\/{rel}","templated":true}]}}