{"id":247445,"date":"2025-11-21T03:47:25","date_gmt":"2025-11-21T03:47:25","guid":{"rendered":"https:\/\/www.europesays.com\/es\/247445\/"},"modified":"2025-11-21T03:47:25","modified_gmt":"2025-11-21T03:47:25","slug":"el-arbol-genealogico-del-dictador-en-2025","status":"publish","type":"post","link":"https:\/\/www.europesays.com\/es\/247445\/","title":{"rendered":"el \u00e1rbol geneal\u00f3gico del dictador en 2025"},"content":{"rendered":"<p class=\"L6-news-detail__text\">El 20 de noviembre de 1975, <b><a title=\"Francisco Franco mor\u00eda\" href=\"https:\/\/www.lasexta.com\/noticias\/nacional\/murio-franco-20-noviembre-teorias-torno-fallecimiento-dictador_20251120691d7838360d0840bcea0b6d.html\" target=\"_blank\" rel=\"nofollow noopener\">Francisco Franco mor\u00eda<\/a><\/b> (oficialmente), poniendo fin a una etapa que no dio por cerrado el franquismo. Espa\u00f1a no le dio la espalda a la <b>familia Franco<\/b>, que ha mantenido sus t\u00edtulos y su fortuna, pese a algunos peque\u00f1os reveses en los \u00faltimos a\u00f1os, como fue la <b><a title=\"recuperaci\u00f3n por parte del Estado del Pazo de Meir\u00e1s\" href=\"https:\/\/www.lasexta.com\/noticias\/nacional\/franco-estan-fuera-pazo-meiras-propiedad-vuelve-estado_202012105fd21e1f59ccfa0001771e06.html\" target=\"_blank\" rel=\"nofollow noopener\">recuperaci\u00f3n por parte del Estado del Pazo de Meir\u00e1s<\/a><\/b>, 82 a\u00f1os despu\u00e9s, en 2020, o la <b><a title=\"exhumaci\u00f3n del cad\u00e1ver del dictador\" href=\"https:\/\/www.lasexta.com\/noticias\/nacional\/exhumacion-franco-imagenes_201910245db1a2950cf2bb128e27ab73.html\" target=\"_blank\" rel=\"nofollow noopener\">exhumaci\u00f3n del cad\u00e1ver del dictador<\/a><\/b> del entonces llamado Valle de los Ca\u00eddos.<\/p>\n<p class=\"L6-news-detail__text\">Aunque la mayor parte de la <b>familia directa de Franco ha ido falleciendo con los a\u00f1os<\/b>, todav\u00eda quedan muchos familiares de la rama del dictador con vida. Desde laSexta.com hacemos una <b>reconstrucci\u00f3n del \u00e1rbol geneal\u00f3gico<\/b> de la familia Franco, desde el dictador hasta la actualidad, incluidas las historias de algunos familiares &#8216;secretos&#8217; o escondidos en la historia.<\/p>\n<p class=\"L6-news-detail__text\">Del matrimonio entre Franco y Mar\u00eda del Carmen Polo y Mart\u00ednez-Vald\u00e9s, m\u00e1s conocida como <b><a title=\"Carmen Polo o &#039;la Collares&#039;\" href=\"https:\/\/www.lasexta.com\/programas\/sexta-columna\/noticias\/collares-de-perlas-obras-de-arte-abrigos-de-piel-los-sinpas-de-carmen-polo-una-mujer-acostumbrada-al-lujo_201801195a6261550cf204746771bf50.html\" target=\"_blank\" rel=\"nofollow noopener\">Carmen Polo o &#8216;la Collares&#8217;<\/a>, <\/b>s\u00f3lo naci\u00f3 una hija, <a title=\"Carmen Franco Polo\" href=\"https:\/\/www.lasexta.com\/noticias\/sociedad\/muere-carmen-franco-anos-causa-cancer_201712295a45ec290cf26563e28c3a89.html\" target=\"_blank\" rel=\"nofollow noopener\">Carmen Franco Polo<\/a>, que muri\u00f3 en 2017 a causa de un c\u00e1ncer. La hija \u00fanica del General\u00edsimo, a la que en la infancia conoc\u00edan como &#8216;Nenuca&#8217;, &#8216;Carmelilla&#8217;, &#8216;Carmencita&#8217;, &#8216;Cotota&#8217; o &#8216;Morita&#8217;, se cas\u00f3 en 1950 con <b>Crist\u00f3bal Mart\u00ednez-Bordi\u00fa y Ortega<\/b>, marqu\u00e9s de Villaverde, duque consorte de Franco y &#8216;grande de Espa\u00f1a&#8217;, conocido como el &#8216;<b>yern\u00edsimo<\/b>&#8216;. Y con \u00e9l tuvo un total de siete hijos, los <b>siete nietos de Francisco Franco<\/b>:<\/p>\n<ul class=\"L6-news-detail__list\">\n<li class=\"L6-news-detail__text\">Carmen<\/li>\n<li class=\"L6-news-detail__text\">Mar\u00eda de la O<\/li>\n<li class=\"L6-news-detail__text\">Francisco<\/li>\n<li class=\"L6-news-detail__text\">Mar\u00eda del Mar<\/li>\n<li class=\"L6-news-detail__text\">Jos\u00e9 Crist\u00f3bal<\/li>\n<li class=\"L6-news-detail__text\">Mar\u00eda de Ar\u00e1nzazu<\/li>\n<li class=\"L6-news-detail__text\">Jaime Felipe<\/li>\n<\/ul>\n<p class=\"L6-news-detail__text\">Antes de abordar la historia de los nietos de Franco (y de sus descendientes), cabe destacar que en el a\u00f1o 2007, un escritor, Fernando Gracia, public\u00f3 un libro llamado &#8216;<b>El hijo secreto de Franco<\/b>&#8216; en el que contaba que el dictador hab\u00eda tenido un <b>hijo v\u00e1stago no reconocido en Canarias<\/b>, durante su etapa de capit\u00e1n general, fruto de una relaci\u00f3n con la esposa de un teniente.<\/p>\n<p>De la &#8216;niet\u00edsima&#8217; al primero en visitar a Franco en Mingorrubio: los 7 nietos del dictadorCarmen Mart\u00ednez-Bordi\u00fa, la &#8216;niet\u00edsima&#8217;<\/p>\n<p class=\"L6-news-detail__text\">La primera de los siete nietos del dictador, <b>Mar\u00eda del Carmen Mart\u00ednez-Bordi\u00fa y Franco<\/b>, naci\u00f3 el 26 de febrero de 1951. Al ser la primera, se convirti\u00f3 en la &#8216;niet\u00edsima&#8217;. &#8216;Carmencita&#8217; era la nieta favorita de Franco, hasta el punto de que en 1960, con nueve a\u00f1os, Valencia la hizo fallera mayor. Franco la llev\u00f3 al altar en 1972, cuando contrajo matrimonio con Alfonso de Borb\u00f3n, duque de C\u00e1diz, aunque quiz\u00e1s no sab\u00eda que despu\u00e9s de esa boda vendr\u00eda un divorcio \u2014ya en democracia, pues fue el propio Franco el que derog\u00f3 el divorcio durante el franquismo\u2014 y despu\u00e9s, dos m\u00e1s.<\/p>\n<p class=\"L6-news-detail__text\">Con Alfonso de Borb\u00f3n tuvo dos hijos: el primero, Francisco de As\u00eds de Borb\u00f3n y Mart\u00ednez-Bordi\u00fa, <b>muri\u00f3 con 11 a\u00f1os en un accidente<\/b> de tr\u00e1fico. En 1974, antes de la muerte de Franco, naci\u00f3 su <b>bisnieto Luis Alfonso<\/b> Gonzalo V\u00edctor Manuel Marco de Borb\u00f3n y Mart\u00ednez-Bordi\u00fa. Luis Alfonso accedi\u00f3 a trav\u00e9s de su abuela paterna a la nacionalidad francesa y en Francia se le conoce como Louis de Bourbon. En su boda, utiliz\u00f3 el t\u00e9rmino de &#8216;Su Alteza Real&#8217; en las invitaciones \u2014algo que \u00abno sent\u00f3 muy bien a la Casa Real\u00bb, como se explica en el programa de <b><a title=\"Equipo de Investigaci\u00f3n &#039;El pr\u00edncipe de los Franco&#039;\" href=\"https:\/\/www.lasexta.com\/programas\/equipo-investigacion\/noticias\/radiografia-de-luis-alfonso-de-borbon-el-principe-de-los-franco_201910255db35e0d0cf2d4f059bdc01d.html\" target=\"_blank\" rel=\"nofollow noopener\">Equipo de Investigaci\u00f3n &#8216;El pr\u00edncipe de los Franco&#8217;<\/a><\/b>.<\/p>\n<p class=\"L6-news-detail__text\">Con su segundo marido, <b>Jean-Marie Rossi<\/b>, con el que se cas\u00f3 en 1984 \u2014y quien ten\u00eda 22 a\u00f1os m\u00e1s que ella\u2014, Carmen tuvo otra hija, <b>Mar\u00eda Cynthia Francisca Mathilda Rossi y Mart\u00ednez-Bordi\u00fa<\/b>. Cynthia Rossi recibe su tercer nombre (Francisca) por el primer hijo de la &#8216;niet\u00edsima&#8217;, fallecido en un accidente, y el cuarto (Mathilda), por otra hija de Rossi, que tambi\u00e9n falleci\u00f3 con 13 a\u00f1os en un accidente de barco. En 1995 se divorci\u00f3 y en 2006 se volvi\u00f3 a casar, esta vez con Jos\u00e9 Campos Garc\u00eda, en una boda que se convirti\u00f3 en una de las <b><a title=\"exclusivas mejor pagadas en Espa\u00f1a\" href=\"https:\/\/www.lasexta.com\/programas\/la-roca\/estas-son-exclusivas-mejor-pagadas-espana-boda-borja-thyssen-carmen-martinez-bordiu_20240708668bea27c53ff800016f9441.html\" target=\"_blank\" rel=\"nofollow noopener\">exclusivas mejor pagadas en Espa\u00f1a<\/a><\/b>. Su divorcio se firm\u00f3 en 2013 y en 2014 se conoci\u00f3 una relaci\u00f3n amorosa nueva de &#8216;Carmencita&#8217;, esta vez con el conocido como &#8216;<b><a title=\"Rey de la Chatarra\" href=\"https:\/\/www.lasexta.com\/programas\/equipo-investigacion\/video-luis-miguel-rodriguez-rey-chatarra-rompe-silencio-relacion-carmen-martinez-bordiu_2025081668a01061db588163100446bb.html\" target=\"_blank\" rel=\"nofollow noopener\">Rey de la Chatarra<\/a><\/b>&#8216; cuando \u00e9ste a\u00fan estaba casado.<\/p>\n<p class=\"L6-news-detail__text\">Carmen Mart\u00ednez-Bordi\u00fa ha sido asidua protagonista en las revistas del coraz\u00f3n y <b><a title=\"ha hecho de su vida privada su principal negocio\" href=\"https:\/\/www.lasexta.com\/programas\/sexta-columna\/noticias\/carmen-martinez-bordiu-la-nieta-favorita-de-franco-que-hizo-de-su-vida-privada-su-principal-negocio_201801195a62664f0cf204746771cb58.html\" target=\"_blank\" rel=\"nofollow noopener\">ha hecho de su vida privada su principal negocio<\/a><\/b>. En 2018, la Audiencia Nacional la conden\u00f3 a pagar <a title=\"medio mill\u00f3n de euros por eludir impuestos\" href=\"https:\/\/www.lasexta.com\/noticias\/nacional\/condenan-carmen-martinezbordiu-nieta-franco-pagar-medio-millon-eludir-impuestos_201809115b97af040cf2b0ecff3a64f4.html\" target=\"_blank\" rel=\"nofollow noopener\">medio mill\u00f3n de euros por eludir impuestos<\/a>. En 2017 conoci\u00f3 a un australiano, Timothy McKeague, muchos a\u00f1os menor que ella, y se fueron a vivir a Portugal. Aunque la relaci\u00f3n se rompi\u00f3 en 2023, ella sigue viviendo en el pa\u00eds luso, alejada del foco medi\u00e1tico.<\/p>\n<p>Mariola, la discreta nieta de Franco<\/p>\n<p class=\"L6-news-detail__text\"><b>Mar\u00eda de la O<\/b> es la segunda de los siete nietos de Franco, nacida el 19 de noviembre de 1952. Es la \u00fanica de los siete nietos que <b>nunca se ha divorciado<\/b>: m\u00e1s de medio siglo lleva casada con Rafael Ardid Villoslada. A lo largo de su vida ha sido \u00abla m\u00e1s discreta\u00bb, la \u00fanica que ha sabido \u00abmantenerse fuera de ese escaparate\u00bb de los Franco, tal y como explicaba uno de los colaboradores en un programa de <b><a title=\"Equipo de Investigaci\u00f3n sobre los negocios de los nietos de Franco\" href=\"https:\/\/www.lasexta.com\/programas\/equipo-investigacion\/negocios-nietos-franco-equipo-investigacion-empresas-hosteleria-publicidad-inmobiliarias_202312096574b41d0ec7c80001cdd2f9.html\" target=\"_blank\" rel=\"nofollow noopener\">Equipo de Investigaci\u00f3n sobre los negocios de los nietos de Franco<\/a><\/b>. La boda de Mariola, en marzo de 1974, fue la \u00faltima a la que acudi\u00f3 el dictador antes de morir. <b>Mariola es licenciada en Arquitectura<\/b>, diplomada en Pintura y se ha dedicado a la inmobiliaria, como muchos de sus familiares. Mariola y Rafael tienen tres hijos: Francisco de Borja, Jaime Rafael y Francisco Javier.<\/p>\n<p>Francis Franco, el segundo se\u00f1or de Meir\u00e1s<\/p>\n<p class=\"L6-news-detail__text\">El primer nieto var\u00f3n de Franco es <b>Francisco Franco y Mart\u00ednez-Bordi\u00fa<\/b>, m\u00e1s conocido como <a title=\"Francis Franco\" href=\"https:\/\/www.lasexta.com\/temas\/francis_franco-1\" target=\"_blank\" rel=\"nofollow noopener\">Francis Franco<\/a>, que naci\u00f3 el 9 de diciembre de 1954. Y s\u00ed, es el <b>\u00fanico de los siete nietos que lleva el <\/b><b><a title=\"apellido Franco\" href=\"https:\/\/www.lasexta.com\/programas\/sexta-columna\/noticias\/francis-franco-radiografia-del-unico-nieto-con-el-apellido-franco-abanderado-del-no-a-la-exhumacion_201909275d8e13d20cf2a3eb2f6daf10.html\" target=\"_blank\" rel=\"nofollow noopener\">apellido Franco<\/a><\/b><b> por delante<\/b>: fue el General\u00edsimo el que le orden\u00f3 modificar el orden de sus apellidos para \u00abperpetuar\u00bb la estirpe de los Franco, seg\u00fan explica El Mundo. Tras la muerte de Carmen Franco, se convirti\u00f3 en el <a title=\"cabeza de familia de los Franco\" href=\"https:\/\/www.lasexta.com\/programas\/sexta-columna\/noticias\/asi-es-francis-franco-el-nuevo-cabeza-de-familia-que-atribuye-al-dictador-la-construccion-de-la-democracia_201801195a6263310cf29cc1806e2536.html\" target=\"_blank\" rel=\"nofollow noopener\">cabeza de familia de los Franco<\/a>. Quiso ser ingeniero agr\u00f3nomo, pero acab\u00f3 estudiando Medicina, aunque nunca la ejerci\u00f3 porque se ha dedicado, principalmente, a gestionar <b>todos los negocios de la familia Franco<\/b>.<\/p>\n<p class=\"L6-news-detail__text\">Es marqu\u00e9s de Villaverde \u2014aunque su hermana Carmen quiso obtener este t\u00edtulo como primog\u00e9nita, sin \u00e9xito\u2014 y fue el segundo se\u00f1or de Meir\u00e1s hasta que en 2022 se suprimi\u00f3 este t\u00edtulo gracias a la Ley de Memoria Hist\u00f3rica. En 2014 fue juzgado por delitos de atentado contra la autoridad y la seguridad vial, por embestir a un coche de la Guardia Civil; en 2018 fue condenado por ello aunque despu\u00e9s fue absuelto por falta de pruebas. <b><a title=\"Francis Franco aleg\u00f3 que fue un empleado suyo\" href=\"https:\/\/www.lasexta.com\/noticias\/sociedad\/el-nieto-de-franco-asegura-que-fue-un-exempleado-suyo-quien-choco-contra-la-guardia-civil-en-2012-teruel_201801225a65f1220cf204746779b4f3.html\" target=\"_blank\" rel=\"nofollow noopener\">Francis Franco aleg\u00f3 que fue un empleado suyo<\/a><\/b> el que conduc\u00eda el veh\u00edculo que se vio implicado en el accidente, que tuvo lugar en Teruel. <b>Ha estado casado dos veces<\/b>, con Mar\u00eda de Suelves y Figueroa y con Miriam Guisasola Carri\u00f3n, y con ambas tuvo dos hijos: Franciso y Juan Jos\u00e9, con la primera; \u00c1lvaro y Miriam, con la segunda.<\/p>\n<p>Merry, otra nieta apartada de la vida p\u00fablica<\/p>\n<p class=\"L6-news-detail__text\">La cuarta de los siete nietos de Franco es Mar\u00eda del Mar, m\u00e1s conocida como <b>Merry<\/b>. La primera exclusiva bien pagada en Espa\u00f1a fue <b><a title=\"su boda con el periodista Jimmy Gim\u00e9nez-Arnau\" href=\"https:\/\/www.lasexta.com\/programas\/zapeando\/asi-fue-boda-jimmy-gimenezarnau-nieta-franco-juan-sanguino-revela-todos-detalles-zapeando_2024091866eafd88fcf7b3000138da27.html\" target=\"_blank\" rel=\"nofollow noopener\">su boda con el periodista Jimmy Gim\u00e9nez-Arnau<\/a><\/b>, aunque Juan Sanguino explic\u00f3 en Zapeando que la pareja fue enga\u00f1ada por el hermano de ella, Francis, que se llev\u00f3 <b>casi el 80% del dinero de la exclusiva<\/b>. Su matrimonio dur\u00f3 cuatro a\u00f1os y de \u00e9l naci\u00f3 su \u00fanica hija, Leticia. <b>Merry rehizo su vida con un empresario estadounidense<\/b>, Gregor Tamler, con quien se mud\u00f3, junto a la ni\u00f1a, a Nueva York y despu\u00e9s a las islas V\u00edrgenes, seg\u00fan recogen en MujerHoy, aunque la pareja se separ\u00f3 en 1991.<\/p>\n<p class=\"L6-news-detail__text\">En la actualidad <b>vive en Miami, alejada del foco p\u00fablico<\/b>. En Florida vive su hija Leticia, que en 2008 se cas\u00f3, en el Pazo de Meir\u00e1s, a\u00fan propiedad de los Franco, con el empresario Marcos Sagrera. El periodista Gim\u00e9nez-Arnau revel\u00f3 hace a\u00f1os que <b>no tuvo ninguna relaci\u00f3n con su hija desde sus 12 a\u00f1os<\/b>. <b><a title=\"Gim\u00e9nez-Arnau muri\u00f3 a los 80 a\u00f1os\" href=\"https:\/\/www.lasexta.com\/programas\/arusitys\/muere-80-anos-jimmy-gimenezarnau-tertuliano-habitual-prensa-rosa_2024091766e99e77b3741e0001e93c27.html\" target=\"_blank\" rel=\"nofollow noopener\">Gim\u00e9nez-Arnau muri\u00f3 a los 80 a\u00f1os<\/a><\/b> en 2024.<\/p>\n<p>Jos\u00e9 Crist\u00f3bal, el que no quiso ser arquitecto ni general<\/p>\n<p class=\"L6-news-detail__text\">Jos\u00e9 Crist\u00f3bal, el <b>quinto nieto de Franco<\/b>, naci\u00f3 el 10 de febrero de 1968, y su vida ha pasado m\u00e1s desapercibida que la de muchos de sus hermanos. Empez\u00f3 las carreras de Arquitectura y Ciencias F\u00edsicas, aunque no las termin\u00f3, y tambi\u00e9n entr\u00f3 a formar parte del Ej\u00e9rcito, aunque lo abandon\u00f3. En 1984 empez\u00f3 a salir con una presentadora canaria, Mar\u00eda Jos\u00e9 Toledo, con quien se cas\u00f3 en Nueva York. <b>Jos\u00e9 Crist\u00f3bal tambi\u00e9n acab\u00f3 divorciado<\/b>, aunque muchos a\u00f1os despu\u00e9s, en 2017, pero a lo largo de su vida como pareja tuvieron dos hijos, Daniel (1990) y Diego (1998). Ha gestionado <b>empresas como un picadero o una compa\u00f1\u00eda de producci\u00f3n publicitaria<\/b>. Cuando el mayor de sus dos hijos ten\u00eda 18 a\u00f1os, tuvo un grave accidente de moto, al chocar con un alambre en una finca.<\/p>\n<p>Arantxa, otra de las nietas desconocidas de Franco<\/p>\n<p class=\"L6-news-detail__text\">Quiz\u00e1s todo el ruido de los nietos de Franco se lo llev\u00f3 la &#8216;niet\u00edsima&#8217;, porque la mayor\u00eda de los nietos de Franco han sido mucho m\u00e1s discretos. Mar\u00eda Ar\u00e1nzazu, m\u00e1s conocida como <b>Arantxa<\/b>, ten\u00eda 13 a\u00f1os cuando muri\u00f3 el dictador, aunque eso no le impidi\u00f3 firmar, junto a sus hermanos Crist\u00f3bal, Jaime y Mariola, un <b><a title=\"manifiesto criticando el desagravio a la figura de Franco\" href=\"https:\/\/www.lasexta.com\/programas\/mas-vale-tarde\/franquistas-quitan-careta-organizan-ano-franco-recordar-50-aniversario-muerte_2025020467a27e42797cbb0001412cb1.html\" target=\"_blank\" rel=\"nofollow noopener\">manifiesto criticando el desagravio a la figura de Franco<\/a><\/b>, al que lo definen como un <b>\u00absoldado heroico\u00bb<\/b> y a su Gobierno como una \u00abverdadera reconciliaci\u00f3n entre los espa\u00f1oles\u00bb. Estudi\u00f3 Derecho, tuvo una relaci\u00f3n con un primo suyo \u2014Alejo Mart\u00ednez-Bordi\u00fa, hermano de <b><a title=\"Pocholo\" href=\"https:\/\/www.lasexta.com\/programas\/camino-casa\/pocholo-revela-que-descubrieron-tumor-concursando-reality-encontraron-timoma_20230604647c7a4fa7fe8d0001d1cc34.html\" target=\"_blank\" rel=\"nofollow noopener\">Pocholo<\/a><\/b>\u2014 aunque finalmente se cas\u00f3, en 1996, con el empresario gallego Claudio Quiroga Ferro, con quien nunca tuvo hijos. Es apoderada desde 2010 de la <b>empresa MarletMakai S.L.<\/b>, que se dedica a la gesti\u00f3n del patrimonio inmobiliario heredado de la familia Franco.<\/p>\n<p>Jaime Felipe, un nieto de Franco complicado<\/p>\n<p class=\"L6-news-detail__text\">El \u00faltimo de los <b>siete nietos de Franco es Jaime Felipe<\/b>, abogado de profesi\u00f3n. Se cas\u00f3 en 1995 con la modelo Nuria March, con la que tuvo un hijo, Jaime, que estudi\u00f3 en Reino Unido. Jaime, entre los &#8216;nietos discretos&#8217;, ha sido bastante pol\u00e9mico: en 2010 fue condenado a un a\u00f1o de prisi\u00f3n por <b>maltratar a su exnovia<\/b>, Ruth Mart\u00ednez, durante una discusi\u00f3n en un hotel de Mijas (M\u00e1laga) tres a\u00f1os antes. Ese no fue un a\u00f1o para Jaime Felipe: se vio envuelto tambi\u00e9n en un caso de tr\u00e1fico de coca\u00edna, tras una incautaci\u00f3n de un alijo de seis kilos y la detenci\u00f3n de dos personas que ten\u00edan en su poder varias tarjetas identificativas del nieto de Franco. Tambi\u00e9n ese a\u00f1o fue denunciado por un conductor que, asegura, no s\u00f3lo no se par\u00f3 a rellenar el parte del seguro tras tener un leve accidente sino que sac\u00f3 una pistola y efectu\u00f3 cuatro disparos, seg\u00fan inform\u00f3 El Pa\u00eds. En 2019, y pese a su <b>millonario patrimonio<\/b>, demand\u00f3 a March para dejar de pagar la pensi\u00f3n de su hijo Jaime al cumplir \u00e9ste la mayor\u00eda de edad, seg\u00fan inform\u00f3 entonces el diario El Mundo.<\/p>\n<p class=\"L6-news-detail__text\">En 2024, Equipo de Investigaci\u00f3n descubri\u00f3 que en p\u00e1ginas de venta de segunda mano se estaban vendiendo <b>algunos de los obsequios regalados a Franco en vida<\/b>, como un trofeo que le otorg\u00f3 la Casa Regional de Valencia, un placa de plata de Lloret de Mar o una copa entregada al dictador en Reus. El vendedor del lote era <b><a title=\"Jaime Felipe\" href=\"https:\/\/www.lasexta.com\/programas\/equipo-investigacion\/localizamos-jaime-martinezbordiu-cuando-caza-asi-reacciona-preguntarle-articulos-franco-que-vende_202404126619a1fe8e660200015c2ceb.html\" target=\"_blank\" rel=\"nofollow noopener\">Jaime Felipe<\/a><\/b>, al que el equipo de Gl\u00f2ria Serra localiz\u00f3 en abril cuando sal\u00eda de su casa para ir de caza un d\u00eda laborable. Jaime dec\u00eda que todo era falso, que hab\u00eda habido \u00abmuchos robos y extrav\u00edos\u00bb de las propiedades del dictador. Desde laSexta fue preguntado acerca de todos los objetos de Franco que estaban puestos a la venta en casas de subastas y el \u00faltimo nieto fue tajante: \u00ab<b><a title=\"Hago con mis cosas lo que quiero\" href=\"https:\/\/www.lasexta.com\/programas\/equipo-investigacion\/hago-mis-cosas-que-quiero-reaccion-nieto-franco-preguntarle-subasta-objetos-dictador_2025090868be006eee9f0221df44b117.html\" target=\"_blank\" rel=\"nofollow noopener\">Hago con mis cosas lo que quiero<\/a><\/b>\u00ab.<\/p>\n<p class=\"L6-news-detail__text\">*<b><a title=\"Sigue a laSexta en Google: la actualidad y el mejor contenido aqu\u00ed\" href=\"https:\/\/profile.google.com\/cp\/CgkvbS8wZG5xejA\" target=\"_blank\" rel=\"nofollow noopener\">Sigue a laSexta en Google: la actualidad y el mejor contenido aqu\u00ed<\/a><\/b>.<\/p>\n<p class=\"L6-support-news-video__title\">50 a\u00f1os del franquismo<\/p>\n<p>            <a href=\"https:\/\/www.lasexta.com\/noticias\/nacional\/espanoles-franco-muerto-cronologia-exacta-curiosidades-dia-que-espana-dijo-adios-dictador_20251120691f8e8aeba8bc0ece0b79c6.html\" class=\"L6-news__link\" rel=\"nofollow noopener\" target=\"_blank\"><br \/>\n                \u00abEspa\u00f1oles, Franco ha muerto\u00bb: la cronolog\u00eda exacta y curiosidades del d\u00eda que Espa\u00f1a dijo adi\u00f3s al dictador<\/p>\n<p class=\"recirculation-video-desc\">\u00bfPor qu\u00e9 es importante? 20 de noviembre de 1975. Muchos recordar\u00e1n con precisi\u00f3n d\u00f3nde estaban y qu\u00e9 estaban haciendo cuando se enteraron de que Franco hab\u00eda muerto. Europa Press fue la primera agencia en informar a las 3:20, mientras Radio Nacional comunicaba el fallecimiento del dictador \u00abpor parada card\u00edaca\u00bb a las 6:13.<\/p>\n<p>            <\/a><\/p>\n","protected":false},"excerpt":{"rendered":"El 20 de noviembre de 1975, Francisco Franco mor\u00eda (oficialmente), poniendo fin a una etapa que no dio&hellip;\n","protected":false},"author":2,"featured_media":247446,"comment_status":"","ping_status":"","sticky":false,"template":"","format":"standard","meta":{"footnotes":""},"categories":[8],"tags":[17,18,25,24,13,14,11,19,20,9,10,15,16,23,12,21,22],"class_list":{"0":"post-247445","1":"post","2":"type-post","3":"status-publish","4":"format-standard","5":"has-post-thumbnail","7":"category-espana","8":"tag-breaking-news","9":"tag-breakingnews","10":"tag-es","11":"tag-espana","12":"tag-featured-news","13":"tag-featurednews","14":"tag-headlines","15":"tag-latest-news","16":"tag-latestnews","17":"tag-news","18":"tag-noticias","19":"tag-noticias-destacadas","20":"tag-noticiasdestacadas","21":"tag-spain","22":"tag-titulares","23":"tag-ultimas-noticias","24":"tag-ultimasnoticias"},"share_on_mastodon":{"url":"https:\/\/pubeurope.com\/@es\/115585643020824129","error":""},"_links":{"self":[{"href":"https:\/\/www.europesays.com\/es\/wp-json\/wp\/v2\/posts\/247445","targetHints":{"allow":["GET"]}}],"collection":[{"href":"https:\/\/www.europesays.com\/es\/wp-json\/wp\/v2\/posts"}],"about":[{"href":"https:\/\/www.europesays.com\/es\/wp-json\/wp\/v2\/types\/post"}],"author":[{"embeddable":true,"href":"https:\/\/www.europesays.com\/es\/wp-json\/wp\/v2\/users\/2"}],"replies":[{"embeddable":true,"href":"https:\/\/www.europesays.com\/es\/wp-json\/wp\/v2\/comments?post=247445"}],"version-history":[{"count":0,"href":"https:\/\/www.europesays.com\/es\/wp-json\/wp\/v2\/posts\/247445\/revisions"}],"wp:featuredmedia":[{"embeddable":true,"href":"https:\/\/www.europesays.com\/es\/wp-json\/wp\/v2\/media\/247446"}],"wp:attachment":[{"href":"https:\/\/www.europesays.com\/es\/wp-json\/wp\/v2\/media?parent=247445"}],"wp:term":[{"taxonomy":"category","embeddable":true,"href":"https:\/\/www.europesays.com\/es\/wp-json\/wp\/v2\/categories?post=247445"},{"taxonomy":"post_tag","embeddable":true,"href":"https:\/\/www.europesays.com\/es\/wp-json\/wp\/v2\/tags?post=247445"}],"curies":[{"name":"wp","href":"https:\/\/api.w.org\/{rel}","templated":true}]}}