{"id":247469,"date":"2025-11-21T04:28:09","date_gmt":"2025-11-21T04:28:09","guid":{"rendered":"https:\/\/www.europesays.com\/es\/247469\/"},"modified":"2025-11-21T04:28:09","modified_gmt":"2025-11-21T04:28:09","slug":"marta-sanchez-desvela-cual-ha-sido-la-peor-experiencia-de-su-vida","status":"publish","type":"post","link":"https:\/\/www.europesays.com\/es\/247469\/","title":{"rendered":"Marta S\u00e1nchez desvela cu\u00e1l ha sido la peor experiencia de su vida"},"content":{"rendered":"<p><b>Marta S\u00e1nchez<\/b> ha llegado a El Hormiguero con su inconfundible fuerza esc\u00e9nica. La artista ha compartido vivencias, an\u00e9cdotas y ese car\u00e1cter arrollador que la ha convertido en un icono de la m\u00fasica en Espa\u00f1a.<\/p>\n<p>Durante la entrevista, Pablo Motos ha querido saber c\u00f3mo vivi\u00f3 el terremoto de Los \u00c1ngeles durante su estancia ah\u00ed. La cantante ha asegurado que ha sido de los momentos que m\u00e1s miedo ha pasado afirmando que, lo peor de todo era el sonido.<\/p>\n<p>Tal fue el p\u00e1nico que tuvo, que, seg\u00fan ha dicho, lleg\u00f3 a sentarse, rezar y despedirse de sus seres queridos. \u00a1Dale a play para escuchar esta aterradora an\u00e9cdota!<\/p>\n","protected":false},"excerpt":{"rendered":"Marta S\u00e1nchez ha llegado a El Hormiguero con su inconfundible fuerza esc\u00e9nica. La artista ha compartido vivencias, an\u00e9cdotas&hellip;\n","protected":false},"author":2,"featured_media":247470,"comment_status":"","ping_status":"","sticky":false,"template":"","format":"standard","meta":{"footnotes":""},"categories":[174],"tags":[255,146,147,25,24,256,23],"class_list":{"0":"post-247469","1":"post","2":"type-post","3":"status-publish","4":"format-standard","5":"has-post-thumbnail","7":"category-famosos","8":"tag-celebrities","9":"tag-entertainment","10":"tag-entretenimiento","11":"tag-es","12":"tag-espana","13":"tag-famosos","14":"tag-spain"},"share_on_mastodon":{"url":"https:\/\/pubeurope.com\/@es\/115585804068481197","error":""},"_links":{"self":[{"href":"https:\/\/www.europesays.com\/es\/wp-json\/wp\/v2\/posts\/247469","targetHints":{"allow":["GET"]}}],"collection":[{"href":"https:\/\/www.europesays.com\/es\/wp-json\/wp\/v2\/posts"}],"about":[{"href":"https:\/\/www.europesays.com\/es\/wp-json\/wp\/v2\/types\/post"}],"author":[{"embeddable":true,"href":"https:\/\/www.europesays.com\/es\/wp-json\/wp\/v2\/users\/2"}],"replies":[{"embeddable":true,"href":"https:\/\/www.europesays.com\/es\/wp-json\/wp\/v2\/comments?post=247469"}],"version-history":[{"count":0,"href":"https:\/\/www.europesays.com\/es\/wp-json\/wp\/v2\/posts\/247469\/revisions"}],"wp:featuredmedia":[{"embeddable":true,"href":"https:\/\/www.europesays.com\/es\/wp-json\/wp\/v2\/media\/247470"}],"wp:attachment":[{"href":"https:\/\/www.europesays.com\/es\/wp-json\/wp\/v2\/media?parent=247469"}],"wp:term":[{"taxonomy":"category","embeddable":true,"href":"https:\/\/www.europesays.com\/es\/wp-json\/wp\/v2\/categories?post=247469"},{"taxonomy":"post_tag","embeddable":true,"href":"https:\/\/www.europesays.com\/es\/wp-json\/wp\/v2\/tags?post=247469"}],"curies":[{"name":"wp","href":"https:\/\/api.w.org\/{rel}","templated":true}]}}