{"id":247500,"date":"2025-11-21T05:04:31","date_gmt":"2025-11-21T05:04:31","guid":{"rendered":"https:\/\/www.europesays.com\/es\/247500\/"},"modified":"2025-11-21T05:04:31","modified_gmt":"2025-11-21T05:04:31","slug":"portal-de-noticias-del-gobierno-de-canarias-315","status":"publish","type":"post","link":"https:\/\/www.europesays.com\/es\/247500\/","title":{"rendered":"Portal de Noticias del Gobierno de Canarias"},"content":{"rendered":"<blockquote>\n<p>La iniciativa reunir\u00e1 a instituciones, empresas y expertos los d\u00edas 1 y 2 de diciembre en Las Palmas de Gran Canaria<\/p>\n<\/blockquote>\n<p><strong>La Consejer\u00eda de Obras P\u00fablicas, Vivienda y Movilidad del Gobierno de Canarias celebrar\u00e1 los pr\u00f3ximos 1 y 2 de diciembre el I Congreso de Vivienda de Canarias, en Las Palmas de Gran Canaria, un encuentro que nace con el prop\u00f3sito de convertirse en el principal punto de referencia del sector de la vivienda en el Archipi\u00e9lago, promoviendo la colaboraci\u00f3n y la b\u00fasqueda de soluciones compartidas ante los nuevos desaf\u00edos en materia de acceso a la vivienda.\u00a0<\/strong><\/p>\n<p>El consejero Pablo Rodr\u00edguez participar\u00e1 en la inauguraci\u00f3n oficial junto al presidente del Gobierno de Canarias, Fernando Clavijo, en un acto que tendr\u00e1 dos jornadas de debate con m\u00e1s de 40 ponentes y expertos de primer nivel.<\/p>\n<p>Bajo el lema \u201cSostenibilidad, innovaci\u00f3n y colaboraci\u00f3n\u201d, el Congreso abordar\u00e1 las oportunidades que ofrece el nuevo contexto normativo. Adem\u00e1s, reunir\u00e1 a representantes de instituciones p\u00fablicas, empresas del sector, universidades, colegios profesionales y entidades del tercer sector, consolid\u00e1ndose como un espacio de di\u00e1logo entre todos los agentes implicados.<\/p>\n<p>El programa incluye mesas redondas, conferencias y talleres sobre temas clave como el nuevo marco legal para el acceso a la vivienda, la gesti\u00f3n del suelo y las licencias, la industrializaci\u00f3n en la construcci\u00f3n, los modelos de financiaci\u00f3n y la colaboraci\u00f3n p\u00fablico-privada. Adem\u00e1s, se presentar\u00e1 el informe de Coyuntura del Observatorio Canario de la Vivienda, elaborado por VISOCAN, y se reconocer\u00e1n las mejores pr\u00e1cticas con los Premios a la Innovaci\u00f3n, la Sostenibilidad y la Colaboraci\u00f3n P\u00fablico-Privada en Vivienda.<\/p>\n","protected":false},"excerpt":{"rendered":"La iniciativa reunir\u00e1 a instituciones, empresas y expertos los d\u00edas 1 y 2 de diciembre en Las Palmas&hellip;\n","protected":false},"author":2,"featured_media":247501,"comment_status":"","ping_status":"","sticky":false,"template":"","format":"standard","meta":{"footnotes":""},"categories":[5],"tags":[17,18,25,24,13,14,11,19,20,9,10,15,16,23,12,21,22],"class_list":{"0":"post-247500","1":"post","2":"type-post","3":"status-publish","4":"format-standard","5":"has-post-thumbnail","7":"category-titulares","8":"tag-breaking-news","9":"tag-breakingnews","10":"tag-es","11":"tag-espana","12":"tag-featured-news","13":"tag-featurednews","14":"tag-headlines","15":"tag-latest-news","16":"tag-latestnews","17":"tag-news","18":"tag-noticias","19":"tag-noticias-destacadas","20":"tag-noticiasdestacadas","21":"tag-spain","22":"tag-titulares","23":"tag-ultimas-noticias","24":"tag-ultimasnoticias"},"share_on_mastodon":{"url":"https:\/\/pubeurope.com\/@es\/115585945617387957","error":""},"_links":{"self":[{"href":"https:\/\/www.europesays.com\/es\/wp-json\/wp\/v2\/posts\/247500","targetHints":{"allow":["GET"]}}],"collection":[{"href":"https:\/\/www.europesays.com\/es\/wp-json\/wp\/v2\/posts"}],"about":[{"href":"https:\/\/www.europesays.com\/es\/wp-json\/wp\/v2\/types\/post"}],"author":[{"embeddable":true,"href":"https:\/\/www.europesays.com\/es\/wp-json\/wp\/v2\/users\/2"}],"replies":[{"embeddable":true,"href":"https:\/\/www.europesays.com\/es\/wp-json\/wp\/v2\/comments?post=247500"}],"version-history":[{"count":0,"href":"https:\/\/www.europesays.com\/es\/wp-json\/wp\/v2\/posts\/247500\/revisions"}],"wp:featuredmedia":[{"embeddable":true,"href":"https:\/\/www.europesays.com\/es\/wp-json\/wp\/v2\/media\/247501"}],"wp:attachment":[{"href":"https:\/\/www.europesays.com\/es\/wp-json\/wp\/v2\/media?parent=247500"}],"wp:term":[{"taxonomy":"category","embeddable":true,"href":"https:\/\/www.europesays.com\/es\/wp-json\/wp\/v2\/categories?post=247500"},{"taxonomy":"post_tag","embeddable":true,"href":"https:\/\/www.europesays.com\/es\/wp-json\/wp\/v2\/tags?post=247500"}],"curies":[{"name":"wp","href":"https:\/\/api.w.org\/{rel}","templated":true}]}}