{"id":247504,"date":"2025-11-21T05:13:15","date_gmt":"2025-11-21T05:13:15","guid":{"rendered":"https:\/\/www.europesays.com\/es\/247504\/"},"modified":"2025-11-21T05:13:15","modified_gmt":"2025-11-21T05:13:15","slug":"asi-ha-sido-el-primer-entrenamiento-de-funes-al-frente-del-malaga-cf","status":"publish","type":"post","link":"https:\/\/www.europesays.com\/es\/247504\/","title":{"rendered":"As\u00ed ha sido el primer entrenamiento de Funes al frente del M\u00e1laga CF"},"content":{"rendered":"<p>\t\tCompartir esta publicaci\u00f3n\t\t\t\t\t<\/p>\n<p>Hoy, jueves 20 de noviembre, el <a href=\"https:\/\/www.malagacf.com\/noticias?category=entrenamiento\" target=\"_blank\" rel=\"noopener nofollow\"><strong>M\u00e1laga CF<\/strong><\/a> ha realizado su segundo entreno semanal antes de recibir al <a href=\"https:\/\/www.merchanendirecto.es\/malaga-cf\/funes-malaga\/\" target=\"_blank\" rel=\"noopener nofollow\"><strong>Mirand\u00e9s<\/strong><\/a>, con <a href=\"https:\/\/www.merchanendirecto.es\/malaga-cf\/presentacion-funes-malaga-cf-3\/\" target=\"_blank\" rel=\"noopener nofollow\"><strong>Juanfran Funes<\/strong><\/a> como \u00fanica novedad. El ya ex t\u00e9cnico del <strong>Atl\u00e9tico Malague\u00f1o<\/strong> ha cogido las riendas del primer equipo y ha dirigido hoy su <strong>primera sesi\u00f3n<\/strong> antes del encuentro del fin de semana. Respecto a los jugadores, ninguna novedad. <strong>Juanpe<\/strong> y <strong>Darko<\/strong> contin\u00faan con su recuperaci\u00f3n tras lesionarse ambos en el partido que enfrent\u00f3 a M\u00e1laga y C\u00f3rdoba.<\/p>\n<p>El primer entrenamiento de Funes al mando del M\u00e1laga CF<\/p>\n<p>El t\u00e9cnico granadino ha podido dirigir a las 18:00 su <strong>primera sesi\u00f3n como primer entrenador del M\u00e1laga CF<\/strong> en el Anexo de La Rosaleda. El loje\u00f1o ha iniciado el entrenamiento observando a sus jugadores realizar un circuito de entrenamiento a cargo de uno de sus preparados. Mientras, <strong>Funes ha aprovechado tambi\u00e9n para hablar con el resto de su cuerpo t\u00e9cnico sobre la sesi\u00f3n<\/strong>. A la hora de realizar ejercicios de t\u00e1ctica, el t\u00e9cnico se ha mostrado <strong>cercano<\/strong>, sobre todo con <strong>Izan Merino<\/strong>, con quien ha estado especialmente \u2018pesado\u2019.<\/p>\n<p>Ochoa se suma a la lista de bajas para Funes en su primer entrenamiento<\/p>\n<p>Por suerte, <strong>Funes<\/strong> ha podido contar con todas las piezas que estaban disponibles antes de su llegada a excepci\u00f3n de <strong>Ochoa<\/strong>. El irland\u00e9s se suma a la lista de bajas junto a <strong>Juanpe<\/strong> y <strong>Darko<\/strong>, adem\u00e1s de aquellas de larga duraci\u00f3n. Por parte del filial, ninguna novedad a pesar de que se podr\u00eda pensar que el ascenso de Funes pod\u00eda suponer el aterrizaje de alg\u00fan canterano m\u00e1s. El loje\u00f1o ha apostado por una <strong>l\u00ednea continuista<\/strong> y los que han completado la sesi\u00f3n de entrenamiento con ficha del <strong>Atl\u00e9tico Malague\u00f1o<\/strong> son Recio, Rafita, C\u00e9spedes y Arriaza como \u00faltima novedad.\u00e7<\/p>\n<p><img fetchpriority=\"high\" decoding=\"async\" class=\"alignnone size-medium wp-image-386864\" src=\"https:\/\/www.europesays.com\/es\/wp-content\/uploads\/2025\/11\/25-11-20-EntrenamientoFunes01-300x200.webp.webp\" alt=\"\" width=\"300\" height=\"200\"  \/><\/p>\n<p><img loading=\"lazy\" decoding=\"async\" class=\"alignnone size-medium wp-image-386865\" src=\"https:\/\/www.europesays.com\/es\/wp-content\/uploads\/2025\/11\/25-11-20-EntrenamientoFunes02-300x200.webp.webp\" alt=\"\" width=\"300\" height=\"200\"  \/><\/p>\n<p><img loading=\"lazy\" decoding=\"async\" class=\"alignnone size-medium wp-image-386861\" src=\"https:\/\/www.europesays.com\/es\/wp-content\/uploads\/2025\/11\/25-11-20-EntrenamientoFunes03-300x200.webp.webp\" alt=\"As\u00ed ha sido el primer entrenamiento de Funes al frente del M\u00e1laga CF\" width=\"300\" height=\"200\"  \/><\/p>\n","protected":false},"excerpt":{"rendered":"Compartir esta publicaci\u00f3n Hoy, jueves 20 de noviembre, el M\u00e1laga CF ha realizado su segundo entreno semanal antes&hellip;\n","protected":false},"author":2,"featured_media":247505,"comment_status":"","ping_status":"","sticky":false,"template":"","format":"standard","meta":{"footnotes":""},"categories":[268],"tags":[168,25,24,280,282,281,23,167],"class_list":{"0":"post-247504","1":"post","2":"type-post","3":"status-publish","4":"format-standard","5":"has-post-thumbnail","7":"category-futbol","8":"tag-deportes","9":"tag-es","10":"tag-espana","11":"tag-football","12":"tag-futbol","13":"tag-soccer","14":"tag-spain","15":"tag-sports"},"share_on_mastodon":{"url":"https:\/\/pubeurope.com\/@es\/115585981935908391","error":""},"_links":{"self":[{"href":"https:\/\/www.europesays.com\/es\/wp-json\/wp\/v2\/posts\/247504","targetHints":{"allow":["GET"]}}],"collection":[{"href":"https:\/\/www.europesays.com\/es\/wp-json\/wp\/v2\/posts"}],"about":[{"href":"https:\/\/www.europesays.com\/es\/wp-json\/wp\/v2\/types\/post"}],"author":[{"embeddable":true,"href":"https:\/\/www.europesays.com\/es\/wp-json\/wp\/v2\/users\/2"}],"replies":[{"embeddable":true,"href":"https:\/\/www.europesays.com\/es\/wp-json\/wp\/v2\/comments?post=247504"}],"version-history":[{"count":0,"href":"https:\/\/www.europesays.com\/es\/wp-json\/wp\/v2\/posts\/247504\/revisions"}],"wp:featuredmedia":[{"embeddable":true,"href":"https:\/\/www.europesays.com\/es\/wp-json\/wp\/v2\/media\/247505"}],"wp:attachment":[{"href":"https:\/\/www.europesays.com\/es\/wp-json\/wp\/v2\/media?parent=247504"}],"wp:term":[{"taxonomy":"category","embeddable":true,"href":"https:\/\/www.europesays.com\/es\/wp-json\/wp\/v2\/categories?post=247504"},{"taxonomy":"post_tag","embeddable":true,"href":"https:\/\/www.europesays.com\/es\/wp-json\/wp\/v2\/tags?post=247504"}],"curies":[{"name":"wp","href":"https:\/\/api.w.org\/{rel}","templated":true}]}}