{"id":247506,"date":"2025-11-21T05:14:15","date_gmt":"2025-11-21T05:14:15","guid":{"rendered":"https:\/\/www.europesays.com\/es\/247506\/"},"modified":"2025-11-21T05:14:15","modified_gmt":"2025-11-21T05:14:15","slug":"es-vivir-en-permanente-alerta","status":"publish","type":"post","link":"https:\/\/www.europesays.com\/es\/247506\/","title":{"rendered":"Es vivir en permanente alerta"},"content":{"rendered":"<p><a title=\"Sonsoles \u00d3nega \" href=\"https:\/\/www.larazon.es\/gente\/famosos\/sonsoles-onega-devastada-muerte-javier-cid-despide-companero-vuela-bonito-amigo-reciente-inolvidable_2025082368a98ed36dcbcd3be23cc707.html\" target=\"_blank\" rel=\"nofollow noopener\">Sonsoles \u00d3nega <\/a>ha roto con la discreci\u00f3n que tanto le caracteriza en lo que respecta a su vida privada y ha hablado como nunca sobre la enfermedad de su hijo durante un evento organizado por El Club de Malasmadres, en colaboraci\u00f3n con la Federaci\u00f3n Espa\u00f1ola de Diabetes (FEDE) y la plataforma &#8216;Crecer Sin Diabetes. Su reto\u00f1o fue diagnosticado en 2016 de diabetes tipo 1 y <b>la periodista ha hablado de c\u00f3mo es convivir con esta enfermedad autoinmune. <\/b><\/p>\n<p>El testimonio de Sonsoles \u00d3nega<\/p>\n<p>Tal y como ha desvelado, gran parte de su d\u00eda lo dedica a estar pendiente de su hijo. \u00abEs vivir en permanente alerta. Est\u00e1s casi obsesivamente mirando el tel\u00e9fono m\u00f3vil porque hoy en d\u00eda ya hay dispositivos que te conectan al cuerpo de tu hijo y est\u00e1s permanentemente viendo su evoluci\u00f3n en momentos muy determinados del d\u00eda, cuando llegas a casa, cuando sale del cole, cuando va a empezar a cenar&#8230;<b> Y bueno, te hace, no dir\u00e9 vivir con m\u00e1s miedo del que una madre ya tiene, pero s\u00ed con una nueva alerta que cada minuto te est\u00e1 saltando\u00bb<\/b>, ha confesado \u00d3nega.<\/p>\n<p><img decoding=\"async\" loading=\"lazy\" src=\"https:\/\/www.europesays.com\/es\/wp-content\/uploads\/2025\/11\/sonsoles-onega_58.jpg\" alt=\"Sonsoles \u00d3nega\" width=\"1920\" height=\"1231\"\/><b>Sonsoles \u00d3nega<\/b>Gtres<\/p>\n<p>\u00abLo complica todo. Porque hasta que le coges el ritmo y entiendes lo que es la diabetes tipo 1 y el efecto que los alimentos tienen en el cuerpo de tu hijo, pues es un problema a\u00f1adido\u00bb, ha explicado sobre c\u00f3mo es convivir diariamente con esta enfermedad, a\u00f1adiendo que <b>\u00abes un problema del que nadie es muy consciente hasta que no lo vive o que lo sufre, as\u00ed que es un check m\u00e1s en el listado de los asuntos de los que se encarga una madre\u00bb. <\/b><\/p>\n<p>Diagn\u00f3stico de su hijo<\/p>\n<p>En una entrevista, Sonsoles \u00d3nega revel\u00f3 c\u00f3mo fue su hijo diagnosticado. La presentadora lo llev\u00f3 al m\u00e9dico porque \u00ab<b>ten\u00eda ganas de hacer pip\u00ed todo el rato y mucha sed permanentemente\u00bb<\/b>. Antes llegar al centro, la ganadora del Premio Planeta le dio un batido de chocolate y, al realizarle las prueba del az\u00facar, dio m\u00e1s de 500, motivo por el que tuvo que ser ingresado.<\/p>\n<p>La vida de Sonsoles y su familia cambi\u00f3 tras el diagnostico. <b>\u00abUn hijo enfermo es lo peor que a una persona le puede pasar. La enfermedad la vives de otra manera porque no solo te afecta a ti, sino a todo el equipo que somos\u00bb, expres\u00f3 la periodista.<\/b><\/p>\n","protected":false},"excerpt":{"rendered":"Sonsoles \u00d3nega ha roto con la discreci\u00f3n que tanto le caracteriza en lo que respecta a su vida&hellip;\n","protected":false},"author":2,"featured_media":247507,"comment_status":"","ping_status":"","sticky":false,"template":"","format":"standard","meta":{"footnotes":""},"categories":[174],"tags":[255,146,147,25,24,256,23],"class_list":{"0":"post-247506","1":"post","2":"type-post","3":"status-publish","4":"format-standard","5":"has-post-thumbnail","7":"category-famosos","8":"tag-celebrities","9":"tag-entertainment","10":"tag-entretenimiento","11":"tag-es","12":"tag-espana","13":"tag-famosos","14":"tag-spain"},"share_on_mastodon":{"url":"https:\/\/pubeurope.com\/@es\/115585985081792103","error":""},"_links":{"self":[{"href":"https:\/\/www.europesays.com\/es\/wp-json\/wp\/v2\/posts\/247506","targetHints":{"allow":["GET"]}}],"collection":[{"href":"https:\/\/www.europesays.com\/es\/wp-json\/wp\/v2\/posts"}],"about":[{"href":"https:\/\/www.europesays.com\/es\/wp-json\/wp\/v2\/types\/post"}],"author":[{"embeddable":true,"href":"https:\/\/www.europesays.com\/es\/wp-json\/wp\/v2\/users\/2"}],"replies":[{"embeddable":true,"href":"https:\/\/www.europesays.com\/es\/wp-json\/wp\/v2\/comments?post=247506"}],"version-history":[{"count":0,"href":"https:\/\/www.europesays.com\/es\/wp-json\/wp\/v2\/posts\/247506\/revisions"}],"wp:featuredmedia":[{"embeddable":true,"href":"https:\/\/www.europesays.com\/es\/wp-json\/wp\/v2\/media\/247507"}],"wp:attachment":[{"href":"https:\/\/www.europesays.com\/es\/wp-json\/wp\/v2\/media?parent=247506"}],"wp:term":[{"taxonomy":"category","embeddable":true,"href":"https:\/\/www.europesays.com\/es\/wp-json\/wp\/v2\/categories?post=247506"},{"taxonomy":"post_tag","embeddable":true,"href":"https:\/\/www.europesays.com\/es\/wp-json\/wp\/v2\/tags?post=247506"}],"curies":[{"name":"wp","href":"https:\/\/api.w.org\/{rel}","templated":true}]}}