{"id":247514,"date":"2025-11-21T05:21:08","date_gmt":"2025-11-21T05:21:08","guid":{"rendered":"https:\/\/www.europesays.com\/es\/247514\/"},"modified":"2025-11-21T05:21:08","modified_gmt":"2025-11-21T05:21:08","slug":"el-progreso-en-investigacion-del-cancer-de-pancreas-permite-que-sea-uno-de-los-tumores-mejor-conocidos-molecularmente","status":"publish","type":"post","link":"https:\/\/www.europesays.com\/es\/247514\/","title":{"rendered":"El progreso en investigaci\u00f3n del c\u00e1ncer de p\u00e1ncreas permite que sea \u00abuno de los tumores mejor conocidos\u00bb molecularmente"},"content":{"rendered":"<p>    MADRID 20 Nov. (EUROPA PRESS) &#8211; <\/p>\n<p>   El progreso realizado en los \u00faltimos 20 a\u00f1os en la investigaci\u00f3n sobre el c\u00e1ncer de p\u00e1ncreas ha permitido que sea \u00abuno de los tumores mejor conocidos\u00bb a nivel molecular, tal y como han expuesto el jefe del grupo de Oncolog\u00eda Experimental del Centro Nacional de Investigaciones Oncol\u00f3gicas (CNIO), Mariano Barbacid, y la investigadora en el mismo centro Carmen Guerra.<\/p>\n<p>   Los investigadores han subrayado que el progreso en investigaci\u00f3n en el mismo periodo ha sido \u00abimpresionante\u00bb y que, si bien a\u00fan no se han aprobado terapias personalizadas o de inmunoterapia, el panorama est\u00e1 empezando \u00aba cambiar\u00bb tras medio siglo sin nuevas estrategias terap\u00e9uticas.<\/p>\n<p>   Entre estas nuevas opciones se encuentran los primeros f\u00e1rmacos dirigidos contra el oncog\u00e9n KRAS, mutado en el 90 por ciento de los pacientes con el c\u00e1ncer de p\u00e1ncreas m\u00e1s com\u00fan, y que ya est\u00e1n siendo probados, logrando una eficacia \u00abmodesta\u00bb pero que permite abrir una \u00abvaliosa v\u00eda\u00bb para avanzar en dianas espec\u00edficas de los tumores de p\u00e1ncreas que sean eficaces y que no presenten toxicidad.<\/p>\n<p>   \u00abLos inhibidores de KRAS est\u00e1n dando mejores resultados que la quimioterapia, pero al final se desarrollan resistencias. Por eso nosotros investigamos el mecanismo molecular de estas resistencias, para aprender a vencerlas\u00bb, ha expresado Guerra, con motivo del D\u00eda Mundial de C\u00e1ncer de P\u00e1ncreas, que se conmemora este jueves.<\/p>\n<p>   Por su parte, el investigador del CNIO y presidente de la Alianza de Investigaci\u00f3n en C\u00e1ncer de P\u00e1ncreas en Espa\u00f1a (ALIPANC), Francisco X. Real, ha expresado que la falta de avances cl\u00ednicos durante d\u00e9cadas hizo que pocos j\u00f3venes escogiesen el c\u00e1ncer de p\u00e1ncreas como \u00e1rea de investigaci\u00f3n, al verlo como \u00abun reto inabordable\u00bb y \u00abdemasiado dif\u00edcil\u00bb, una situaci\u00f3n que est\u00e1 cambiando.<\/p>\n<p>   Tanto las mejoras en los modelos animales como otros avances han atra\u00eddo a \u00abuna generaci\u00f3n de j\u00f3venes, muy especialmente en Espa\u00f1a, brillantes y con toda la disposici\u00f3n a conjuntar la investigaci\u00f3n b\u00e1sica con la traslacional, para el beneficio de los pacientes\u00bb.<\/p>\n<p>   A pesar de todo, el c\u00e1ncer de p\u00e1ncreas contin\u00faa siendo uno de los principales retos para la oncolog\u00eda, sobre todo si se tiene en cuenta que su incidencia est\u00e1 en aumento, posiblemente tambi\u00e9n en j\u00f3venes, y que su \u00edndice de supervivencia sigue siendo muy bajo.<\/p>\n<p>   Menos del 5 por ciento de los pacientes llega a vivir cinco a\u00f1os tras el diagn\u00f3stico, una situaci\u00f3n que se debe precisamente a que el tumor se suele detectar en fases avanzadas, cuando ya no es operable. Adem\u00e1s, se sigue tratando con los mismos \u00abpoco eficaces\u00bb f\u00e1rmacos que hace d\u00e9cadas.<\/p>\n<p>HACIA UN DIAGN\u00d3STICO PRECOZ<\/p>\n<p>   Es por ello por lo que los investigadores buscan avanzar hacia la prevenci\u00f3n y el diagn\u00f3stico precoz de este c\u00e1ncer, un \u00e1rea que hasta hace poco era considerada \u00abun sue\u00f1o imposible\u00bb, pues este tumor no est\u00e1 asociado a un h\u00e1bito determinante, como el caso del tabaco en el c\u00e1ncer de pulm\u00f3n, ni a alteraciones gen\u00e9ticas que aumenten su riesgo, sino que se trata del efecto conjunto de numerosos factores, algunos desconocidos.<\/p>\n<p>   Sin embargo, ya se tiene la suficiente informaci\u00f3n para que la jefa del Grupo de Epidemiolog\u00eda Gen\u00e9tica y Molecular del CNIO, N\u00faria Malats, est\u00e9 comenzando a desarrollar una aplicaci\u00f3n de uso individual que estime un riesgo personalizado.<\/p>\n<p>   Esta herramienta puede considerar si la persona tiene obesidad, diabetes o pancreatitis, si se es fumador o se consume alcohol, para integrar la informaci\u00f3n \u00abcon biomarcadores de variaci\u00f3n gen\u00e9tica que, aunque aumentan poco el riesgo, est\u00e1n ah\u00ed\u00bb y con marcadores de metilaci\u00f3n, microbioma o metaboloma, entre otros.<\/p>\n<p>   Un reciente estudio del CNIO explica c\u00f3mo una variante gen\u00e9tica en un determinado gen, el CTRB2, aumenta el riesgo de desarrollar el tumor, una variante presente en el 17 por ciento de la poblaci\u00f3n.<\/p>\n<p>   El aumento de riesgo que confiere por s\u00ed misma no es alto, pero \u00abcuando aparece junto con otros factores, como diabetes o pancreatitis, el riesgo s\u00ed podr\u00eda aumentar\u00bb, han explicado los investigadores.<\/p>\n<p>   En la actualidad no hay t\u00e9cnicas para detectar el c\u00e1ncer de p\u00e1ncreas antes de que sea letal, por lo que su desarrollo es uno de los objetivos \u00abm\u00e1s urgentes\u00bb, y en ello est\u00e1 trabajando el Grupo de Epidemiolog\u00eda Gen\u00e9tica y Molecular a trav\u00e9s del proyecto PANCAID, acr\u00f3nimo en ingl\u00e9s de &#8216;Detecci\u00f3n Inicial de C\u00e1ncer de P\u00e1ncreas mediante biopsia l\u00edquida&#8217;, un consorcio internacional de ocho pa\u00edses que busca desarrollar un an\u00e1lisis de sangre que detecte el tumor en sus fases iniciales.<\/p>\n<p>NUEVAS V\u00cdAS DE TRATAMIENTO<\/p>\n<p>   El grupo de Malats tambi\u00e9n ha desarrollado un algoritmo que predice la existencia de met\u00e1stasis a partir de im\u00e1genes del tumor primario, y con el uso de la Inteligencia Artificial (IA) se puede \u00abayudar a los cirujanos y m\u00e9dicos en la detecci\u00f3n de met\u00e1stasis\u00bb, e incidir as\u00ed directamente en la calidad de vida de los pacientes.<\/p>\n<p>    Tan solo un 20 por ciento de pacientes pueden ser intervenidos quir\u00fargicamente para curar la enfermedad, pues en la gran mayor\u00eda el c\u00e1ncer se detecta ya extendido a otros \u00f3rganos, y entonces la cirug\u00eda no est\u00e1 indicada.<\/p>\n<p>    Entre los principales problemas de este c\u00e1ncer se encuentra el hecho de determinar si hay met\u00e1stasis, y una parte importante de pacientes sufre una intervenci\u00f3n que no les beneficia porque la met\u00e1stasis no fue detectada a tiempo.<\/p>\n<p>   Por otro lado, el Grupo de Metabolismo y Se\u00f1alizaci\u00f3n Celular que dirige Alejo Efeyan busca cortocircuitar la comunicaci\u00f3n entre el tumor y el tejido a su alrededor, para bloquear el apoyo que recibe el c\u00e1ncer.<\/p>\n<p>   \u00abLas c\u00e9lulas del c\u00e1ncer de p\u00e1ncreas est\u00e1n rodeadas por m\u00faltiples c\u00e9lulas no cancerosas: c\u00e9lulas de apoyo, vasos sangu\u00edneos, nervios, c\u00e9lulas inmunitarias&#8230; (&#8230;) Para debilitar el c\u00e1ncer de p\u00e1ncreas, necesitamos descifrar los mensajes entre todas estas c\u00e9lulas, e interceptar el apoyo que recibe la c\u00e9lula cancerosa. Y luego, golpear con fuerza con una eficacia terap\u00e9utica mejorada\u00bb, ha explicado Efeyan.<\/p>\n<p>   Para ello, su equipo se encuentra investigando la relaci\u00f3n entre obesidad y el c\u00e1ncer de p\u00e1ncreas, una asociaci\u00f3n que implica \u00abuna comunicaci\u00f3n an\u00f3mala\u00bb entre las c\u00e9lulas inmunitarias llamadas macr\u00f3fagos y las c\u00e9lulas cancerosas. \u00abEstamos cerca de descifrar, y luego cortar, las rutas qu\u00edmicas de comunicaci\u00f3n\u00bb, ha concluido.<\/p>\n","protected":false},"excerpt":{"rendered":"MADRID 20 Nov. (EUROPA PRESS) &#8211; El progreso realizado en los \u00faltimos 20 a\u00f1os en la investigaci\u00f3n sobre&hellip;\n","protected":false},"author":2,"featured_media":247515,"comment_status":"","ping_status":"","sticky":false,"template":"","format":"standard","meta":{"footnotes":""},"categories":[92],"tags":[25,24,165,166,23],"class_list":{"0":"post-247514","1":"post","2":"type-post","3":"status-publish","4":"format-standard","5":"has-post-thumbnail","7":"category-salud","8":"tag-es","9":"tag-espana","10":"tag-health","11":"tag-salud","12":"tag-spain"},"share_on_mastodon":{"url":"https:\/\/pubeurope.com\/@es\/115586012999666229","error":""},"_links":{"self":[{"href":"https:\/\/www.europesays.com\/es\/wp-json\/wp\/v2\/posts\/247514","targetHints":{"allow":["GET"]}}],"collection":[{"href":"https:\/\/www.europesays.com\/es\/wp-json\/wp\/v2\/posts"}],"about":[{"href":"https:\/\/www.europesays.com\/es\/wp-json\/wp\/v2\/types\/post"}],"author":[{"embeddable":true,"href":"https:\/\/www.europesays.com\/es\/wp-json\/wp\/v2\/users\/2"}],"replies":[{"embeddable":true,"href":"https:\/\/www.europesays.com\/es\/wp-json\/wp\/v2\/comments?post=247514"}],"version-history":[{"count":0,"href":"https:\/\/www.europesays.com\/es\/wp-json\/wp\/v2\/posts\/247514\/revisions"}],"wp:featuredmedia":[{"embeddable":true,"href":"https:\/\/www.europesays.com\/es\/wp-json\/wp\/v2\/media\/247515"}],"wp:attachment":[{"href":"https:\/\/www.europesays.com\/es\/wp-json\/wp\/v2\/media?parent=247514"}],"wp:term":[{"taxonomy":"category","embeddable":true,"href":"https:\/\/www.europesays.com\/es\/wp-json\/wp\/v2\/categories?post=247514"},{"taxonomy":"post_tag","embeddable":true,"href":"https:\/\/www.europesays.com\/es\/wp-json\/wp\/v2\/tags?post=247514"}],"curies":[{"name":"wp","href":"https:\/\/api.w.org\/{rel}","templated":true}]}}