{"id":247520,"date":"2025-11-21T05:27:48","date_gmt":"2025-11-21T05:27:48","guid":{"rendered":"https:\/\/www.europesays.com\/es\/247520\/"},"modified":"2025-11-21T05:27:48","modified_gmt":"2025-11-21T05:27:48","slug":"la-comunidad-de-madrid-afianza-su-liderazgo-como-principal-ecosistema-de-startups-nacional-con-2-100-empresas-emergentes","status":"publish","type":"post","link":"https:\/\/www.europesays.com\/es\/247520\/","title":{"rendered":"La Comunidad de Madrid afianza su liderazgo como principal ecosistema de startups nacional con 2.100 empresas emergentes"},"content":{"rendered":"<p>La Comunidad de Madrid afianza su liderazgo como principal ecosistema de startups nacional con 2.100 empresas emergentes que han generado 21.000 puestos de trabajo en 2024 y una facturaci\u00f3n de 3.500 millones de euros, equivalentes al 1,2% del PIB regional, seg\u00fan refleja la Fundaci\u00f3n para el Conocimiento madri+d. La consejera de Econom\u00eda, Hacienda y Empleo, Roc\u00edo Albert, ha participado en la presentaci\u00f3n del Mapa del Emprendimiento 2025, elaborado por la plataforma de innovaci\u00f3n South Summit, celebrado en la IE Tower de la capital.<\/p>\n","protected":false},"excerpt":{"rendered":"La Comunidad de Madrid afianza su liderazgo como principal ecosistema de startups nacional con 2.100 empresas emergentes que&hellip;\n","protected":false},"author":2,"featured_media":247521,"comment_status":"","ping_status":"","sticky":false,"template":"","format":"standard","meta":{"footnotes":""},"categories":[5],"tags":[17,18,25,24,13,14,11,19,20,9,10,15,16,23,12,21,22],"class_list":{"0":"post-247520","1":"post","2":"type-post","3":"status-publish","4":"format-standard","5":"has-post-thumbnail","7":"category-titulares","8":"tag-breaking-news","9":"tag-breakingnews","10":"tag-es","11":"tag-espana","12":"tag-featured-news","13":"tag-featurednews","14":"tag-headlines","15":"tag-latest-news","16":"tag-latestnews","17":"tag-news","18":"tag-noticias","19":"tag-noticias-destacadas","20":"tag-noticiasdestacadas","21":"tag-spain","22":"tag-titulares","23":"tag-ultimas-noticias","24":"tag-ultimasnoticias"},"share_on_mastodon":{"url":"https:\/\/pubeurope.com\/@es\/115586039990568651","error":""},"_links":{"self":[{"href":"https:\/\/www.europesays.com\/es\/wp-json\/wp\/v2\/posts\/247520","targetHints":{"allow":["GET"]}}],"collection":[{"href":"https:\/\/www.europesays.com\/es\/wp-json\/wp\/v2\/posts"}],"about":[{"href":"https:\/\/www.europesays.com\/es\/wp-json\/wp\/v2\/types\/post"}],"author":[{"embeddable":true,"href":"https:\/\/www.europesays.com\/es\/wp-json\/wp\/v2\/users\/2"}],"replies":[{"embeddable":true,"href":"https:\/\/www.europesays.com\/es\/wp-json\/wp\/v2\/comments?post=247520"}],"version-history":[{"count":0,"href":"https:\/\/www.europesays.com\/es\/wp-json\/wp\/v2\/posts\/247520\/revisions"}],"wp:featuredmedia":[{"embeddable":true,"href":"https:\/\/www.europesays.com\/es\/wp-json\/wp\/v2\/media\/247521"}],"wp:attachment":[{"href":"https:\/\/www.europesays.com\/es\/wp-json\/wp\/v2\/media?parent=247520"}],"wp:term":[{"taxonomy":"category","embeddable":true,"href":"https:\/\/www.europesays.com\/es\/wp-json\/wp\/v2\/categories?post=247520"},{"taxonomy":"post_tag","embeddable":true,"href":"https:\/\/www.europesays.com\/es\/wp-json\/wp\/v2\/tags?post=247520"}],"curies":[{"name":"wp","href":"https:\/\/api.w.org\/{rel}","templated":true}]}}