{"id":247522,"date":"2025-11-21T05:33:17","date_gmt":"2025-11-21T05:33:17","guid":{"rendered":"https:\/\/www.europesays.com\/es\/247522\/"},"modified":"2025-11-21T05:33:17","modified_gmt":"2025-11-21T05:33:17","slug":"5-fichajes-2026-describen-la-guerra-por-ser-el-mejor-equipo","status":"publish","type":"post","link":"https:\/\/www.europesays.com\/es\/247522\/","title":{"rendered":"5 fichajes 2026 describen la \u00abguerra\u00bb por ser el mejor equipo"},"content":{"rendered":"<p data-start=\"236\" data-end=\"753\">Em breve, con esas fotos tan rid\u00edculas de verles con el maillot de su equipo de 2025 en medio de sus compa\u00f1eros de 2026, veremos los fichajes m\u00e1s destacados del nuevo curso en acci\u00f3n.<\/p>\n<p data-start=\"236\" data-end=\"753\">El mercado\u00a0 de 2026 ha dejado una sensaci\u00f3n clara, la lucha por ser el superequipo sigue vigente, pero para pillar a UAE hace falta mucho, incluso para igualarse con Visma, que poco a poco pierde potencial, pero sigue ah\u00ed, con dos grandes el mismo a\u00f1o.<\/p>\n<p><a class=\"wppaslink\" href=\"https:\/\/joanseguidor.com\/pas\/ccmm-valenciana\/44016\/0\" target=\"_blank\" rel=\"nofollow noopener\"><img decoding=\"async\" src=\"data:image\/svg+xml,%3Csvg%20xmlns=\" http:=\"\" alt=\"CCMM Valenciana\" border=\"0\" data-lazy-src=\"https:\/\/www.europesays.com\/es\/wp-content\/uploads\/2025\/11\/1763703194_857_tl-joanseguidorcom-1024x140-1.png\"\/><\/a><\/p>\n<p data-start=\"236\" data-end=\"753\"><strong>Cinco nombres destacan por encima del ruido<\/strong>, cada uno a su manera, cada uno movido por un tipo distinto de ambici\u00f3n.<\/p>\n<p data-start=\"755\" data-end=\"1243\"><strong>El mayor golpe lo ha dado Remco Evenepoel, que aterriza en Red Bull\u2013Bora<\/strong>\u00a0para empezar una etapa que no solo remodela su carrera, sino que obliga a mirar al equipo alem\u00e1n con otros ojos. Remco necesitaba un entorno que creyera en \u00e9l como l\u00edder total y el Bora necesitaba un s\u00edmbolo alrededor del cual construir.<\/p>\n<p data-start=\"755\" data-end=\"1243\">La apuesta es mutua, arriesgada y seductora: <strong>un corredor que quiere transformar podios en certezas<\/strong> y un equipo decidido a dejar de ser un aspirante permanente.<\/p>\n<p data-start=\"1245\" data-end=\"1719\"><strong>En paralelo, Juan Ayuso ha decidido romper cualquier comodidad<\/strong> y buscar una estructura donde el liderazgo sea un punto de partida, no una promesa condicionada.<\/p>\n<p data-start=\"1245\" data-end=\"1719\"><strong>Su llegada a Lidl\u2013Trek es una declaraci\u00f3n de intenciones<\/strong>: un ciclista que quiere mandar en una grande necesita un proyecto dise\u00f1ado para \u00e9l.<\/p>\n<p data-start=\"1245\" data-end=\"1719\">El talento lo tiene, la determinaci\u00f3n tambi\u00e9n; ahora deber\u00e1 moldear el equipo a su manera y demostrar que los destellos de estos a\u00f1os eran preludios, no excepciones.<\/p>\n<p data-start=\"1721\" data-end=\"2149\">El movimiento m\u00e1s silencioso, y quiz\u00e1 m\u00e1s inteligente, lo protagoniza <strong>Kevin Vauquelin, nuevo corredor de INEOS Grenadiers<\/strong>.<\/p>\n<p data-start=\"1721\" data-end=\"2149\">El mejor franc\u00e9s en el Tour llega para aportar algo que los brit\u00e1nicos han echado de menos este a\u00f1o, presencia en las grandes vueltas y en muchos momentos del a\u00f1o.<\/p>\n<p data-start=\"1721\" data-end=\"2149\">No es el fichaje m\u00e1s medi\u00e1tico, pero s\u00ed un movimiento \u00fatil, pues el franc\u00e9s sale del \u201cdifunto\u201d Arkea.<\/p>\n<p data-start=\"2151\" data-end=\"2490\">Otro giro interesante es el de <strong data-start=\"2182\" data-end=\"2203\">Cian Uijtdebroeks<\/strong> hacia <strong data-start=\"2210\" data-end=\"2227\">Movistar Team<\/strong>, un movimiento que, por momentos, parec\u00eda improbable.<\/p>\n<p data-start=\"2151\" data-end=\"2490\"><a href=\"https:\/\/joanseguidor.com\/cambios-gordos-y-entorno-cargado-en-movistar\/\" target=\"_blank\" rel=\"noopener nofollow\">Movistar<\/a> vuelve, tiempo despu\u00e9s, a la esfera de los fichajes sonados.<\/p>\n<p data-start=\"2151\" data-end=\"2490\">El belga necesita espacio para crecer y Movistar necesita una br\u00fajula para reconstruir su relato en las generales.<\/p>\n<p data-start=\"2151\" data-end=\"2490\"><a href=\"https:\/\/www.turismodecastellon.com\/es\/que-hacer\/rutaCicloturismo\" rel=\"nofollow noopener\" target=\"_blank\"><img loading=\"lazy\" decoding=\"async\" class=\"aligncenter wp-image-66569 size-medium\" src=\"data:image\/svg+xml,%3Csvg%20xmlns=\" http:=\"\" alt=\"\" width=\"300\" height=\"293\" data-lazy- data-lazy- data-lazy-src=\"https:\/\/www.europesays.com\/es\/wp-content\/uploads\/2025\/10\/bn-castellon-cycling-1024x1000-3-300x293.gif\"\/><\/a><\/p>\n<p data-start=\"2151\" data-end=\"2490\">Si ambos se entienden, puede ser <strong>uno de los matrimonios m\u00e1s fruct\u00edferos de los pr\u00f3ximos a\u00f1os<\/strong>.<\/p>\n<p data-start=\"2492\" data-end=\"2878\">Y entre los movimientos que pueden pasar desapercibidos, pero no deber\u00edan, aparece <strong data-start=\"2575\" data-end=\"2597\">Matthew Riccitello<\/strong>, que aterriza en <strong data-start=\"2615\" data-end=\"2645\">Decathlon<\/strong>.<\/p>\n<p data-start=\"2492\" data-end=\"2878\">El mejor joven de la Vuelta, compitiendo en el irrespirable entorno del Israel, nn escalador fino, paciente, con margen para madurar, que encaja de maravilla en la tradici\u00f3n del equipo franc\u00e9s que quiere acercarse a los grandes bloques.<\/p>\n<p data-start=\"2492\" data-end=\"2878\">No ser\u00e1 un impacto inmediato, pero s\u00ed una inversi\u00f3n de futuro que puede convertirse en sorpresa antes de lo previsto.<\/p>\n<p data-start=\"2880\" data-end=\"2990\" data-is-last-node=\"\" data-is-only-node=\"\">Cinco fichajes, cinco apuestas, cinco maneras de reescribir 2026.<\/p>\n<p data-start=\"2880\" data-end=\"2990\" data-is-last-node=\"\" data-is-only-node=\"\">El ciclismo sigue en eterno tr\u00e1nsito.<\/p>\n<p data-start=\"1938\" data-end=\"2019\">Imagen:\u00a0A.S.O.\/Charly Lopez<\/p>\n<p data-start=\"2880\" data-end=\"2990\" data-is-last-node=\"\" data-is-only-node=\"\"><strong><a href=\"https:\/\/terresdelebre.travel\/cycling\/es\/deportivo\" target=\"_blank\" rel=\"noopener nofollow\"><img loading=\"lazy\" decoding=\"async\" class=\"aligncenter\" src=\"data:image\/svg+xml,%3Csvg%20xmlns=\" http:=\"\" alt=\"\" width=\"1024\" height=\"400\" data-lazy-src=\"https:\/\/www.europesays.com\/es\/wp-content\/uploads\/2025\/10\/1024x400-cicloturisme-joanseguidor.jpg\"\/><\/a><\/strong><\/p>\n","protected":false},"excerpt":{"rendered":"Em breve, con esas fotos tan rid\u00edculas de verles con el maillot de su equipo de 2025 en&hellip;\n","protected":false},"author":2,"featured_media":14923,"comment_status":"","ping_status":"","sticky":false,"template":"","format":"standard","meta":{"footnotes":""},"categories":[273],"tags":[17697,313,312,168,25,24,2548,4657,9922,39535,7618,23,167],"class_list":{"0":"post-247522","1":"post","2":"type-post","3":"status-publish","4":"format-standard","5":"has-post-thumbnail","7":"category-ciclismo","8":"tag-cian-uijtdebroeks","9":"tag-ciclismo","10":"tag-cycling","11":"tag-deportes","12":"tag-es","13":"tag-espana","14":"tag-featured","15":"tag-juan-ayuso","16":"tag-kevin-vauquelin","17":"tag-matthew-riccitello","18":"tag-remco-evenepoel","19":"tag-spain","20":"tag-sports"},"share_on_mastodon":{"url":"https:\/\/pubeurope.com\/@es\/115586059686764298","error":""},"_links":{"self":[{"href":"https:\/\/www.europesays.com\/es\/wp-json\/wp\/v2\/posts\/247522","targetHints":{"allow":["GET"]}}],"collection":[{"href":"https:\/\/www.europesays.com\/es\/wp-json\/wp\/v2\/posts"}],"about":[{"href":"https:\/\/www.europesays.com\/es\/wp-json\/wp\/v2\/types\/post"}],"author":[{"embeddable":true,"href":"https:\/\/www.europesays.com\/es\/wp-json\/wp\/v2\/users\/2"}],"replies":[{"embeddable":true,"href":"https:\/\/www.europesays.com\/es\/wp-json\/wp\/v2\/comments?post=247522"}],"version-history":[{"count":0,"href":"https:\/\/www.europesays.com\/es\/wp-json\/wp\/v2\/posts\/247522\/revisions"}],"wp:featuredmedia":[{"embeddable":true,"href":"https:\/\/www.europesays.com\/es\/wp-json\/wp\/v2\/media\/14923"}],"wp:attachment":[{"href":"https:\/\/www.europesays.com\/es\/wp-json\/wp\/v2\/media?parent=247522"}],"wp:term":[{"taxonomy":"category","embeddable":true,"href":"https:\/\/www.europesays.com\/es\/wp-json\/wp\/v2\/categories?post=247522"},{"taxonomy":"post_tag","embeddable":true,"href":"https:\/\/www.europesays.com\/es\/wp-json\/wp\/v2\/tags?post=247522"}],"curies":[{"name":"wp","href":"https:\/\/api.w.org\/{rel}","templated":true}]}}