{"id":247525,"date":"2025-11-21T05:36:09","date_gmt":"2025-11-21T05:36:09","guid":{"rendered":"https:\/\/www.europesays.com\/es\/247525\/"},"modified":"2025-11-21T05:36:09","modified_gmt":"2025-11-21T05:36:09","slug":"el-ciutat-de-valencia-sede-definitiva-del-torrent","status":"publish","type":"post","link":"https:\/\/www.europesays.com\/es\/247525\/","title":{"rendered":"El Ciutat de Valencia, sede definitiva del Torrent"},"content":{"rendered":"<p style=\"\">Pr\u00e1cticamente 24 horas despu\u00e9s de que el <strong>Torrent CF<\/strong> comunicara oficialmente que el encuentro de la <strong>segunda eliminatoria de la Copa del Rey<\/strong> ante el <a href=\"https:\/\/www.realbetisbalompie.es\" target=\"_blank\" data-voc-vtm-id=\"in-text-traffic\" title=\"Real Betis\" data-mrf-link=\"www.realbetisbalompie.es\" rel=\"nofollow noopener\">Real Betis<\/a> se iba a disputar en el estadio Municipal San Gregorio de la localidad torrentina, finalmente  &#8230; no ser\u00e1 as\u00ed y el duelo, previsto para el <strong>mi\u00e9rcoles 3 de diciembre a partir de las 21 horas<\/strong>, con la retransmisi\u00f3n en abierto a trav\u00e9s de Teledeporte, se jugar\u00e1 en Valencia capital, en el estadio <strong>Ciutat de Valencia del Levante UD.<\/strong><\/p>\n<p class=\"voc-p\" style=\"\">La decisi\u00f3n la ha tomado el Torrent CF porque definitivamente las <strong>obras<\/strong> de adecuaci\u00f3n para poder acoger el partido de la Copa del Rey ante el Betis -y los restantes del campeonato de Segunda RFEF- <strong>no estar\u00e1n terminadas a tiempo para la fecha del 3 de diciembre<\/strong>, tal y como ha hecho p\u00fablico el conjunto torrentino en un comunicado oficial dado a conocer a trav\u00e9s de sus canales oficiales en la noche de este jueves.<\/p>\n<p class=\"voc-p\" style=\"\">\u00abEl Torrent Club de F\u00fatbol informa a sus socios, abonados, aficionados y a toda la ciudadan\u00eda que el encuentro correspondiente a la Segunda Eliminatoria de la Copa de S.M. el Rey, previsto para el Mi\u00e9rcoles 3 de diciembre de 2025 frente al Real Betis Balompi\u00e9, no podr\u00e1 disputarse en la ciudad de Torrent debido a que las obras del Estadio Municipal de San Gregorio no estar\u00e1n finalizadas a tiempo para la celebraci\u00f3n del partido.<\/p>\n<p class=\"voc-p\" style=\"\">Esta noticia, comunicada oficialmente al club por parte del Ayuntamiento de Torrent, llega tan solo 48 horas despu\u00e9s de la confirmaci\u00f3n por parte del consistorio de que el encuentro podr\u00eda celebrarse en San Gregorio, lo que supone un golpe especialmente duro para todos. Para el club, para nuestros jugadores, para nuestras familias y sobre todo, para una afici\u00f3n que llevaba a\u00f1os so\u00f1ando con vivir un partido as\u00ed en su propio estadio. Un encuentro hist\u00f3rico, el m\u00e1s importante en los 104 a\u00f1os de vida del Torrent CF, que merec\u00eda jugarse en nuestra casa y ante nuestro pueblo.<\/p>\n<p class=\"voc-p\" style=\"\">Durante las \u00faltimas horas, el club ha llevado a cabo gestiones intensas y urgentes, contactando con varios clubes de la ciudad de Val\u00e8ncia con el objetivo de asegurar un estadio que permitiera acoger un evento de esta magnitud. Despu\u00e9s de valorar todas las opciones disponibles y tras la reuni\u00f3n mantenida con la Concejal\u00eda de Deportes del Ayuntamiento de Torrent, confirmamos que:<\/p>\n<p class=\"voc-p\" style=\"\">El partido se disputar\u00e1 en el Estadio Ciutat de Val\u00e8ncia, instalaci\u00f3n que re\u00fane todas las garant\u00edas necesarias para acoger un encuentro de esta dimensi\u00f3n y que permitir\u00e1 a la afici\u00f3n del Torrent CF acompa\u00f1ar al equipo en una fecha tan se\u00f1alada.<\/p>\n<p class=\"voc-p\" style=\"\">No poder vivir este partido en Torrent no es solo una contrariedad deportiva: es una derrota emocional para toda la ciudad. Para generaciones de aficionados que han crecido en las gradas de San Gregorio; para las m\u00e1s de 1.200 familias que forman nuestra cantera; para todos aquellos que han defendido este escudo dentro y fuera del campo.<\/p>\n<p class=\"voc-p\" style=\"\">La ilusi\u00f3n de ver San Gregorio vestido de gala, de escuchar el rugido de nuestro p\u00fablico en cada jugada, de vivir una noche hist\u00f3rica en nuestra casa\u2026 es algo que no podr\u00e1 ser. Entendemos y compartimos el sentimiento de tristeza y desilusi\u00f3n que recorre hoy a toda la familia naranja.<\/p>\n<p class=\"voc-p\" style=\"\">Aun as\u00ed, queremos dejar claro que este club, su gente y esta ciudad no se rinden.<\/p>\n<p class=\"voc-p\" style=\"\">Si no podemos jugar en Torrent, Torrent viajar\u00e1 con nosotros.<\/p>\n<p class=\"voc-p\" style=\"\">En breve se comunicar\u00e1 el procedimiento de venta de entradas, as\u00ed como toda la informaci\u00f3n sobre accesos, sectores, movilidad y organizaci\u00f3n del encuentro en el Ciutat de Val\u00e8ncia.<\/p>\n<p class=\"voc-p\" style=\"\">Sabemos que no es donde quer\u00edamos estar, pero estamos seguros de que, juntos, haremos que ese estadio sienta lo mismo que sentimos en San Gregorio\u00ab.<\/p>\n","protected":false},"excerpt":{"rendered":"Pr\u00e1cticamente 24 horas despu\u00e9s de que el Torrent CF comunicara oficialmente que el encuentro de la segunda eliminatoria&hellip;\n","protected":false},"author":2,"featured_media":247526,"comment_status":"","ping_status":"","sticky":false,"template":"","format":"standard","meta":{"footnotes":""},"categories":[268],"tags":[291,12091,2493,8767,168,25,24,280,282,4569,281,23,167,53945,235],"class_list":{"0":"post-247525","1":"post","2":"type-post","3":"status-publish","4":"format-standard","5":"has-post-thumbnail","7":"category-futbol","8":"tag-betis","9":"tag-ciutat","10":"tag-copa","11":"tag-definitiva","12":"tag-deportes","13":"tag-es","14":"tag-espana","15":"tag-football","16":"tag-futbol","17":"tag-sede","18":"tag-soccer","19":"tag-spain","20":"tag-sports","21":"tag-torrent","22":"tag-valencia"},"share_on_mastodon":{"url":"https:\/\/pubeurope.com\/@es\/115586071646734110","error":""},"_links":{"self":[{"href":"https:\/\/www.europesays.com\/es\/wp-json\/wp\/v2\/posts\/247525","targetHints":{"allow":["GET"]}}],"collection":[{"href":"https:\/\/www.europesays.com\/es\/wp-json\/wp\/v2\/posts"}],"about":[{"href":"https:\/\/www.europesays.com\/es\/wp-json\/wp\/v2\/types\/post"}],"author":[{"embeddable":true,"href":"https:\/\/www.europesays.com\/es\/wp-json\/wp\/v2\/users\/2"}],"replies":[{"embeddable":true,"href":"https:\/\/www.europesays.com\/es\/wp-json\/wp\/v2\/comments?post=247525"}],"version-history":[{"count":0,"href":"https:\/\/www.europesays.com\/es\/wp-json\/wp\/v2\/posts\/247525\/revisions"}],"wp:featuredmedia":[{"embeddable":true,"href":"https:\/\/www.europesays.com\/es\/wp-json\/wp\/v2\/media\/247526"}],"wp:attachment":[{"href":"https:\/\/www.europesays.com\/es\/wp-json\/wp\/v2\/media?parent=247525"}],"wp:term":[{"taxonomy":"category","embeddable":true,"href":"https:\/\/www.europesays.com\/es\/wp-json\/wp\/v2\/categories?post=247525"},{"taxonomy":"post_tag","embeddable":true,"href":"https:\/\/www.europesays.com\/es\/wp-json\/wp\/v2\/tags?post=247525"}],"curies":[{"name":"wp","href":"https:\/\/api.w.org\/{rel}","templated":true}]}}