{"id":247527,"date":"2025-11-21T05:37:12","date_gmt":"2025-11-21T05:37:12","guid":{"rendered":"https:\/\/www.europesays.com\/es\/247527\/"},"modified":"2025-11-21T05:37:12","modified_gmt":"2025-11-21T05:37:12","slug":"carlos-bardem-da-en-la-clave-con-la-coincidencia-del-fallo-del-supremo-al-fiscal-general-y-los-50-anos-de-la-muerte-de-franco","status":"publish","type":"post","link":"https:\/\/www.europesays.com\/es\/247527\/","title":{"rendered":"Carlos Bardem da en la clave con la coincidencia del fallo del Supremo al fiscal general y los 50 a\u00f1os de la muerte de Franco"},"content":{"rendered":"<p>Con motivo de<a data-external=\"0\" data-intl-links-es=\"https:\/\/www.elplural.com\/sociedad\/tribunales\/tribunal-supremo-condena-fiscal-general-estado-revelacion-secretos_365585102\" href=\"https:\/\/www.elplural.com\/sociedad\/tribunales\/tribunal-supremo-condena-fiscal-general-estado-revelacion-secretos_365585102\" rel=\"follow nofollow noopener\" target=\"_self\" title=\"El Tribunal Supremo condena al fiscal general del Estado por revelaci\u00f3n de secretos\"> la sentencia del Tribunal Supremo <\/a>contra el fiscal general del Estado, <strong>\u00c1lvaro Garc\u00eda Ortiz<\/strong>, a quien ha condenado por revelaci\u00f3n de secretos ante la filtraci\u00f3n del correo de la defensa del <strong>novio de Isabel D\u00edaz Ayuso<\/strong>, las reacciones en el mundo medi\u00e1tico y pol\u00edtico no han dejado de sucederse a lo largo de este jueves, siendo las entonadas por algunos rostros conocidos las que han llamado la especial atenci\u00f3n en redes sociales.<\/p>\n<p>Por su parte, el actor <strong>Carlos Bardem<\/strong> ha conjugado dos hechos que han confluido este 20 de noviembre, fecha clave de la historia reciente de nuestro pa\u00eds: \u201c<strong>Lawfare para celebrar el 20N\u201d<\/strong>, ha comenzado, uniendo as\u00ed tanto el fallo del Alto Tribunal con una condena hist\u00f3rica al fiscal general del Estado con <a data-external=\"0\" data-intl-links-es=\"https:\/\/www.elplural.com\/politica\/espana\/agenda-democratica-frente-manifestaciones-ultra-20n-marcado-50-aniversario-fin-franquismo_365511102\" href=\"https:\/\/www.elplural.com\/politica\/espana\/agenda-democratica-frente-manifestaciones-ultra-20n-marcado-50-aniversario-fin-franquismo_365511102\" rel=\"follow nofollow noopener\" target=\"_self\" title=\"Agenda democr\u00e1tica frente a manifestaciones ultra en un 20N marcado por el 50 aniversario del fin del Franquismo\">el 50 aniversario de la muerte del dictador Francisco Franco.<\/a><\/p>\n<p>A rengl\u00f3n seguido, ha a\u00f1adido, en clave ir\u00f3nica y de cr\u00edtica, las siguientes palabras: \u201c<strong>A ver cu\u00e1ndo empieza la Transici\u00f3n<\/strong>\u201d, ha sentenciado a trav\u00e9s de X -antigua Twitter-. Un mensaje que pronto ha ganado m\u00e1s de 6.000 me gusta y cerca de 80.000 visualizaciones en cuesti\u00f3n de horas.<\/p>\n<blockquote class=\"twitter-tweet\">\n<p dir=\"ltr\" lang=\"es\">Lawfare para celebrar el 20N. A ver cu\u00e1ndo empieza la Transici\u00f3n.<\/p>\n<p>\u2014 Carlos Bardem Oficial (@carlosbardem) <a href=\"https:\/\/twitter.com\/carlosbardem\/status\/1991506768195957186?ref_src=twsrc%5Etfw\" rel=\"nofollow noopener\" target=\"_blank\">November 20, 2025<\/a><\/p><\/blockquote>\n<p><b>El Supremo condena a Garc\u00eda Ortiz por revelaci\u00f3n de secretos<\/b><\/p>\n<p>A mediod\u00eda de este jueves ha trascendido la sentencia del Alto Tribunal, instruida por el juez <strong>\u00c1ngel Hurtado,<\/strong> sobre la causa del fiscal general, quien ha terminado siendo condenado por revelaci\u00f3n de secretos, con una pena rebajada de <b>dos a\u00f1os de inhabilitaci\u00f3n para el cargo y a una multa de 7.200 euros<\/b>\u00a0(20 euros diarios durante 12 meses). La sentencia, a\u00fan pendiente de redacci\u00f3n, surtir\u00e1 efecto a partir de su notificaci\u00f3n legal.<\/p>\n<p>La resoluci\u00f3n, cuyo fallo ha tardado tan solo una semana en emitirse -algo ins\u00f3lito en el Supremo,\u00a0incorporar\u00e1\u00a0<b>dos votos particulares emitidos por las magistradas de la Sala II Ana Mar\u00eda Ferrer Garc\u00eda y Susana Polo Garc\u00eda<\/b>\u00a0que disienten de la misma, lo que determina un cambio en la ponencia que la asume el presidente de la Sala<strong> Andr\u00e9s Mart\u00ednez Arrieta.<\/strong><\/p>\n<p>El juicio se inici\u00f3 con motivo de la filtraci\u00f3n del correo de la defensa de Alberto Gonz\u00e1lez Amador envi\u00f3 a la Fiscal\u00eda pidiendo un pacto de conformidad y<strong> reconociendo la comisi\u00f3n de un doble delito fiscal<\/strong> por el que est\u00e1 procesado en juzgados madrile\u00f1os.<\/p>\n<p>En palabras del Gobierno, tras conocer el fallo del Supremo, el ministro de Presidencia, Justicia y Relaciones con las Cortes, <strong>F\u00e9lix Bola\u00f1os,<\/strong> ha comparecido para reiterar que el Ejecutivo de Pedro S\u00e1nchez \u201ctiene el deber legal de respetar el fallo, pero <a data-external=\"0\" data-intl-links-es=\"https:\/\/www.elplural.com\/politica\/espana\/bolanos-incide-deber-moral-gobierno-no-compartir-condena-supremo-fiscal-general_365608102\" href=\"https:\/\/www.elplural.com\/politica\/espana\/bolanos-incide-deber-moral-gobierno-no-compartir-condena-supremo-fiscal-general_365608102\" rel=\"follow nofollow noopener\" target=\"_self\" title=\"Bola\u00f1os incide en el \" deber=\"\" moral=\"\" del=\"\" gobierno=\"\" de=\"\" compartir=\"\" la=\"\" condena=\"\" supremo=\"\" al=\"\" fiscal=\"\" general=\"\" fisc gener>el moral de decir que no lo compartimos<\/a>\u201d. A la par, ha avanzado que, \u201cen los pr\u00f3ximos d\u00edas\u201d, nombrar\u00e1n al sucesor al frente de la Fiscal\u00eda General del Estado.<\/p>\n<p><script async src=\"https:\/\/platform.twitter.com\/widgets.js\" charset=\"utf-8\"><\/script><\/p>\n","protected":false},"excerpt":{"rendered":"Con motivo de la sentencia del Tribunal Supremo contra el fiscal general del Estado, \u00c1lvaro Garc\u00eda Ortiz, a&hellip;\n","protected":false},"author":2,"featured_media":247528,"comment_status":"","ping_status":"","sticky":false,"template":"","format":"standard","meta":{"footnotes":""},"categories":[174],"tags":[255,146,147,25,24,256,23],"class_list":{"0":"post-247527","1":"post","2":"type-post","3":"status-publish","4":"format-standard","5":"has-post-thumbnail","7":"category-famosos","8":"tag-celebrities","9":"tag-entertainment","10":"tag-entretenimiento","11":"tag-es","12":"tag-espana","13":"tag-famosos","14":"tag-spain"},"share_on_mastodon":{"url":"https:\/\/pubeurope.com\/@es\/115586075499551939","error":""},"_links":{"self":[{"href":"https:\/\/www.europesays.com\/es\/wp-json\/wp\/v2\/posts\/247527","targetHints":{"allow":["GET"]}}],"collection":[{"href":"https:\/\/www.europesays.com\/es\/wp-json\/wp\/v2\/posts"}],"about":[{"href":"https:\/\/www.europesays.com\/es\/wp-json\/wp\/v2\/types\/post"}],"author":[{"embeddable":true,"href":"https:\/\/www.europesays.com\/es\/wp-json\/wp\/v2\/users\/2"}],"replies":[{"embeddable":true,"href":"https:\/\/www.europesays.com\/es\/wp-json\/wp\/v2\/comments?post=247527"}],"version-history":[{"count":0,"href":"https:\/\/www.europesays.com\/es\/wp-json\/wp\/v2\/posts\/247527\/revisions"}],"wp:featuredmedia":[{"embeddable":true,"href":"https:\/\/www.europesays.com\/es\/wp-json\/wp\/v2\/media\/247528"}],"wp:attachment":[{"href":"https:\/\/www.europesays.com\/es\/wp-json\/wp\/v2\/media?parent=247527"}],"wp:term":[{"taxonomy":"category","embeddable":true,"href":"https:\/\/www.europesays.com\/es\/wp-json\/wp\/v2\/categories?post=247527"},{"taxonomy":"post_tag","embeddable":true,"href":"https:\/\/www.europesays.com\/es\/wp-json\/wp\/v2\/tags?post=247527"}],"curies":[{"name":"wp","href":"https:\/\/api.w.org\/{rel}","templated":true}]}}