{"id":247529,"date":"2025-11-21T05:38:07","date_gmt":"2025-11-21T05:38:07","guid":{"rendered":"https:\/\/www.europesays.com\/es\/247529\/"},"modified":"2025-11-21T05:38:07","modified_gmt":"2025-11-21T05:38:07","slug":"un-cuadro-de-van-gogh-se-vende-por-627-millones-de-dolares-en-subasta-en-nueva-york","status":"publish","type":"post","link":"https:\/\/www.europesays.com\/es\/247529\/","title":{"rendered":"Un cuadro de Van Gogh se vende por 62,7 millones de d\u00f3lares en subasta en Nueva York"},"content":{"rendered":"<p>               En este cuadro, Van Gogh pinta un conjunto de libros -en su mayor\u00eda de cubiertas amarillas- esparcidos sobre una mesa; de ellos, solo uno abre sus p\u00e1ginas, invitando al espectador a leer.\n            <\/p>\n<p>Un cuadro del holand\u00e9s <strong>Vincent Van Gogh<\/strong>, &#8216;Pilas de novelas parisinas y rosas en un vaso&#8217;, se subast\u00f3 este jueves en la casa Sotheby&#8217;s de Nueva York por 62,7 millones de d\u00f3lares, el segundo precio m\u00e1s alto jam\u00e1s pagado por un bodeg\u00f3n del artista.<\/p>\n<p>La puja se alarg\u00f3 unos diez minutos y fueron cinco postores los que se pelearon por la pintura en el edificio brutalista The Breuer de la Gran Manzana, donde desde hace poco se aloja Sotheby&#8217;s.<\/p>\n<p>En este cuadro, Van Gogh pinta un conjunto de libros -en su mayor\u00eda de cubiertas amarillas- esparcidos sobre una mesa; de ellos, solo uno abre sus p\u00e1ginas, invitando al espectador a leer.<\/p>\n<p>El artista pint\u00f3 este cuadro en los \u00faltimos meses de 1887, hacia el final de su estancia en Par\u00eds, ciudad a la que hab\u00eda llegado en 1886 para vivir con su hermano Theo.<\/p>\n<p>Seg\u00fan la casa de subastas, en aquella \u00e9poca las novelas tama\u00f1o bolsillo de este color eran muy populares en Par\u00eds, pues se trataba de literatura accesible \u00abque la gente le\u00eda de verdad\u00bb.<\/p>\n<p>\u00ab(La pintura) muestra que Van Gogh est\u00e1 inmerso en la cultura parisina y entre la gente de Par\u00eds\u00bb, pero tambi\u00e9n es reflejo de \u00abtodo lo que Van Gogh era capaz\u00bb, apunta la entidad.<\/p>\n<p>Por ello, la obra se convierte en una especie de \u00abautorretrato intelectual\u00bb y \u00abuna ventana a su estado mental\u00bb.<\/p>\n<p>Esta es adem\u00e1s uno de los bodegones -tambi\u00e9n conocidos como naturaleza muerta- m\u00e1s importantes que pint\u00f3 Van Gogh, y tambi\u00e9n es el de mayor tama\u00f1o que ha salido a subasta desde finales de la d\u00e9cada de 1980.<\/p>\n<p>Reflejo de un \u00abcambio radical\u00bb en Van Gogh<\/p>\n<p>En Par\u00eds, el artista conoci\u00f3 a pintores de renombre como Paul Signac, Georges Seurat, Henri de Toulouse-Lautrec y \u00c9mile Bernard, con los que intercambi\u00f3 ideas en caf\u00e9s y tabernas de la ciudad, y tambi\u00e9n pudo ver de cerca obras de impresionistas como Edgar Degas y Claude Monet.<\/p>\n<p>As\u00ed, durante su estancia en la capital francesa, su pr\u00e1ctica art\u00edstica experiment\u00f3 \u00abun cambio radical\u00bb y adopt\u00f3 una paleta de colores vibrantes y \u00abmarcadas variaciones\u00bb, detalla Sotheby&#8217;s.<\/p>\n<p>La pintura que hoy se subast\u00f3 refleja este cambio, pues el color, el tema y la t\u00e9cnica pict\u00f3rica convergen \u00aben el estilo maduro de Van Gogh\u00bb.<\/p>\n<p>Esta obra era la estrella de la venta de la colecci\u00f3n del empresario hotelero y fil\u00e1ntropo Jay Pritzker y su esposa Cindy.<\/p>\n<p>De su colecci\u00f3n tambi\u00e9n se subast\u00f3 hoy otra obra de Van Gogh, &#8216;Jard\u00edn p\u00fablico con bancos&#8217;, por casi tres millones de d\u00f3lares.<\/p>\n<p>Otros de los grandes nombres de la subasta fueron Paul Gauguin, cuya obra &#8216;La Maison du Pen du, gardeuse de vache&#8217; recaud\u00f3 4,9 millones de d\u00f3lares; Wassily Kandinsky y su &#8216;Ins violett&#8217;, con 2,4 millones de d\u00f3lares, o Henri Matisse, con &#8216;Leda y el cisne&#8217;, por 10,4 millones.<\/p>\n<p>En total, Sotheby&#8217;s recaud\u00f3 109,5 millones de d\u00f3lares con esta subasta, seg\u00fan cifras difundidas por la casa. EFE<\/p>\n","protected":false},"excerpt":{"rendered":"En este cuadro, Van Gogh pinta un conjunto de libros -en su mayor\u00eda de cubiertas amarillas- esparcidos sobre&hellip;\n","protected":false},"author":2,"featured_media":247530,"comment_status":"","ping_status":"","sticky":false,"template":"","format":"standard","meta":{"footnotes":""},"categories":[173],"tags":[229,233,231,230,232,234,146,147,25,24,23,23013],"class_list":{"0":"post-247529","1":"post","2":"type-post","3":"status-publish","4":"format-standard","5":"has-post-thumbnail","7":"category-arte-y-diseno","8":"tag-arte","9":"tag-arte-y-diseno","10":"tag-arts","11":"tag-arts-and-design","12":"tag-design","13":"tag-diseno","14":"tag-entertainment","15":"tag-entretenimiento","16":"tag-es","17":"tag-espana","18":"tag-spain","19":"tag-van-gogh"},"share_on_mastodon":{"url":"https:\/\/pubeurope.com\/@es\/115586079290132600","error":""},"_links":{"self":[{"href":"https:\/\/www.europesays.com\/es\/wp-json\/wp\/v2\/posts\/247529","targetHints":{"allow":["GET"]}}],"collection":[{"href":"https:\/\/www.europesays.com\/es\/wp-json\/wp\/v2\/posts"}],"about":[{"href":"https:\/\/www.europesays.com\/es\/wp-json\/wp\/v2\/types\/post"}],"author":[{"embeddable":true,"href":"https:\/\/www.europesays.com\/es\/wp-json\/wp\/v2\/users\/2"}],"replies":[{"embeddable":true,"href":"https:\/\/www.europesays.com\/es\/wp-json\/wp\/v2\/comments?post=247529"}],"version-history":[{"count":0,"href":"https:\/\/www.europesays.com\/es\/wp-json\/wp\/v2\/posts\/247529\/revisions"}],"wp:featuredmedia":[{"embeddable":true,"href":"https:\/\/www.europesays.com\/es\/wp-json\/wp\/v2\/media\/247530"}],"wp:attachment":[{"href":"https:\/\/www.europesays.com\/es\/wp-json\/wp\/v2\/media?parent=247529"}],"wp:term":[{"taxonomy":"category","embeddable":true,"href":"https:\/\/www.europesays.com\/es\/wp-json\/wp\/v2\/categories?post=247529"},{"taxonomy":"post_tag","embeddable":true,"href":"https:\/\/www.europesays.com\/es\/wp-json\/wp\/v2\/tags?post=247529"}],"curies":[{"name":"wp","href":"https:\/\/api.w.org\/{rel}","templated":true}]}}