{"id":247537,"date":"2025-11-21T05:44:10","date_gmt":"2025-11-21T05:44:10","guid":{"rendered":"https:\/\/www.europesays.com\/es\/247537\/"},"modified":"2025-11-21T05:44:10","modified_gmt":"2025-11-21T05:44:10","slug":"europa-urge-a-vacunar-sin-demora-contra-la-gripe-por-la-rapida-expansion-de-la-variante-k","status":"publish","type":"post","link":"https:\/\/www.europesays.com\/es\/247537\/","title":{"rendered":"Europa urge a vacunar sin demora contra la gripe por la r\u00e1pida expansi\u00f3n de la variante K"},"content":{"rendered":"<p data-gtm-element-container=\"modulo-texto-link\" class=\"paragraph\">El Centro Europeo de Prevenci\u00f3n y Control de Enfermedades (ECDC) <a href=\"https:\/\/www.ecdc.europa.eu\/en\/publications-data\/threat-assessment-brief-assessing-risk-influenza-november-2025\" target=\"_blank\" rel=\"noreferrer nofollow noopener\">ha anunciado hoy <\/a>que \u201curge a las personas candidatas a vacunarse [contra la gripe] a que se vacunen sin demora\u201d. La recomendaci\u00f3n de la agencia de vigilancia epidemiol\u00f3gica de la UE se debe a la r\u00e1pida expansi\u00f3n de la nueva variante K del virus de la gripe, que hace prever una epidemia m\u00e1s grave de lo habitual en las pr\u00f3ximas semanas.<\/p>\n<p data-gtm-element-container=\"modulo-texto-link\" class=\"paragraph\">\u201cEste a\u00f1o las detecciones de gripe est\u00e1n aumentando mucho antes de lo habitual, y esto significa que el tiempo es crucial. Si son candidatos a vacunarse, por favor no esperen\u201d, declara en un comunicado Edoardo Colzani, director del grupo de trabajo de gripe en el ECDC.<\/p>\n<p>        Lee tambi\u00e9n<\/p>\n<p>    Josep Corbella<\/p>\n<p>             <img loading=\"lazy\" decoding=\"async\" data-full-src=\"https:\/\/www.lavanguardia.com\/uploads\/2024\/01\/08\/659c23b05fcef.jpeg\" alt=\"Part\u00edculas del virus de la gripe en falso color en que se aprecian las prote\u00ednas de superficie hemaglutinina (rojas) y neuraminidasa (azules)\" width=\"104\" height=\"108\" src=\"https:\/\/www.europesays.com\/es\/wp-content\/uploads\/2025\/11\/659c23b05fcef.r_d.3623-2415.jpeg\" class=\"lazy\"\/><\/p>\n<p data-gtm-element-container=\"modulo-texto-link\" class=\"paragraph\">En Catalunya se prev\u00e9 que a mediados de diciembre se alcance un n\u00famero de contagios similar al de los picos epid\u00e9micos de los \u00faltimos a\u00f1os, ha informado el departament de Salut. Dado que hacen falta unas dos semanas para desarrollar protecci\u00f3n inmunitaria tras recibir la vacuna, cada d\u00eda de retraso en la vacunaci\u00f3n supondr\u00e1 un d\u00eda m\u00e1s de posible exposici\u00f3n al virus en un momento en que la circulaci\u00f3n de la gripe ser\u00e1 intensa.<\/p>\n<p data-gtm-element-container=\"modulo-texto-link\" class=\"paragraph\">En el conjunto de la Uni\u00f3n Europea, los diagn\u00f3sticos de gripe \u201cest\u00e1n aumentando entre tres y cuatro semanas antes que en las dos \u00faltimas temporadas; una cepa de gripe que ha aparecido recientemente, la A(H3N2) subclado K, est\u00e1 provocando la circulaci\u00f3n\u201d del virus, informa el ECDC.<\/p>\n<p>El ECDC se prepara para una epidemia m\u00e1s grave de lo habitual<\/p>\n<p data-gtm-element-container=\"modulo-texto-link\" class=\"paragraph\">Esta nueva variante presenta siete mutaciones respecto a los virus del subtipo H3N2 que circulaban en a\u00f1os anteriores. Las siete mutaciones se concentran en la hemaglutinina, que es la glicoprote\u00edna que el virus utiliza para unirse a las c\u00e9lulas que infecta. El inusual aumento de casos de gripe desde principios de oto\u00f1o sugiere que estas mutaciones han incrementado la capacidad de contagio del virus.<\/p>\n<p data-gtm-element-container=\"modulo-texto-link\" class=\"paragraph\">Adem\u00e1s, el subtipo A(H3N2) de la gripe comporta m\u00e1s complicaciones graves y hospitalizaciones de personas vulnerables que el subtipo A(H1N1), que ha predominado en las \u00faltimas temporadas. No hay indicios de que la variante K cause un cuadro cl\u00ednico m\u00e1s grave que variantes anteriores del subtipo H3N2.<\/p>\n<p data-gtm-element-container=\"modulo-texto-link\" class=\"paragraph\">Pero, dado que la variante K combina m\u00e1s capacidad de contagio y potencial de complicaciones graves, \u201cel ECDC se est\u00e1 preparando para un escenario en que Europa podr\u00eda enfrentarse a una temporada de gripe m\u00e1s grave que anteriormente, especialmente si hay una tasa de vacunaci\u00f3n baja\u201d, se\u00f1ala el centro epidemiol\u00f3gico, que recuerda que \u201cun n\u00famero de infecciones superior al habitual a\u00f1adir\u00eda presi\u00f3n adicional sobre los sistemas sanitarios\u201d. Aun as\u00ed, reconoce que \u201ccontin\u00faa habiendo incertidumbre\u201d sobre el impacto que tendr\u00e1 la epidemia de gripe.\u00a0<\/p>\n<p>        Lee tambi\u00e9n<\/p>\n<p>    Josep Corbella<\/p>\n<p>             <img loading=\"lazy\" decoding=\"async\" data-full-src=\"https:\/\/www.lavanguardia.com\/uploads\/2020\/11\/18\/5fbb94e53f1b2.jpeg\" alt=\"Horizontal\" width=\"104\" height=\"108\" src=\"https:\/\/www.europesays.com\/es\/wp-content\/uploads\/2025\/11\/5fbb94e53f1b2.r_d.517-273.jpeg\" class=\"lazy\"\/><\/p>\n<p data-gtm-element-container=\"modulo-texto-link\" class=\"paragraph\">A\u00fan no se conoce con precisi\u00f3n la eficacia de la vacuna de la gripe de este a\u00f1o frente a la nueva variante. El hecho de que la composici\u00f3n de la vacuna se decidiera antes de la aparici\u00f3n de la variante K hace temer que tenga una eficacia limitada para evitar contagios. Sin embargo, s\u00ed ha mostrado eficacia para prevenir complicaciones graves y hospitalizaciones, seg\u00fan un primer estudio de la Agencia de Salud P\u00fablica del Reino Unido.<\/p>\n<p data-gtm-element-container=\"modulo-texto-link\" class=\"paragraph\">Por ello, \u201clas personas con riesgo elevado de enfermedad grave deber\u00edan ser vacunadas sin demora\u201d, ha recomendado hoy el ECDC. \u201cEstos grupos incluyen personas mayores de 65 a\u00f1os, personas embarazadas, personas con enfermedades subyacentes o cr\u00f3nicas o que est\u00e1n inmunocomprometidas, y personas que viven en entornos cerrados como residencias\u201d.<\/p>\n<p data-gtm-element-container=\"modulo-texto-link\" class=\"paragraph\">Adem\u00e1s, \u201cvac\u00fanese si es un trabajador sanitario o trabaja en una residencia\u201d, a\u00f1ade el ECDC en sus recomendaciones. \u201cVacunarse es una de las maneras m\u00e1s efectivas de protegerse a uno mismo y a las personas de nuestro entorno este invierno\u201d, declara Edoardo Colzani.<\/p>\n<p data-gtm-element-container=\"modulo-texto-link\" class=\"paragraph\">En Catalunya, un 60% de los mayores de 80 a\u00f1os se han vacunado hasta el 9 de noviembre -por lo tanto, un 40% no lo ha hecho-, seg\u00fan datos del departament de Salut. En el grupo de edad de 70-79 a\u00f1os, la tasa de vacunaci\u00f3n cae al 45%. En el grupo de 60-69 a\u00f1os, en que Salut tambi\u00e9n recomienda la vacunaci\u00f3n, el porcentaje es del 25%.<\/p>\n<p data-gtm-element-container=\"modulo-texto-link\" class=\"paragraph\">Aun as\u00ed, el n\u00famero de personas vacunadas ha aumentado un 20% respecto al a\u00f1o pasado, informa Esteve Fern\u00e1ndez, secretario de Salud P\u00fablica de la Generalitat. El n\u00famero de personas vacunadas hasta el 9 de noviembre asciende a 1.177.763, frente a las 977.112 de 2024 en la misma fecha.<\/p>\n","protected":false},"excerpt":{"rendered":"El Centro Europeo de Prevenci\u00f3n y Control de Enfermedades (ECDC) ha anunciado hoy que \u201curge a las personas&hellip;\n","protected":false},"author":2,"featured_media":247538,"comment_status":"","ping_status":"","sticky":false,"template":"","format":"standard","meta":{"footnotes":""},"categories":[92],"tags":[25,24,165,166,23],"class_list":{"0":"post-247537","1":"post","2":"type-post","3":"status-publish","4":"format-standard","5":"has-post-thumbnail","7":"category-salud","8":"tag-es","9":"tag-espana","10":"tag-health","11":"tag-salud","12":"tag-spain"},"share_on_mastodon":{"url":"https:\/\/pubeurope.com\/@es\/115586103262144896","error":""},"_links":{"self":[{"href":"https:\/\/www.europesays.com\/es\/wp-json\/wp\/v2\/posts\/247537","targetHints":{"allow":["GET"]}}],"collection":[{"href":"https:\/\/www.europesays.com\/es\/wp-json\/wp\/v2\/posts"}],"about":[{"href":"https:\/\/www.europesays.com\/es\/wp-json\/wp\/v2\/types\/post"}],"author":[{"embeddable":true,"href":"https:\/\/www.europesays.com\/es\/wp-json\/wp\/v2\/users\/2"}],"replies":[{"embeddable":true,"href":"https:\/\/www.europesays.com\/es\/wp-json\/wp\/v2\/comments?post=247537"}],"version-history":[{"count":0,"href":"https:\/\/www.europesays.com\/es\/wp-json\/wp\/v2\/posts\/247537\/revisions"}],"wp:featuredmedia":[{"embeddable":true,"href":"https:\/\/www.europesays.com\/es\/wp-json\/wp\/v2\/media\/247538"}],"wp:attachment":[{"href":"https:\/\/www.europesays.com\/es\/wp-json\/wp\/v2\/media?parent=247537"}],"wp:term":[{"taxonomy":"category","embeddable":true,"href":"https:\/\/www.europesays.com\/es\/wp-json\/wp\/v2\/categories?post=247537"},{"taxonomy":"post_tag","embeddable":true,"href":"https:\/\/www.europesays.com\/es\/wp-json\/wp\/v2\/tags?post=247537"}],"curies":[{"name":"wp","href":"https:\/\/api.w.org\/{rel}","templated":true}]}}